{"id":78894,"date":"2024-05-05T04:00:00","date_gmt":"2024-05-05T07:00:00","guid":{"rendered":"https:\/\/grandepremio.com\/br\/noticias\/ceo-red-bull-cobra-respeito-toto-wolff-por-conversas-max-verstappen-nao-e-certo\/"},"modified":"2024-05-05T01:57:50","modified_gmt":"2024-05-05T04:57:50","slug":"ceo-red-bull-cobra-respeito-toto-wolff-por-conversas-max-verstappen-nao-e-certo","status":"publish","type":"post","link":"https:\/\/grandepremio.com\/br\/f1\/ceo-red-bull-cobra-respeito-toto-wolff-por-conversas-max-verstappen-nao-e-certo\/","title":{"rendered":"CEO da Red Bull cobra &#8220;respeito&#8221; de Wolff por conversas com Verstappen: &#8220;N\u00e3o \u00e9 certo&#8221;"},"content":{"rendered":"\n<p class=\"wp-block-paragraph\">Os constantes &#8216;flertes&#8217; da <strong>Mercedes<\/strong> com <strong>Max Verstappen<\/strong> n\u00e3o est\u00e3o agradando em nada o diretor-administrativo da <strong>Red Bull<\/strong>, <strong>Oliver Mintzlaff<\/strong>. O empres\u00e1rio alem\u00e3o acusou <strong>Toto Wolff<\/strong> de conduta anti\u00e9tica, e garantiu que o tricampe\u00e3o nunca declarou qualquer interesse em deixar o time de Milton Keynes.<\/p>\n\n\n\n<p class=\"wp-block-paragraph\">Desde que <strong>Lewis Hamilton<\/strong> <a href=\"https:\/\/www.grandepremio.com\/br\/f1\/noticias\/lewis-hamilton-sacramenta-fim-era-f1-troca-mercedes-por-ferrari-2025\/\">anunciou que est\u00e1 de sa\u00edda para a<\/a> <strong>Ferrari<\/strong> em 2025, as Flechas de Prata est\u00e3o ativas no mercado em busca de algu\u00e9m que possa ocupar a vaga deixada pelo heptacampe\u00e3o. Com a crise interna pela qual a Red Bull vem passando, que abrange desde as acusa\u00e7\u00f5es contra <strong>Christian Horner<\/strong> at\u00e9 a disputa por poder envolvendo o consultor <strong>Helmut Marko<\/strong>, Wolff viu uma brecha para <a href=\"https:\/\/www.grandepremio.com\/br\/f1\/noticias\/mercedes-aumenta-carga-mira-salario-recorde-para-tirar-max-verstappen-red-bull\/\">tentar convencer Max a fazer as malas e se mudar para Brackley<\/a>. Rumores recentes chegaram a indicar uma poss\u00edvel reuni\u00e3o entre os representantes da Mercedes e do piloto, informa\u00e7\u00e3o que <a href=\"https:\/\/www.grandepremio.com\/br\/f1\/noticias\/toto-wolff-desmente-reuniao-max-verstappen-diz-que-espectador-adrian-newey\/\">mais tarde foi negada<\/a> por Toto.<\/p>\n\n\n\n<p class=\"wp-block-paragraph\">Nada satisfeito com a situa\u00e7\u00e3o, Mintzlaff resolveu conceder uma rara entrevista ao portal alem\u00e3o <em>Bild<\/em>, onde decidiu falar sobre o assunto e, principalmente, mandar um recado enf\u00e1tico para o comandante da escuderia da estrela de tr\u00eas pontas. <\/p>\n\n\n\n<p class=\"wp-block-paragraph\">&#8220;Entendo a press\u00e3o que Toto Wolff e talvez outras equipes estejam sofrendo depois de anos ficando atr\u00e1s. Mas acho que ele deveria se concentrar em seus desafios, que s\u00e3o muitos&#8221;, declarou o CEO da Red Bull, antes de criticar a conduta anti\u00e9tica de Wolff. &#8220;E tamb\u00e9m tem a ver com respeito. Se eu mantenho conversas com pessoas de outras equipes, isso n\u00e3o \u00e9 certo&#8221;, continuou.<\/p>\n\n\n\n<figure class=\"wp-block-image size-large\"><img decoding=\"async\" src=\"https:\/\/www.grandepremio.com\/br\/wp-content\/uploads\/2024\/05\/SI202405040549_hires_jpeg_24bit_rgb-1024x682.jpg\" alt=\"F1 2024, GP DE MIAMI, ESTADOS UNIDOS, S\u00c1BADO, CLASSIFICA\u00c7\u00c3O, POLE, MAX VERSTAPPEN, RED BULL CONTENT POOL\" class=\"wp-image-809324\"\/><figcaption class=\"wp-element-caption\">Verstappen virou alvo da Mercedes para temporada 2025 da F1 (Foto: Rudy Carezzevoli\/Getty Images)<\/figcaption><\/figure>\n\n\n\n<p class=\"wp-block-paragraph\"><strong><img decoding=\"async\" src=\"https:\/\/a.slack-edge.com\/production-standard-emoji-assets\/14.0\/google-medium\/25b6-fe0f.png\" alt=\":seta_para_frente:\">&nbsp;Inscreva-se nos dois canais do GRANDE PR\u00caMIO no YouTube:&nbsp;<a href=\"https:\/\/www.youtube.com\/channel\/UC9OlHEgxoaY6QY6nWPoiqQg?sub_confirmation=1\" target=\"_blank\" rel=\"noreferrer noopener\">GP<\/a>&nbsp;|&nbsp;<a href=\"https:\/\/www.youtube.com\/channel\/UC9csiS6q_C3C0FYhyr1rnFA?sub_confirmation=1\" target=\"_blank\" rel=\"noreferrer noopener\">GP2<\/a><\/strong><br><strong><img decoding=\"async\" src=\"https:\/\/a.slack-edge.com\/production-standard-emoji-assets\/14.0\/google-medium\/25b6-fe0f.png\" alt=\":seta_para_frente:\">&nbsp;<a href=\"https:\/\/www.twitch.tv\/grandepremio\" target=\"_blank\" rel=\"noreferrer noopener\">Conhe\u00e7a o canal do GRANDE PR\u00caMIO na Twitch clicando aqui!<\/a><\/strong><\/p>\n\n\n\n<p class=\"wp-block-paragraph\">Ainda que o pr\u00f3prio Verstappen tenha dito em algumas oportunidades que <a href=\"https:\/\/www.grandepremio.com\/br\/f1\/noticias\/max-verstappen-rechaca-ida-a-mercedes-diz-nao-ha-motivos-para-deixar-red-bull\/#:~:text=Estamos%20com%20um%20%C3%B3timo%20desempenho,desde%20quando%20assinei%20o%20contrato.\">n\u00e3o tem a inten\u00e7\u00e3o de deixar a Red Bull<\/a>, Oliver fez quest\u00e3o de deixar claro que o neerland\u00eas nunca tocou no assunto e, por isso, n\u00e3o est\u00e1 &#8220;nem um pouco preocupado&#8221; com as chances disso vir a acontecer.<\/p>\n\n\n\n<p class=\"wp-block-paragraph\">&#8220;Max ainda tem um contrato de longo prazo aqui e n\u00e3o disse uma palavra sobre n\u00e3o querer cumpri-lo&#8221;, garantiu o mandat\u00e1rio. &#8220;N\u00e3o estou nem um pouco preocupado com o fato de ele estar considerando uma mudan\u00e7a. As coisas s\u00f3 precisam ficar mais calmas novamente [dentro da equipe]. \u00c9 isso que Max quer \u2014 e \u00e9 isso que n\u00f3s tamb\u00e9m queremos&#8221;, destacou.<\/p>\n\n\n\n<p class=\"wp-block-paragraph\">Mintzlaff tamb\u00e9m foi questionado se ele, por sua vez, enxerga algum motivo que justifique uma poss\u00edvel sa\u00edda de Verstappen da esquadra dos energ\u00e9ticos. &#8220;N\u00e3o. Pelo menos n\u00e3o consigo pensar em nenhum&#8221;, assegurou.<\/p>\n\n\n\n<p class=\"wp-block-paragraph\">&#8220;Max quer o carro mais r\u00e1pido. N\u00f3s temos isso. Max quer se tornar campe\u00e3o mundial. Conosco, ele tem as melhores chances. E Max \u00e9 um cara leal, ele sabe que Christian Horner e Helmut Marko sempre confiaram nele. Ele aprecia isso. Al\u00e9m disso, a Red Bull \u00e9 uma grande marca com a qual ele se identifica extremamente. Portanto, h\u00e1 muitas raz\u00f5es para ficar \u2014 e nenhuma contra&#8221;, finalizou Oliver.<\/p>\n\n\n\n<p class=\"wp-block-paragraph\">O&nbsp;<strong>GRANDE PR\u00caMIO<\/strong>&nbsp;acompanha&nbsp;<strong><a href=\"https:\/\/www.grandepremio.com\/br\/ao-vivo\/f1\/\" target=\"_blank\" rel=\"noreferrer noopener\">AO VIVO e EM&nbsp;<\/a><a href=\"https:\/\/www.grandepremio.com\/br\/ao-vivo\/\" target=\"_blank\" rel=\"noreferrer noopener\">TEMPO REAL<\/a><\/strong>&nbsp;todas as atividades do&nbsp;<strong>GP de Miami de&nbsp;<a href=\"https:\/\/www.grandepremio.com\/br\/f1\/\" target=\"_blank\" rel=\"noreferrer noopener\">F\u00f3rmula 1<\/a>,&nbsp;<\/strong>primeiro de tr\u00eas que acontecem nos Estados Unidos, e transmite classifica\u00e7\u00f5es e corridas oficiais e da sprint em segunda tela, em parceria com a Voz do Esporte, na&nbsp;<strong><a href=\"https:\/\/www.youtube.com\/c\/GrandePremioTV\/streams\" target=\"_blank\" rel=\"noreferrer noopener\">GPTV, o canal do GP no Youtube<\/a><\/strong>. Al\u00e9m disso, debate tudo que aconteceu na pista com o&nbsp;<strong>Briefing<\/strong>&nbsp;ap\u00f3s classifica\u00e7\u00e3o sprint e classifica\u00e7\u00e3o oficial, al\u00e9m de antes e depois da corrida. No domingo (5),&nbsp;<strong>a largada<\/strong>&nbsp;est\u00e1 marcada para as 17h.&nbsp;<\/p>\n\n\n\n<figure class=\"wp-block-embed is-type-video is-provider-youtube wp-block-embed-youtube wp-embed-aspect-16-9 wp-has-aspect-ratio\"><div class=\"wp-block-embed__wrapper\">\n<iframe loading=\"lazy\" title=\"VERSTAPPEN POLE ap\u00f3s VENCER! CORRIDA SPRINT e CLASSIFICA\u00c7\u00c3O da F1 2024 em MIAMI | Briefing\" width=\"500\" height=\"281\" src=\"https:\/\/www.youtube.com\/embed\/4muLnb0kZ6E?feature=oembed\" frameborder=\"0\" allow=\"accelerometer; autoplay; clipboard-write; encrypted-media; gyroscope; picture-in-picture; web-share\" referrerpolicy=\"strict-origin-when-cross-origin\" allowfullscreen><\/iframe>\n<\/div><\/figure>\n","protected":false},"excerpt":{"rendered":"<p>Oliver Mintzlaff ainda afirmou que Toto Wolff deveria se preocupar mais com os desafios enfrentados pela Mercedes, que, de acordo com ele, &#8220;s\u00e3o muitos&#8221;<\/p>\n","protected":false},"author":0,"featured_media":1000809352,"comment_status":"closed","ping_status":"closed","sticky":false,"template":"","format":"standard","meta":{"42wp_featured_image_caption":"","42wp_featured_image_credits":"","42wp_featured_video":"","42wp_featured_image_hidden":false,"42wp_authors_list":[],"footnotes":""},"categories":[2],"tags":[655,5660,969,147,3230,642,160,180,30909,1491,30103,28285,258,203,82,38285,204,150],"42wp_author":[47160],"class_list":["post-78894","post","type-post","status-publish","format-standard","has-post-thumbnail","hentry","category-f1","tag-christian-horner","tag-classificacao","tag-corrida","tag-f1","tag-f1-2024","tag-f1-ao-vivo","tag-f1-tv","tag-formula-1","tag-formula-1-2024","tag-grande-premio","tag-grande-premio-f1","tag-grandepremio","tag-helmut-marko","tag-max-verstappen","tag-mercedes","tag-oliver-mintzlaff","tag-red-bull","tag-toto-wolff","42wp_author-vicente-soella"],"_links":{"self":[{"href":"https:\/\/grandepremio.com\/br\/wp-json\/wp\/v2\/posts\/78894","targetHints":{"allow":["GET"]}}],"collection":[{"href":"https:\/\/grandepremio.com\/br\/wp-json\/wp\/v2\/posts"}],"about":[{"href":"https:\/\/grandepremio.com\/br\/wp-json\/wp\/v2\/types\/post"}],"replies":[{"embeddable":true,"href":"https:\/\/grandepremio.com\/br\/wp-json\/wp\/v2\/comments?post=78894"}],"version-history":[{"count":0,"href":"https:\/\/grandepremio.com\/br\/wp-json\/wp\/v2\/posts\/78894\/revisions"}],"wp:featuredmedia":[{"embeddable":true,"href":"https:\/\/grandepremio.com\/br\/wp-json\/wp\/v2\/media\/1000809352"}],"wp:attachment":[{"href":"https:\/\/grandepremio.com\/br\/wp-json\/wp\/v2\/media?parent=78894"}],"wp:term":[{"taxonomy":"category","embeddable":true,"href":"https:\/\/grandepremio.com\/br\/wp-json\/wp\/v2\/categories?post=78894"},{"taxonomy":"post_tag","embeddable":true,"href":"https:\/\/grandepremio.com\/br\/wp-json\/wp\/v2\/tags?post=78894"},{"taxonomy":"42wp_author","embeddable":true,"href":"https:\/\/grandepremio.com\/br\/wp-json\/wp\/v2\/42wp_author?post=78894"}],"curies":[{"name":"wp","href":"https:\/\/api.w.org\/{rel}","templated":true}]}}