{"id":78968,"date":"2024-05-04T19:36:16","date_gmt":"2024-05-04T22:36:16","guid":{"rendered":"https:\/\/grandepremio.com\/br\/noticias\/oscar-piastri-ve-ferrari-melhor-que-esperado-baixa-expectativas-gp-miami\/"},"modified":"2024-05-04T19:37:39","modified_gmt":"2024-05-04T22:37:39","slug":"oscar-piastri-ve-ferrari-melhor-que-esperado-baixa-expectativas-gp-miami","status":"publish","type":"post","link":"https:\/\/grandepremio.com\/br\/f1\/oscar-piastri-ve-ferrari-melhor-que-esperado-baixa-expectativas-gp-miami\/","title":{"rendered":"Piastri v\u00ea Ferrari \u201cmelhor que o esperado\u201d e baixa expectativas para GP de Miami"},"content":{"rendered":"\n<p class=\"wp-block-paragraph\"><strong>Oscar Piastri<\/strong> tinha boas expectativas quanto ao desempenho da <strong>McLaren <\/strong>para o <strong>GP de Miami<\/strong>, mas sofreu um choque de realidade depois da classifica\u00e7\u00e3o, <a href=\"https:\/\/www.grandepremio.com\/br\/f1\/noticias\/max-verstappen-brilha-hora-certa-conquista-pole-position-gp-miami-charles-leclerc-2o\/\">que aconteceu na tarde deste s\u00e1bado (4)<\/a>. O australiano esperava ter ritmo para fazer frente aos carros da <strong>Ferrari<\/strong>, mas n\u00e3o conseguiu ir al\u00e9m do sexto lugar. Ap\u00f3s a sess\u00e3o que define o grid de largada, o #81 admitiu que as expectativas para a corrida diminu\u00edram de forma consider\u00e1vel.<\/p>\n\n\n\n<p class=\"wp-block-paragraph\">A McLaren, de fato, come\u00e7ou o fim de semana em Miami apresentando um bom desempenho. Tanto que <strong>Lando Norris<\/strong> e Piastri estiveram na ponta durante boa parte da classifica\u00e7\u00e3o sprint. Por\u00e9m, o time de <strong>Woking <\/strong>n\u00e3o conseguiu se encontrar na sess\u00e3o que define o grid de largada e viu o #4 e o #81 ficarem apenas em quinto e sexto, respectivamente.<\/p>\n\n\n\n<p class=\"wp-block-paragraph\">Depois de a Ferrari colocar seus carros no segundo e no terceiro lugar, Piastri admitiu que a McLaren teve um choque de realidade em Miami. O australiano, inclusive, acredita que n\u00e3o vai ser poss\u00edvel ir al\u00e9m do sexto posto em condi\u00e7\u00f5es normais. Afinal, o companheiro est\u00e1 com o carro atualizado e o time italiano e a<strong> Red Bull<\/strong> est\u00e3o um n\u00edvel \u00e0 frente.<\/p>\n\n\n\n<p class=\"wp-block-paragraph\">\u201cEsper\u00e1vamos estar mais perto da Ferrari, mas francamente eles pareciam muito melhores. Sinceramente, vai ser dif\u00edcil na corrida amanh\u00e3. A Red Bull vai ser r\u00e1pida, a Ferrari tamb\u00e9m, e o Lando [Norris] tem algumas atualiza\u00e7\u00f5es no carro. Ent\u00e3o vamos ver o que d\u00e1 para fazer\u201d, finalizou Piastri.<\/p>\n\n\n\n<figure class=\"wp-block-image size-large\"><img decoding=\"async\" src=\"https:\/\/www.grandepremio.com\/br\/wp-content\/uploads\/2024\/05\/miami-2024-f1-classificacao-mclaren-oscar-piastri-02-1024x683.jpeg\" alt=\"\" class=\"wp-image-809204\"\/><figcaption class=\"wp-element-caption\">Oscar Piastri vai largar de sexto no GP de Miami (Foto: McLaren)<\/figcaption><\/figure>\n\n\n\n<p class=\"wp-block-paragraph\">O&nbsp;<strong>GRANDE PR\u00caMIO<\/strong>&nbsp;acompanha&nbsp;<strong><a href=\"https:\/\/www.grandepremio.com\/br\/ao-vivo\/f1\/\" target=\"_blank\" rel=\"noreferrer noopener\">AO VIVO e EM&nbsp;<\/a><a href=\"https:\/\/www.grandepremio.com\/br\/ao-vivo\/\" target=\"_blank\" rel=\"noreferrer noopener\">TEMPO REAL<\/a><\/strong>&nbsp;todas as atividades do&nbsp;<strong>GP de Miami de&nbsp;<a href=\"https:\/\/www.grandepremio.com\/br\/f1\/\" target=\"_blank\" rel=\"noreferrer noopener\">F\u00f3rmula 1<\/a>,&nbsp;<\/strong>primeiro de tr\u00eas que acontecem nos Estados Unidos, e transmite classifica\u00e7\u00f5es e corridas oficiais e da sprint em segunda tela, em parceria com a Voz do Esporte, na&nbsp;<strong><a href=\"https:\/\/www.youtube.com\/c\/GrandePremioTV\/streams\" target=\"_blank\" rel=\"noreferrer noopener\">GPTV, o canal do GP no Youtube<\/a><\/strong>. Al\u00e9m disso, debate tudo que aconteceu na pista com o&nbsp;<strong>Briefing<\/strong>&nbsp;ap\u00f3s classifica\u00e7\u00e3o sprint e classifica\u00e7\u00e3o oficial, al\u00e9m de antes e depois da corrida. No domingo (5),&nbsp;<strong>a largada<\/strong>&nbsp;est\u00e1 marcada para as 17h.&nbsp;<\/p>\n\n\n\n<p class=\"wp-block-paragraph\"><strong><img decoding=\"async\" src=\"https:\/\/a.slack-edge.com\/production-standard-emoji-assets\/14.0\/google-medium\/25b6-fe0f.png\" alt=\":seta_para_frente:\">&nbsp;Inscreva-se nos dois canais do GRANDE PR\u00caMIO no YouTube:&nbsp;<a href=\"https:\/\/www.youtube.com\/channel\/UC9OlHEgxoaY6QY6nWPoiqQg?sub_confirmation=1\" target=\"_blank\" rel=\"noreferrer noopener\">GP<\/a>&nbsp;|&nbsp;<a href=\"https:\/\/www.youtube.com\/channel\/UC9csiS6q_C3C0FYhyr1rnFA?sub_confirmation=1\" target=\"_blank\" rel=\"noreferrer noopener\">GP2<\/a><\/strong><br><strong><img decoding=\"async\" src=\"https:\/\/a.slack-edge.com\/production-standard-emoji-assets\/14.0\/google-medium\/25b6-fe0f.png\" alt=\":seta_para_frente:\">&nbsp;<a href=\"https:\/\/www.twitch.tv\/grandepremio\" target=\"_blank\" rel=\"noreferrer noopener\">Conhe\u00e7a o canal do GRANDE PR\u00caMIO na Twitch clicando aqui!<\/a><\/strong><\/p>\n\n\n\n<figure class=\"wp-block-embed is-type-video is-provider-youtube wp-block-embed-youtube wp-embed-aspect-16-9 wp-has-aspect-ratio\"><div class=\"wp-block-embed__wrapper\">\n<iframe loading=\"lazy\" title=\"VERSTAPPEN POLE ap\u00f3s VENCER! CORRIDA SPRINT e CLASSIFICA\u00c7\u00c3O da F1 2024 em MIAMI | Briefing\" width=\"500\" height=\"281\" src=\"https:\/\/www.youtube.com\/embed\/4muLnb0kZ6E?feature=oembed\" frameborder=\"0\" allow=\"accelerometer; autoplay; clipboard-write; encrypted-media; gyroscope; picture-in-picture; web-share\" referrerpolicy=\"strict-origin-when-cross-origin\" allowfullscreen><\/iframe>\n<\/div><\/figure>\n","protected":false},"excerpt":{"rendered":"<p>Oscar Piastri percebeu que a McLaren est\u00e1 menos competitiva que o esperado em Miami e acredita que vai ser dif\u00edcil ir al\u00e9m do sexto lugar na corrida no domingo<\/p>\n","protected":false},"author":0,"featured_media":1000809203,"comment_status":"closed","ping_status":"closed","sticky":false,"template":"","format":"standard","meta":{"42wp_featured_image_caption":"","42wp_featured_image_credits":"","42wp_featured_video":"","42wp_featured_image_hidden":false,"42wp_authors_list":[],"footnotes":""},"categories":[2],"tags":[3230,30909,873,34737,1491,28285,38002,90,2916,30336],"42wp_author":[47149],"class_list":["post-78968","post","type-post","status-publish","format-standard","has-post-thumbnail","hentry","category-f1","tag-f1-2024","tag-formula-1-2024","tag-gp-de-miami","tag-gp-de-miami-f1","tag-grande-premio","tag-grandepremio","tag-mcl38","tag-mclaren","tag-oscar-piastri","tag-piastri","42wp_author-bernardo-castro"],"_links":{"self":[{"href":"https:\/\/grandepremio.com\/br\/wp-json\/wp\/v2\/posts\/78968","targetHints":{"allow":["GET"]}}],"collection":[{"href":"https:\/\/grandepremio.com\/br\/wp-json\/wp\/v2\/posts"}],"about":[{"href":"https:\/\/grandepremio.com\/br\/wp-json\/wp\/v2\/types\/post"}],"replies":[{"embeddable":true,"href":"https:\/\/grandepremio.com\/br\/wp-json\/wp\/v2\/comments?post=78968"}],"version-history":[{"count":0,"href":"https:\/\/grandepremio.com\/br\/wp-json\/wp\/v2\/posts\/78968\/revisions"}],"wp:featuredmedia":[{"embeddable":true,"href":"https:\/\/grandepremio.com\/br\/wp-json\/wp\/v2\/media\/1000809203"}],"wp:attachment":[{"href":"https:\/\/grandepremio.com\/br\/wp-json\/wp\/v2\/media?parent=78968"}],"wp:term":[{"taxonomy":"category","embeddable":true,"href":"https:\/\/grandepremio.com\/br\/wp-json\/wp\/v2\/categories?post=78968"},{"taxonomy":"post_tag","embeddable":true,"href":"https:\/\/grandepremio.com\/br\/wp-json\/wp\/v2\/tags?post=78968"},{"taxonomy":"42wp_author","embeddable":true,"href":"https:\/\/grandepremio.com\/br\/wp-json\/wp\/v2\/42wp_author?post=78968"}],"curies":[{"name":"wp","href":"https:\/\/api.w.org\/{rel}","templated":true}]}}