{"id":78996,"date":"2024-05-04T18:42:17","date_gmt":"2024-05-04T21:42:17","guid":{"rendered":"https:\/\/grandepremio.com\/br\/noticias\/charles-leclerc-mira-pressionar-max-verstappen-revela-superaquecimento-pneus-miami\/"},"modified":"2024-05-04T18:55:34","modified_gmt":"2024-05-04T21:55:34","slug":"charles-leclerc-mira-pressionar-max-verstappen-revela-superaquecimento-pneus-miami","status":"publish","type":"post","link":"https:\/\/grandepremio.com\/br\/f1\/charles-leclerc-mira-pressionar-max-verstappen-revela-superaquecimento-pneus-miami\/","title":{"rendered":"Leclerc mira &#8220;pressionar&#8221; Verstappen, mas revela superaquecimento dos pneus em Miami"},"content":{"rendered":"\n<p class=\"wp-block-paragraph\"><strong>Charles Leclerc<\/strong> fez o poss\u00edvel e, ao menos, se meteu entre as <strong>Red Bull<\/strong> de <strong>Max Verstappen<\/strong> e <strong>Sergio P\u00e9rez<\/strong>. <a href=\"https:\/\/www.grandepremio.com\/br\/f1\/noticias\/max-verstappen-brilha-hora-certa-conquista-pole-position-gp-miami-charles-leclerc-2o\/\">A segunda posi\u00e7\u00e3o obtida na classifica\u00e7\u00e3o deste s\u00e1bado (4)<\/a> em <strong>Miami<\/strong> foi o que deu para ser feito, afinal, o dom\u00ednio dos taurinos fica mais acentuado a cada corrida que passa.<\/p>\n\n\n\n<p class=\"wp-block-paragraph\">O monegasco volta a largar na primeira fila, algo que n\u00e3o acontecia desde a segunda prova da temporada, na <strong>Ar\u00e1bia Saudita<\/strong>. Ap\u00f3s a sess\u00e3o, Charles analisou sua performance e acredita que a pole n\u00e3o veio gra\u00e7as a falta de rendimento dos pneus nos setores finais da pista.<\/p>\n\n\n\n<p class=\"wp-block-paragraph\">&#8220;Tudo parecia muito no limite. Est\u00e1vamos bem perto at\u00e9 o Q3 e, quando come\u00e7amos a pressionar para ganhar alguns d\u00e9cimos, foi a\u00ed que perdemos tempo, o pneu come\u00e7ou a superaquecer. A corrida amanh\u00e3 ser\u00e1 longa, na prova sprint mostramos um bom ritmo e espero que possamos colocar Max sob press\u00e3o&#8221;, falou.<\/p>\n\n\n\n<p class=\"wp-block-paragraph\">Leclerc tamb\u00e9m foi questionado sobre como fazer para quebrar a sequ\u00eancia de Verstappen na temporada. E acredita ter a f\u00f3rmula certa, mas sabe que ter\u00e1 de deixar tudo e mais um pouco na pista se quiser bater o tricampe\u00e3o.<\/p>\n\n\n\n<figure class=\"wp-block-image size-large\"><img decoding=\"async\" src=\"https:\/\/www.grandepremio.com\/br\/wp-content\/uploads\/2024\/05\/miami-2024-f1-classificacao-ferrari-charles-leclerc-afp-02-1024x683.jpg\" alt=\"\" class=\"wp-image-809158\"\/><figcaption class=\"wp-element-caption\">Leclerc vai dividir a primeira fila com Verstappen em Miami (Foto: AFP)<\/figcaption><\/figure>\n\n\n\n<p class=\"wp-block-paragraph\">&#8220;Precisamos manter o DRS caso n\u00e3o fa\u00e7a a ultrapassagem na curva 1. Por aqui, a asa m\u00f3vel tem um poder incr\u00edvel e, se o perdermos de vista ap\u00f3s a primeira volta, vai ser muito dif\u00edcil. Mas, um passo de cada vez. Tivemos um bom dia por aqui e amanh\u00e3 tentarei ter um ainda melhor&#8221;, completou.<\/p>\n\n\n\n<p class=\"wp-block-paragraph\">O&nbsp;<strong>GRANDE PR\u00caMIO<\/strong>&nbsp;acompanha&nbsp;<strong><a href=\"https:\/\/www.grandepremio.com\/br\/ao-vivo\/f1\/\" target=\"_blank\" rel=\"noreferrer noopener\">AO VIVO e EM&nbsp;<\/a><a href=\"https:\/\/www.grandepremio.com\/br\/ao-vivo\/\" target=\"_blank\" rel=\"noreferrer noopener\">TEMPO REAL<\/a><\/strong>&nbsp;todas as atividades do&nbsp;<strong>GP de Miami de&nbsp;<a href=\"https:\/\/www.grandepremio.com\/br\/f1\/\" target=\"_blank\" rel=\"noreferrer noopener\">F\u00f3rmula 1<\/a>,&nbsp;<\/strong>primeiro de tr\u00eas que acontecem nos Estados Unidos, e transmite classifica\u00e7\u00f5es e corridas oficiais e da sprint em segunda tela, em parceria com a Voz do Esporte, na&nbsp;<strong><a href=\"https:\/\/www.youtube.com\/c\/GrandePremioTV\/streams\" target=\"_blank\" rel=\"noreferrer noopener\">GPTV, o canal do GP no Youtube<\/a><\/strong>. <\/p>\n\n\n\n<p class=\"wp-block-paragraph\">Al\u00e9m disso, debate tudo que aconteceu na pista com o&nbsp;<strong>Briefing<\/strong>&nbsp;ap\u00f3s classifica\u00e7\u00e3o sprint e classifica\u00e7\u00e3o oficial, al\u00e9m de antes e depois da corrida. No domingo (5),&nbsp;<strong>a largada<\/strong>&nbsp;est\u00e1 marcada para as 17h.&nbsp;<\/p>\n\n\n\n<p class=\"wp-block-paragraph\"><strong>&nbsp;Inscreva-se nos dois canais do GRANDE PR\u00caMIO no YouTube:&nbsp;<a href=\"https:\/\/www.youtube.com\/channel\/UC9OlHEgxoaY6QY6nWPoiqQg?sub_confirmation=1\" target=\"_blank\" rel=\"noreferrer noopener\">GP<\/a>&nbsp;|&nbsp;<a href=\"https:\/\/www.youtube.com\/channel\/UC9csiS6q_C3C0FYhyr1rnFA?sub_confirmation=1\" target=\"_blank\" rel=\"noreferrer noopener\">GP2<\/a><\/strong><br><strong>&nbsp;<a href=\"https:\/\/www.twitch.tv\/grandepremio\" target=\"_blank\" rel=\"noreferrer noopener\">Conhe\u00e7a o canal do GRANDE PR\u00caMIO na Twitch clicando aqui!<\/a><\/strong><\/p>\n\n\n\n<figure class=\"wp-block-embed is-type-video is-provider-youtube wp-block-embed-youtube wp-embed-aspect-16-9 wp-has-aspect-ratio\"><div class=\"wp-block-embed__wrapper\">\n<iframe loading=\"lazy\" title=\"VERSTAPPEN POLE ap\u00f3s VENCER! CORRIDA SPRINT e CLASSIFICA\u00c7\u00c3O da F1 2024 em MIAMI | Briefing\" width=\"500\" height=\"281\" src=\"https:\/\/www.youtube.com\/embed\/4muLnb0kZ6E?feature=oembed\" frameborder=\"0\" allow=\"accelerometer; autoplay; clipboard-write; encrypted-media; gyroscope; picture-in-picture; web-share\" referrerpolicy=\"strict-origin-when-cross-origin\" allowfullscreen><\/iframe>\n<\/div><\/figure>\n","protected":false},"excerpt":{"rendered":"<p>Um problema de aquecimentos nos pneus foi a justificativa encontrada por Leclerc para o segundo lugar na classifica\u00e7\u00e3o deste s\u00e1bado<\/p>\n","protected":false},"author":0,"featured_media":1000809200,"comment_status":"closed","ping_status":"closed","sticky":false,"template":"","format":"standard","meta":{"42wp_featured_image_caption":"","42wp_featured_image_credits":"","42wp_featured_video":"","42wp_featured_image_hidden":false,"42wp_authors_list":[],"footnotes":""},"categories":[2],"tags":[26271,209,5273,896,147,3230,207,180,30909,873,1491,28285,30840,203,2470,39351,31473,35129,204,3132,33301],"42wp_author":[47128],"class_list":["post-78996","post","type-post","status-publish","format-standard","has-post-thumbnail","hentry","category-f1","tag-calendario-f1","tag-charles-leclerc","tag-classificacao-f1","tag-estados-unidos","tag-f1","tag-f1-2024","tag-ferrari","tag-formula-1","tag-formula-1-2024","tag-gp-de-miami","tag-grande-premio","tag-grandepremio","tag-horarios-f1","tag-max-verstappen","tag-miami","tag-miami-2024","tag-miami-f1","tag-onde-assistir-f1","tag-red-bull","tag-sergio-perez","tag-temporada-2024-f1","42wp_author-guilherme-bloisi"],"_links":{"self":[{"href":"https:\/\/grandepremio.com\/br\/wp-json\/wp\/v2\/posts\/78996","targetHints":{"allow":["GET"]}}],"collection":[{"href":"https:\/\/grandepremio.com\/br\/wp-json\/wp\/v2\/posts"}],"about":[{"href":"https:\/\/grandepremio.com\/br\/wp-json\/wp\/v2\/types\/post"}],"replies":[{"embeddable":true,"href":"https:\/\/grandepremio.com\/br\/wp-json\/wp\/v2\/comments?post=78996"}],"version-history":[{"count":0,"href":"https:\/\/grandepremio.com\/br\/wp-json\/wp\/v2\/posts\/78996\/revisions"}],"wp:featuredmedia":[{"embeddable":true,"href":"https:\/\/grandepremio.com\/br\/wp-json\/wp\/v2\/media\/1000809200"}],"wp:attachment":[{"href":"https:\/\/grandepremio.com\/br\/wp-json\/wp\/v2\/media?parent=78996"}],"wp:term":[{"taxonomy":"category","embeddable":true,"href":"https:\/\/grandepremio.com\/br\/wp-json\/wp\/v2\/categories?post=78996"},{"taxonomy":"post_tag","embeddable":true,"href":"https:\/\/grandepremio.com\/br\/wp-json\/wp\/v2\/tags?post=78996"},{"taxonomy":"42wp_author","embeddable":true,"href":"https:\/\/grandepremio.com\/br\/wp-json\/wp\/v2\/42wp_author?post=78996"}],"curies":[{"name":"wp","href":"https:\/\/api.w.org\/{rel}","templated":true}]}}