{"id":79040,"date":"2024-05-04T14:43:56","date_gmt":"2024-05-04T17:43:56","guid":{"rendered":"https:\/\/grandepremio.com\/br\/noticias\/charles-leclerc-desgaste-pneus-parelho-busca-pressionar-red-bull-estrategia-miami\/"},"modified":"2024-05-04T14:52:16","modified_gmt":"2024-05-04T17:52:16","slug":"charles-leclerc-desgaste-pneus-parelho-busca-pressionar-red-bull-estrategia-miami","status":"publish","type":"post","link":"https:\/\/grandepremio.com\/br\/f1\/charles-leclerc-desgaste-pneus-parelho-busca-pressionar-red-bull-estrategia-miami\/","title":{"rendered":"Leclerc v\u00ea desgaste de pneus parelho e busca pressionar Red Bull &#8220;na estrat\u00e9gia&#8221; em Miami"},"content":{"rendered":"\n<p class=\"wp-block-paragraph\"><strong>Charles Leclerc<\/strong> saiu da <strong>corrida sprint<\/strong> de <strong>Miami<\/strong>, <a href=\"https:\/\/www.grandepremio.com\/br\/f1\/noticias\/max-verstappen-controla-distancia-charles-leclerc-vence-corrida-sprint-miami\/\">que aconteceu neste s\u00e1bado (4)<\/a>, com uma sensa\u00e7\u00e3o bastante animadora para o domingo. O monegasco da <strong>Ferrari<\/strong> completou a prova em segundo e afirmou que o desgaste de pneus da Ferrari foi bastante semelhante ao da <strong>Red Bull<\/strong>, o que abre oportunidade de tentar bater <strong>Max Verstappen<\/strong>.<\/p>\n\n\n\n<p class=\"wp-block-paragraph\">Leclerc at\u00e9 tentou aproveitar alguma brecha com a boa largada, mas Verstappen n\u00e3o deu chances, fechando a curva 1 na lideran\u00e7a. A diferen\u00e7a final entre os dois foi bem pequena, e Max ainda deixou a pista <a href=\"https:\/\/www.grandepremio.com\/br\/f1\/noticias\/max-verstappen-celebra-pontos-importantes-mas-diz-sprint-miami-nao-foi-perfeita\/\">n\u00e3o t\u00e3o satisfeito<\/a> com a performance do <strong>RB20<\/strong>.<\/p>\n\n\n\n<p class=\"wp-block-paragraph\">O #16 da Ferrari, por sua vez, consegue ver uma luz no fim do t\u00fanel para o resto do fim de semana. &#8220;Tive uma boa largada e depois fiquei por dentro na curva 1. Claro que n\u00e3o queria correr muitos riscos, pois  temos classifica\u00e7\u00e3o mais tarde. Se voc\u00ea bate na sprint, provavelmente fica de fora do restante do dia&#8221;, come\u00e7ou Leclerc.<\/p>\n\n\n\n<p class=\"wp-block-paragraph\">&#8220;Tentei, n\u00f3s dois freamos muito, muito tarde, mas ele conseguiu manter a posi\u00e7\u00e3o. Forcei bastante, mas nas primeiras voltas, eles [Red Bull] tiveram um pouco mais de ritmo&#8221;, completou.<\/p>\n\n\n\n<figure class=\"wp-block-image size-large\"><img decoding=\"async\" src=\"https:\/\/www.grandepremio.com\/br\/wp-content\/uploads\/2024\/05\/miami-2024-f1-sprint-ferrari-charles-leclerc-03-1024x683.jpeg\" alt=\"\" class=\"wp-image-809012\"\/><figcaption class=\"wp-element-caption\">Charles Leclerc ficou em segundo na sprint (Foto: Ferrari)<\/figcaption><\/figure>\n\n\n\n<p class=\"wp-block-paragraph\">Para a classifica\u00e7\u00e3o, Charles espera repetir a performance da sess\u00e3o de sexta-feira, uma vez que o desempenho dos pneus pode colocar a Ferrari em boa posi\u00e7\u00e3o para o GP de Miami, na vis\u00e3o do piloto. <\/p>\n\n\n\n<p class=\"wp-block-paragraph\">&#8220;Tivemos um desgaste semelhante, e a corrida longa ser\u00e1 longa, portanto a classifica\u00e7\u00e3o ser\u00e1 importante para estarmos o mais \u00e0 frente poss\u00edvel. Da\u00ed, tomara que d\u00ea para coloc\u00e1-los sob press\u00e3o com a estrat\u00e9gia&#8221;, concluiu.<\/p>\n\n\n\n<p class=\"wp-block-paragraph\">O\u00a0<strong>GRANDE PR\u00caMIO<\/strong>\u00a0acompanha\u00a0<strong><a href=\"https:\/\/www.grandepremio.com\/br\/ao-vivo\/f1\/\" target=\"_blank\" rel=\"noreferrer noopener\">AO VIVO e EM\u00a0<\/a><a href=\"https:\/\/www.grandepremio.com\/br\/ao-vivo\/\" target=\"_blank\" rel=\"noreferrer noopener\">TEMPO REAL<\/a><\/strong>\u00a0todas as atividades do\u00a0<strong>GP de Miami de\u00a0<a href=\"https:\/\/www.grandepremio.com\/br\/f1\/\" target=\"_blank\" rel=\"noreferrer noopener\">F\u00f3rmula 1<\/a>,\u00a0<\/strong>primeiro de tr\u00eas que acontecem nos Estados Unidos, e transmite classifica\u00e7\u00f5es e corridas oficiais e da sprint em segunda tela, em parceria com a Voz do Esporte, na\u00a0<strong><a href=\"https:\/\/www.youtube.com\/c\/GrandePremioTV\/streams\" target=\"_blank\" rel=\"noreferrer noopener\">GPTV, o canal do GP no Youtube<\/a><\/strong>. Al\u00e9m disso, debate tudo que aconteceu na pista com o\u00a0<strong>Briefing<\/strong>\u00a0ap\u00f3s classifica\u00e7\u00e3o sprint e classifica\u00e7\u00e3o oficial, al\u00e9m de antes e depois da corrida. No s\u00e1bado (4), a classifica\u00e7\u00e3o oficial est\u00e1 marcada para as 17h. Por fim,\u00a0<strong>a largada<\/strong>\u00a0est\u00e1 marcada para as 17h do domingo.\u00a0<\/p>\n\n\n\n<p class=\"wp-block-paragraph\"><strong><img decoding=\"async\" src=\"https:\/\/a.slack-edge.com\/production-standard-emoji-assets\/14.0\/google-medium\/25b6-fe0f.png\" alt=\":seta_para_frente:\">\u00a0Inscreva-se nos dois canais do GRANDE PR\u00caMIO no YouTube:\u00a0<a href=\"https:\/\/www.youtube.com\/channel\/UC9OlHEgxoaY6QY6nWPoiqQg?sub_confirmation=1\" target=\"_blank\" rel=\"noreferrer noopener\">GP<\/a>\u00a0|\u00a0<a href=\"https:\/\/www.youtube.com\/channel\/UC9csiS6q_C3C0FYhyr1rnFA?sub_confirmation=1\" target=\"_blank\" rel=\"noreferrer noopener\">GP2<\/a><\/strong><br><strong><img decoding=\"async\" src=\"https:\/\/a.slack-edge.com\/production-standard-emoji-assets\/14.0\/google-medium\/25b6-fe0f.png\" alt=\":seta_para_frente:\">\u00a0<a href=\"https:\/\/www.twitch.tv\/grandepremio\" target=\"_blank\" rel=\"noreferrer noopener\">Conhe\u00e7a o canal do GRANDE PR\u00caMIO na Twitch clicando aqui!<\/a><\/strong><\/p>\n\n\n\n<figure class=\"wp-block-embed is-type-video is-provider-youtube wp-block-embed-youtube wp-embed-aspect-16-9 wp-has-aspect-ratio\"><div class=\"wp-block-embed__wrapper\">\n<iframe loading=\"lazy\" title=\"FERRARI, ASTON MARTIN ou WILLIAMS? Quais os poss\u00edveis caminhos de NEWEY na F1? | GP \u00e0s 10\" width=\"500\" height=\"281\" src=\"https:\/\/www.youtube.com\/embed\/sI6yqxvRP74?feature=oembed\" frameborder=\"0\" allow=\"accelerometer; autoplay; clipboard-write; encrypted-media; gyroscope; picture-in-picture; web-share\" referrerpolicy=\"strict-origin-when-cross-origin\" allowfullscreen><\/iframe>\n<\/div><\/figure>\n","protected":false},"excerpt":{"rendered":"<p>A expectativa de Charles Leclerc \u00e9 buscar uma posi\u00e7\u00e3o o mais \u00e0 frente poss\u00edvel no grid do GP de Miami para incomodar Max Verstappen<\/p>\n","protected":false},"author":0,"featured_media":1000808999,"comment_status":"closed","ping_status":"closed","sticky":false,"template":"","format":"standard","meta":{"42wp_featured_image_caption":"","42wp_featured_image_credits":"","42wp_featured_video":"","42wp_featured_image_hidden":false,"42wp_authors_list":[],"footnotes":""},"categories":[2],"tags":[26271,209,5273,5921,147,3230,207,180,30909,873,1491,28285,30840,203,2470,39351,31473,35129,204,33301],"42wp_author":[47147],"class_list":["post-79040","post","type-post","status-publish","format-standard","has-post-thumbnail","hentry","category-f1","tag-calendario-f1","tag-charles-leclerc","tag-classificacao-f1","tag-corrida-sprint","tag-f1","tag-f1-2024","tag-ferrari","tag-formula-1","tag-formula-1-2024","tag-gp-de-miami","tag-grande-premio","tag-grandepremio","tag-horarios-f1","tag-max-verstappen","tag-miami","tag-miami-2024","tag-miami-f1","tag-onde-assistir-f1","tag-red-bull","tag-temporada-2024-f1","42wp_author-luana-marino"],"_links":{"self":[{"href":"https:\/\/grandepremio.com\/br\/wp-json\/wp\/v2\/posts\/79040","targetHints":{"allow":["GET"]}}],"collection":[{"href":"https:\/\/grandepremio.com\/br\/wp-json\/wp\/v2\/posts"}],"about":[{"href":"https:\/\/grandepremio.com\/br\/wp-json\/wp\/v2\/types\/post"}],"replies":[{"embeddable":true,"href":"https:\/\/grandepremio.com\/br\/wp-json\/wp\/v2\/comments?post=79040"}],"version-history":[{"count":0,"href":"https:\/\/grandepremio.com\/br\/wp-json\/wp\/v2\/posts\/79040\/revisions"}],"wp:featuredmedia":[{"embeddable":true,"href":"https:\/\/grandepremio.com\/br\/wp-json\/wp\/v2\/media\/1000808999"}],"wp:attachment":[{"href":"https:\/\/grandepremio.com\/br\/wp-json\/wp\/v2\/media?parent=79040"}],"wp:term":[{"taxonomy":"category","embeddable":true,"href":"https:\/\/grandepremio.com\/br\/wp-json\/wp\/v2\/categories?post=79040"},{"taxonomy":"post_tag","embeddable":true,"href":"https:\/\/grandepremio.com\/br\/wp-json\/wp\/v2\/tags?post=79040"},{"taxonomy":"42wp_author","embeddable":true,"href":"https:\/\/grandepremio.com\/br\/wp-json\/wp\/v2\/42wp_author?post=79040"}],"curies":[{"name":"wp","href":"https:\/\/api.w.org\/{rel}","templated":true}]}}