{"id":79102,"date":"2024-05-03T22:25:30","date_gmt":"2024-05-04T01:25:30","guid":{"rendered":"https:\/\/grandepremio.com\/br\/noticias\/mercedes-evita-procurar-desculpas-mira-pontos-sprint-miami\/"},"modified":"2024-05-04T00:25:53","modified_gmt":"2024-05-04T03:25:53","slug":"mercedes-evita-procurar-desculpas-mira-pontos-sprint-miami","status":"publish","type":"post","link":"https:\/\/grandepremio.com\/br\/f1\/mercedes-evita-procurar-desculpas-mira-pontos-sprint-miami\/","title":{"rendered":"Mercedes evita &#8220;procurar desculpas&#8221; e mira pontos na sprint em Miami"},"content":{"rendered":"\n<p class=\"wp-block-paragraph\">Ap\u00f3s ver a sua dupla de pilotos marcar presen\u00e7a no top-10 do \u00fanico treino livre do fim de semana em <strong>Miami<\/strong>, a <strong>Mercedes<\/strong> esperava conquistar um bom resultado <a href=\"https:\/\/www.grandepremio.com\/br\/f1\/noticias\/max-verstappen-anula-rivais-crava-pole-sprint-miami-mercedes-fracassa-formula-1\/\">na classifica\u00e7\u00e3o para a sprint<\/a>, que aconteceu apenas algumas horas depois. No entanto, a hist\u00f3ria foi completamente diferente \u2014 <strong>George Russell<\/strong> <a href=\"https:\/\/www.grandepremio.com\/br\/f1\/noticias\/george-russell-cita-problema-pneus-lamenta-11o-sprint-miami-nada-funcionou\/\">garantiu apenas o 11\u00ba posto no grid<\/a>, com <strong>Lewis Hamilton<\/strong> <a href=\"https:\/\/www.grandepremio.com\/br\/f1\/noticias\/lewis-hamilton-amarga-decepcao-classificacao-sprint-miami-nosso-ritmo-real\/\">logo atr\u00e1s<\/a>, em 12\u00ba.<\/p>\n\n\n\n<p class=\"wp-block-paragraph\">Diretor de engenharia de pista das Flechas de Prata, <strong>Andrew Shovlin<\/strong> admitiu surpresa com o resultado, pois, de acordo com ele, o <strong>W15<\/strong> mostrou bom equil\u00edbrio durante a primeira sess\u00e3o do dia.<\/p>\n\n\n\n<p class=\"wp-block-paragraph\">&#8220;Estamos compreensivelmente desapontados com a forma como o dia de hoje se desenrolou&#8221;, disse o engenheiro ap\u00f3s a classifica\u00e7\u00e3o. &#8220;A equipe trabalhou um programa completo no TL1 e ambos os pilotos ficaram satisfeitos com o equil\u00edbrio do carro&#8221;, lembrou.<\/p>\n\n\n\n<p class=\"wp-block-paragraph\">No entanto, em um movimento parecido com o que foi feito no fim de semana do <strong>GP da China<\/strong>, quando a Mercedes mexeu nos ajustes do carro de Hamilton logo ap\u00f3s o heptacampe\u00e3o cruzar a linha de chegada em segundo na sprint e prejudicou seu ritmo para a classifica\u00e7\u00e3o principal, parece que o mesmo foi feito em Miami.<\/p>\n\n\n\n<figure class=\"wp-block-image size-large\"><img decoding=\"async\" src=\"https:\/\/www.grandepremio.com\/br\/wp-content\/uploads\/2024\/05\/miami-2024-f1-classificacao-sprint-mercedes-george-russell-afp-01-1024x683.jpeg\" alt=\"\" class=\"wp-image-808541\"\/><figcaption class=\"wp-element-caption\">Dupla da Mercedes foi eliminada no SQ2 (Foto: Mercedes)<\/figcaption><\/figure>\n\n\n\n<p class=\"wp-block-paragraph\"><strong><img decoding=\"async\" src=\"https:\/\/a.slack-edge.com\/production-standard-emoji-assets\/14.0\/google-medium\/25b6-fe0f.png\" alt=\":seta_para_frente:\">&nbsp;Inscreva-se nos dois canais do GRANDE PR\u00caMIO no YouTube:&nbsp;<a href=\"https:\/\/www.youtube.com\/channel\/UC9OlHEgxoaY6QY6nWPoiqQg?sub_confirmation=1\" target=\"_blank\" rel=\"noreferrer noopener\">GP<\/a>&nbsp;|&nbsp;<a href=\"https:\/\/www.youtube.com\/channel\/UC9csiS6q_C3C0FYhyr1rnFA?sub_confirmation=1\" target=\"_blank\" rel=\"noreferrer noopener\">GP2<\/a><\/strong><br><strong><img decoding=\"async\" src=\"https:\/\/a.slack-edge.com\/production-standard-emoji-assets\/14.0\/google-medium\/25b6-fe0f.png\" alt=\":seta_para_frente:\">&nbsp;<a href=\"https:\/\/www.twitch.tv\/grandepremio\" target=\"_blank\" rel=\"noreferrer noopener\">Conhe\u00e7a o canal do GRANDE PR\u00caMIO na Twitch clicando aqui!<\/a><\/strong><\/p>\n\n\n\n<p class=\"wp-block-paragraph\">&#8220;Optamos por fazer altera\u00e7\u00f5es relativamente pequenas antes da classifica\u00e7\u00e3o da sprint com o objetivo de manter essa qualidade na sess\u00e3o da tarde. Infelizmente, e como vimos em in\u00fameras ocasi\u00f5es este ano, n\u00e3o fomos capazes de dar o passo que outros deram na sess\u00e3o que mais importava. O pelot\u00e3o estava muito pr\u00f3ximo, mas n\u00e3o vamos procurar desculpas sobre o motivo pelo qual nossos dois carros foram eliminados no SQ2&#8221;, lamentou.<\/p>\n\n\n\n<p class=\"wp-block-paragraph\">&#8220;Precisamos fazer um trabalho melhor para manter o carro na janela certa e entregar o potencial que mostramos nas sess\u00f5es anteriores. O objetivo para a sprint \u00e9 colocar os dois carros nos pontos. Sabemos que ser\u00e1 um desafio, mas estaremos totalmente focados nisso&#8221;, garantiu o diretor da Mercedes, que pretende estudar melhor o b\u00f3lido para as pr\u00f3ximas sess\u00f5es.<\/p>\n\n\n\n<p class=\"wp-block-paragraph\">&#8220;Tamb\u00e9m procuraremos usar a sprint para aprofundar a nossa compreens\u00e3o do carro e coloc\u00e1-lo numa posi\u00e7\u00e3o melhor para a classifica\u00e7\u00e3o e a corrida principal do fim de semana&#8221;, finalizou Shovlin.<\/p>\n\n\n\n<p class=\"wp-block-paragraph\">O\u00a0<strong>GRANDE PR\u00caMIO<\/strong>\u00a0acompanha\u00a0<strong><a href=\"https:\/\/www.grandepremio.com\/br\/ao-vivo\/f1\/\" target=\"_blank\" rel=\"noreferrer noopener\">AO VIVO e EM\u00a0<\/a><a href=\"https:\/\/www.grandepremio.com\/br\/ao-vivo\/\" target=\"_blank\" rel=\"noreferrer noopener\">TEMPO REAL<\/a><\/strong>\u00a0todas as atividades do\u00a0<strong>GP de Miami<\/strong>\u00a0de\u00a0<strong><a href=\"https:\/\/www.grandepremio.com\/br\/f1\/\">F\u00f3rmula 1<\/a>,\u00a0<\/strong>primeiro de tr\u00eas que acontecem nos Estados Unidos, e transmite classifica\u00e7\u00f5es e corridas oficiais e da sprint em segunda tela, em parceria com a Voz do Esporte, na\u00a0<strong><a href=\"https:\/\/www.youtube.com\/c\/GrandePremioTV\/streams\" target=\"_blank\" rel=\"noreferrer noopener\">GPTV, o canal do GP no Youtube<\/a><\/strong>. Al\u00e9m disso, debate tudo que aconteceu na pista com o\u00a0<strong>Briefing<\/strong>\u00a0ap\u00f3s classifica\u00e7\u00e3o sprint e classifica\u00e7\u00e3o oficial, al\u00e9m de antes e depois da corrida. No s\u00e1bado, a\u00a0<strong>corrida sprint<\/strong>\u00a0abre as atividades \u00e0s 13h (de Bras\u00edlia, GMT-3), ao passo que a classifica\u00e7\u00e3o oficial est\u00e1 marcada para as 17h. Por fim,\u00a0<strong>a largada<\/strong>\u00a0est\u00e1 marcada para as 17h do domingo.<\/p>\n\n\n\n<figure class=\"wp-block-embed is-type-video is-provider-youtube wp-block-embed-youtube wp-embed-aspect-16-9 wp-has-aspect-ratio\"><div class=\"wp-block-embed__wrapper\">\n<iframe loading=\"lazy\" title=\"VERSTAPPEN POLE, McLAREN FALHA, MERCEDES MAL: a CLASSIFICA\u00c7\u00c3O SPRINT da F1 2024 em MIAMI | Briefing\" width=\"500\" height=\"281\" src=\"https:\/\/www.youtube.com\/embed\/QHTyNr_thS0?feature=oembed\" frameborder=\"0\" allow=\"accelerometer; autoplay; clipboard-write; encrypted-media; gyroscope; picture-in-picture; web-share\" referrerpolicy=\"strict-origin-when-cross-origin\" allowfullscreen><\/iframe>\n<\/div><\/figure>\n","protected":false},"excerpt":{"rendered":"<p>Diretor de engenharia da Mercedes, Andrew Shovlin admitiu surpresa com o resultado, pois, de acordo com ele, o W15 estava bem equilibrado durante a sess\u00e3o de treino livre, que antecedeu a classifica\u00e7\u00e3o<\/p>\n","protected":false},"author":0,"featured_media":1000808390,"comment_status":"closed","ping_status":"closed","sticky":false,"template":"","format":"standard","meta":{"42wp_featured_image_caption":"","42wp_featured_image_credits":"","42wp_featured_video":"","42wp_featured_image_hidden":false,"42wp_authors_list":[],"footnotes":""},"categories":[2],"tags":[5157,5660,969,147,3230,642,160,180,30909,800,873,36026,1491,30103,28285,87,82,37313],"42wp_author":[47160],"class_list":["post-79102","post","type-post","status-publish","format-standard","has-post-thumbnail","hentry","category-f1","tag-andrew-shovlin","tag-classificacao","tag-corrida","tag-f1","tag-f1-2024","tag-f1-ao-vivo","tag-f1-tv","tag-formula-1","tag-formula-1-2024","tag-george-russell","tag-gp-de-miami","tag-gp-de-miami-2024","tag-grande-premio","tag-grande-premio-f1","tag-grandepremio","tag-lewis-hamilton","tag-mercedes","tag-w15","42wp_author-vicente-soella"],"_links":{"self":[{"href":"https:\/\/grandepremio.com\/br\/wp-json\/wp\/v2\/posts\/79102","targetHints":{"allow":["GET"]}}],"collection":[{"href":"https:\/\/grandepremio.com\/br\/wp-json\/wp\/v2\/posts"}],"about":[{"href":"https:\/\/grandepremio.com\/br\/wp-json\/wp\/v2\/types\/post"}],"replies":[{"embeddable":true,"href":"https:\/\/grandepremio.com\/br\/wp-json\/wp\/v2\/comments?post=79102"}],"version-history":[{"count":0,"href":"https:\/\/grandepremio.com\/br\/wp-json\/wp\/v2\/posts\/79102\/revisions"}],"wp:featuredmedia":[{"embeddable":true,"href":"https:\/\/grandepremio.com\/br\/wp-json\/wp\/v2\/media\/1000808390"}],"wp:attachment":[{"href":"https:\/\/grandepremio.com\/br\/wp-json\/wp\/v2\/media?parent=79102"}],"wp:term":[{"taxonomy":"category","embeddable":true,"href":"https:\/\/grandepremio.com\/br\/wp-json\/wp\/v2\/categories?post=79102"},{"taxonomy":"post_tag","embeddable":true,"href":"https:\/\/grandepremio.com\/br\/wp-json\/wp\/v2\/tags?post=79102"},{"taxonomy":"42wp_author","embeddable":true,"href":"https:\/\/grandepremio.com\/br\/wp-json\/wp\/v2\/42wp_author?post=79102"}],"curies":[{"name":"wp","href":"https:\/\/api.w.org\/{rel}","templated":true}]}}