{"id":79223,"date":"2024-05-03T13:09:13","date_gmt":"2024-05-03T16:09:13","guid":{"rendered":"https:\/\/grandepremio.com\/br\/noticias\/williams-enfim-tem-chassi-sobressalente-miami-tomara-fique-caixa\/"},"modified":"2024-05-03T13:11:17","modified_gmt":"2024-05-03T16:11:17","slug":"williams-enfim-tem-chassi-sobressalente-miami-tomara-fique-caixa","status":"publish","type":"post","link":"https:\/\/grandepremio.com\/br\/f1\/williams-enfim-tem-chassi-sobressalente-miami-tomara-fique-caixa\/","title":{"rendered":"Williams enfim tem chassi sobressalente para Miami, mas &#8220;tomara que fique na caixa&#8221;"},"content":{"rendered":"\n<p class=\"wp-block-paragraph\">A temporada 2024 da <strong>F\u00f3rmula 1<\/strong> teve apenas cinco etapas completadas, mas a <strong>Williams <\/strong>j\u00e1 passou perrengue com os acidentes causados por seus pilotos. Depois de ver <strong>Alexander Albon<\/strong> destruir o <strong>FW46 <\/strong>no primeiro treino livre do <strong>GP da Austr\u00e1lia<\/strong>, a equipe de Grove n\u00e3o tinha um chassi sobressalente \u00e0 disposi\u00e7\u00e3o e precisou disputar a etapa em <strong>Melbourne <\/strong>com apenas um carro. No entanto, esse problema n\u00e3o vai mais assombrar a escuderia. Afinal, o chefe <strong>James Vowles<\/strong> garantiu que a pe\u00e7a suplente est\u00e1 pronta e \u00e0 disposi\u00e7\u00e3o do time para o <strong>GP de Miami<\/strong>.<\/p>\n\n\n\n<p class=\"wp-block-paragraph\">A pancada forte de <strong>Albon <\/strong>no TL1 na Austr\u00e1lia destruiu o chassi, bem como danificou o motor e o c\u00e2mbio do FW46. Como a Williams n\u00e3o tinha um chassi extra e somente poucas pe\u00e7as sobressalentes, n\u00e3o teve como consertar o carro. Assim, o time liderado por Vowles <a href=\"https:\/\/www.grandepremio.com\/br\/f1\/noticias\/williams-age-pragmatismo-tira-logan-sargeant-gp-da-australia-entrega-carro-alexander-albon\/\">precisou agir com pragmatismo<\/a> e entregou o b\u00f3lido de <strong>Logan Sargeant<\/strong> para o anglo-tailand\u00eas.<\/p>\n\n\n\n<p class=\"wp-block-paragraph\">Agora, passados quase dois meses do ocorrido, o chefe da Williams garantiu que o chassi sobressalente est\u00e1 pronto. No entanto, aproveitou o momento para brincar com a situa\u00e7\u00e3o e disse que espera n\u00e3o precisar utiliz\u00e1-lo ao longo da temporada 2024.<\/p>\n\n\n\n<p class=\"wp-block-paragraph\">\u201cO que posso confirmar \u00e9 que, apesar de todos os grandes acidentes que tivemos no in\u00edcio do ano, o terceiro carro est\u00e1 aqui e pronto para rodar tamb\u00e9m. Espero que fique em uma caixa durante as pr\u00f3ximas 18 corridas\u201d, finalizou Vowles.<\/p>\n\n\n\n<figure class=\"wp-block-video\"><video class=\"video-js vjs-big-play-centered\" data-gp-vjs=\"1\" controls poster=\"https:\/\/www.grandepremio.com\/br\/cdn-cgi\/image\/width=893,height=558,fit=contain,gravity=0.5x0.5,quality=75,format=webp\/wp-content\/uploads\/2024\/03\/albon-tl1-australia-poster.jpeg\" src=\"https:\/\/www.grandepremio.com\/br\/wp-content\/uploads\/2024\/03\/albon-tl1-australia.mp4\"><\/video><figcaption class=\"wp-element-caption\">A pancada de Albon durante TL1 na Austr\u00e1lia (V\u00eddeo: Reprodu\u00e7\u00e3o\/F1 TV)<\/figcaption><\/figure>\n\n\n\n<p class=\"wp-block-paragraph\">Ap\u00f3s cinco corridas, a Williams ainda segue zerada no <strong>Mundial de Construtores<\/strong> e teve como melhor resultado o 11\u00ba lugar de Albon nos GPs da Ar\u00e1bia Saudita e da Austr\u00e1lia.<\/p>\n\n\n\n<p class=\"wp-block-paragraph\">O&nbsp;<strong>GRANDE PR\u00caMIO<\/strong>&nbsp;acompanha&nbsp;<strong><a href=\"https:\/\/www.grandepremio.com\/br\/ao-vivo\/f1\/\" target=\"_blank\" rel=\"noreferrer noopener\">AO VIVO e EM&nbsp;<\/a><a href=\"https:\/\/www.grandepremio.com\/br\/ao-vivo\/\" target=\"_blank\" rel=\"noreferrer noopener\">TEMPO REAL<\/a><\/strong>&nbsp;todas as atividades do&nbsp;<strong>GP de Miami<\/strong>&nbsp;de&nbsp;<strong><a href=\"https:\/\/www.grandepremio.com\/br\/f1\/\">F\u00f3rmula 1<\/a>,&nbsp;<\/strong>primeiro de tr\u00eas que acontecem nos Estados Unidos, e transmite classifica\u00e7\u00f5es e corridas oficiais e da sprint em segunda tela, em parceria com a Voz do Esporte, na&nbsp;<strong><a href=\"https:\/\/www.youtube.com\/c\/GrandePremioTV\/streams\" target=\"_blank\" rel=\"noreferrer noopener\">GPTV, o canal do GP no Youtube<\/a><\/strong>. Al\u00e9m disso, debate tudo que aconteceu na pista com o&nbsp;<strong>Briefing<\/strong>&nbsp;ap\u00f3s classifica\u00e7\u00e3o sprint e classifica\u00e7\u00e3o oficial, al\u00e9m de antes e depois da corrida. O&nbsp;<strong>TL1<\/strong>&nbsp;abre o fim de semana de pista na sexta-feira, \u00e0s 13h30 [de Bras\u00edlia, GMT-3), enquanto a&nbsp;<strong>classifica\u00e7\u00e3o sprint<\/strong>&nbsp;acontece a partir das 17h30. No s\u00e1bado, a&nbsp;<strong>corrida sprint<\/strong>&nbsp;abre as atividades \u00e0s 13h, ao passo que a classifica\u00e7\u00e3o oficial est\u00e1 marcada para as 17h. Por fim,&nbsp;<strong>a largada<\/strong>&nbsp;est\u00e1 marcada para as 17h do domingo.<\/p>\n\n\n\n<p class=\"wp-block-paragraph\"><strong><img decoding=\"async\" src=\"https:\/\/a.slack-edge.com\/production-standard-emoji-assets\/14.0\/google-medium\/25b6-fe0f.png\" alt=\":seta_para_frente:\">&nbsp;Inscreva-se nos dois canais do GRANDE PR\u00caMIO no YouTube:&nbsp;<a href=\"https:\/\/www.youtube.com\/channel\/UC9OlHEgxoaY6QY6nWPoiqQg?sub_confirmation=1\" target=\"_blank\" rel=\"noreferrer noopener\">GP<\/a>&nbsp;|&nbsp;<a href=\"https:\/\/www.youtube.com\/channel\/UC9csiS6q_C3C0FYhyr1rnFA?sub_confirmation=1\" target=\"_blank\" rel=\"noreferrer noopener\">GP2<\/a><\/strong><br><strong><img decoding=\"async\" src=\"https:\/\/a.slack-edge.com\/production-standard-emoji-assets\/14.0\/google-medium\/25b6-fe0f.png\" alt=\":seta_para_frente:\">&nbsp;<a href=\"https:\/\/www.twitch.tv\/grandepremio\" target=\"_blank\" rel=\"noreferrer noopener\">Conhe\u00e7a o canal do GRANDE PR\u00caMIO na Twitch clicando aqui!<\/a><\/strong><\/p>\n\n\n\n<figure class=\"wp-block-embed is-type-video is-provider-youtube wp-block-embed-youtube wp-embed-aspect-16-9 wp-has-aspect-ratio\"><div class=\"wp-block-embed__wrapper\">\n<iframe loading=\"lazy\" title=\"RED BULL vai COLAPSAR sem NEWEY? + F1 em Miami | WGP\" width=\"500\" height=\"281\" src=\"https:\/\/www.youtube.com\/embed\/CHoR_cqKIwo?feature=oembed\" frameborder=\"0\" allow=\"accelerometer; autoplay; clipboard-write; encrypted-media; gyroscope; picture-in-picture; web-share\" referrerpolicy=\"strict-origin-when-cross-origin\" allowfullscreen><\/iframe>\n<\/div><\/figure>\n","protected":false},"excerpt":{"rendered":"<p>Ap\u00f3s refor\u00e7ar que a equipe j\u00e1 tem um chassi sobressalente, James Vowles, chefe da Williams, brincou com a situa\u00e7\u00e3o e disse que espera n\u00e3o ter de utiliz\u00e1-lo ao longo da temporada<\/p>\n","protected":false},"author":0,"featured_media":1000794651,"comment_status":"closed","ping_status":"closed","sticky":false,"template":"","format":"standard","meta":{"42wp_featured_image_caption":"","42wp_featured_image_credits":"","42wp_featured_video":"","42wp_featured_image_hidden":false,"42wp_authors_list":[],"footnotes":""},"categories":[2],"tags":[654,873,1491,28285,4149,33636,32945,215,25011,33777],"42wp_author":[47149],"class_list":["post-79223","post","type-post","status-publish","format-standard","has-post-thumbnail","hentry","category-f1","tag-alexander-albon","tag-gp-de-miami","tag-grande-premio","tag-grandepremio","tag-james-vowles","tag-sargeant","tag-vowles","tag-williams","tag-williams-f1","tag-williams-formula-1","42wp_author-bernardo-castro"],"_links":{"self":[{"href":"https:\/\/grandepremio.com\/br\/wp-json\/wp\/v2\/posts\/79223","targetHints":{"allow":["GET"]}}],"collection":[{"href":"https:\/\/grandepremio.com\/br\/wp-json\/wp\/v2\/posts"}],"about":[{"href":"https:\/\/grandepremio.com\/br\/wp-json\/wp\/v2\/types\/post"}],"replies":[{"embeddable":true,"href":"https:\/\/grandepremio.com\/br\/wp-json\/wp\/v2\/comments?post=79223"}],"version-history":[{"count":0,"href":"https:\/\/grandepremio.com\/br\/wp-json\/wp\/v2\/posts\/79223\/revisions"}],"wp:featuredmedia":[{"embeddable":true,"href":"https:\/\/grandepremio.com\/br\/wp-json\/wp\/v2\/media\/1000794651"}],"wp:attachment":[{"href":"https:\/\/grandepremio.com\/br\/wp-json\/wp\/v2\/media?parent=79223"}],"wp:term":[{"taxonomy":"category","embeddable":true,"href":"https:\/\/grandepremio.com\/br\/wp-json\/wp\/v2\/categories?post=79223"},{"taxonomy":"post_tag","embeddable":true,"href":"https:\/\/grandepremio.com\/br\/wp-json\/wp\/v2\/tags?post=79223"},{"taxonomy":"42wp_author","embeddable":true,"href":"https:\/\/grandepremio.com\/br\/wp-json\/wp\/v2\/42wp_author?post=79223"}],"curies":[{"name":"wp","href":"https:\/\/api.w.org\/{rel}","templated":true}]}}