{"id":79238,"date":"2024-05-03T04:30:00","date_gmt":"2024-05-03T07:30:00","guid":{"rendered":"https:\/\/grandepremio.com\/br\/noticias\/george-russell-elogia-lenda-adrian-newey-mas-ignora-saida-red-bull-nao-muda-nossa-vida\/"},"modified":"2024-05-02T21:33:44","modified_gmt":"2024-05-03T00:33:44","slug":"george-russell-elogia-lenda-adrian-newey-mas-ignora-saida-red-bull-nao-muda-nossa-vida","status":"publish","type":"post","link":"https:\/\/grandepremio.com\/br\/f1\/george-russell-elogia-lenda-adrian-newey-mas-ignora-saida-red-bull-nao-muda-nossa-vida\/","title":{"rendered":"Russell elogia &#8220;lenda&#8221; Newey, mas ignora sa\u00edda da Red Bull: &#8220;N\u00e3o muda nossa vida&#8221;"},"content":{"rendered":"\n<p class=\"wp-block-paragraph\">Durante a coletiva de imprensa para o <strong>GP de Miami<\/strong>, realizada na \u00faltima quinta-feira (2), <strong>George Russell<\/strong> foi mais um que n\u00e3o conseguiu escapar das in\u00fameras perguntas elaboradas <a href=\"https:\/\/www.grandepremio.com\/br\/f1\/noticias\/red-bull-confirma-saida-adrian-newey-encerra-casamento-quase-20-anos\/\">sobre a sa\u00edda de<\/a> <strong>Adrian Newey<\/strong> da <strong>Red Bull<\/strong>. Ainda que mostre respeito e classifique o projetista como uma &#8220;lenda&#8221; da <strong>F\u00f3rmula 1<\/strong>, o piloto da <strong>Mercedes<\/strong> garantiu que os melhores engenheiros da categoria ainda se encontram na f\u00e1brica das Flechas de Prata, em Brackley.<\/p>\n\n\n\n<p class=\"wp-block-paragraph\">De fato, a escuderia comandada por <strong>Toto Wolff<\/strong> n\u00e3o parece estar na lista de poss\u00edveis destinos de Newey para a pr\u00f3xima temporada. <strong>Aston Martin<\/strong> e <strong>Ferrari<\/strong> saem como candidatas mais fortes, principalmente a esquadra de Maranello, j\u00e1 que rumores recentes indicam que <strong>Fr\u00e9d\u00e9ric Vasseur<\/strong> <a href=\"https:\/\/www.grandepremio.com\/br\/f1\/noticias\/chefe-ferrari-reune-adrian-newey-anuncio-contratacao-gp-de-miami\/\">se encontrou com Adrian<\/a> em Londres antes de embarcar para Miami, onde a classe rainha compete neste fim de semana. <\/p>\n\n\n\n<p class=\"wp-block-paragraph\">Russell, por sua vez, n\u00e3o parece estar muito preocupado com o que o criador do <strong>RB20<\/strong> vai fazer da vida. &#8220;Ele \u00e9 algu\u00e9m que eu respeito e, claro, \u00e9 uma lenda por tudo o que conquistou no esporte. [Mas a sa\u00edda da Red Bull] n\u00e3o muda nossa vida, a menos que exista um segredo e ele ache que a Mercedes \u00e9&#8230; Quem sabe? N\u00e3o sei&#8221;, divagou o companheiro de <strong>Lewis Hamilton<\/strong>, que ainda elogiou o longo per\u00edodo que Newey passou na rival.<\/p>\n\n\n\n<p class=\"wp-block-paragraph\">&#8220;Acho \u00f3timo ver muita lealdade por um longo tempo. Ele est\u00e1 na equipe deles h\u00e1 20 anos. Da mesma forma que Lewis est\u00e1 na Mercedes h\u00e1 12 anos. \u00c0s vezes as pessoas precisam mudar, e uma mudan\u00e7a \u00e9 um recome\u00e7o para ambas as partes, e ser\u00e1 interessante ver o que acontecer\u00e1 a seguir&#8221;, disse George.<\/p>\n\n\n\n<figure class=\"wp-block-image size-large\"><img decoding=\"async\" src=\"https:\/\/www.grandepremio.com\/br\/wp-content\/uploads\/2024\/05\/SI202404050109-1024x696.jpg\" alt=\"\" class=\"wp-image-808007\"\/><figcaption class=\"wp-element-caption\">Russell n\u00e3o acredita em poss\u00edvel ida de Newey para a Mercedes (Foto: Red Bull Content Pool)<\/figcaption><\/figure>\n\n\n\n<p class=\"wp-block-paragraph\"><strong><img decoding=\"async\" src=\"https:\/\/a.slack-edge.com\/production-standard-emoji-assets\/14.0\/google-medium\/25b6-fe0f.png\" alt=\":seta_para_frente:\">&nbsp;Inscreva-se nos dois canais do GRANDE PR\u00caMIO no YouTube:&nbsp;<a href=\"https:\/\/www.youtube.com\/channel\/UC9OlHEgxoaY6QY6nWPoiqQg?sub_confirmation=1\" target=\"_blank\" rel=\"noreferrer noopener\">GP<\/a>&nbsp;|&nbsp;<a href=\"https:\/\/www.youtube.com\/channel\/UC9csiS6q_C3C0FYhyr1rnFA?sub_confirmation=1\" target=\"_blank\" rel=\"noreferrer noopener\">GP2<\/a><\/strong><br><strong><img decoding=\"async\" src=\"https:\/\/a.slack-edge.com\/production-standard-emoji-assets\/14.0\/google-medium\/25b6-fe0f.png\" alt=\":seta_para_frente:\">&nbsp;<a href=\"https:\/\/www.twitch.tv\/grandepremio\" target=\"_blank\" rel=\"noreferrer noopener\">Conhe\u00e7a o canal do GRANDE PR\u00caMIO na Twitch clicando aqui!<\/a><\/strong><\/p>\n\n\n\n<p class=\"wp-block-paragraph\">Apesar de n\u00e3o querer especular sobre as reais chances do projetista vestir as cores do time da estrela de tr\u00eas pontas em um futuro pr\u00f3ximo, o dono do #63 deixou claro que \u00e9 sempre importante contar com os melhores profissionais, embora ele acredite que o grupo de engenheiros da Mercedes ainda seja o melhor da <strong>F1<\/strong>.<\/p>\n\n\n\n<p class=\"wp-block-paragraph\">&#8220;\u00c9 claro que voc\u00ea quer ter os melhores engenheiros, os melhores pilotos, os melhores mec\u00e2nicos. Voc\u00ea quer que os melhores indiv\u00edduos fa\u00e7am parte de sua equipe. Acho que o time que temos aqui nos \u00faltimos 12 anos, o grupo de engenheiros que fica na sala ao lado, ainda s\u00e3o os engenheiros mais bem-sucedidos que a F1 viu nos \u00faltimos 12, 13 anos&#8221;, elogiou Russell.<\/p>\n\n\n\n<p class=\"wp-block-paragraph\">&#8220;Agora estamos passando por um per\u00edodo em que n\u00e3o estamos obtendo o sucesso que a equipe obteve h\u00e1 alguns anos. Mas tenho f\u00e9 em todos. Nas pessoas que venceram os campeonatos, nos novos engenheiros e nos indiv\u00edduos que fazem parte dessa jornada, para levar a Mercedes de volta ao topo&#8221;, finalizou o piloto de 26 anos.<\/p>\n\n\n\n<p class=\"wp-block-paragraph\">O\u00a0<strong>GRANDE PR\u00caMIO<\/strong>\u00a0acompanha\u00a0<strong><a href=\"https:\/\/www.grandepremio.com\/br\/ao-vivo\/f1\/\" target=\"_blank\" rel=\"noreferrer noopener\">AO VIVO e EM\u00a0<\/a><a href=\"https:\/\/www.grandepremio.com\/br\/ao-vivo\/\" target=\"_blank\" rel=\"noreferrer noopener\">TEMPO REAL<\/a><\/strong>\u00a0todas as atividades do\u00a0<strong>GP de Miami<\/strong>\u00a0de\u00a0<strong><a href=\"https:\/\/www.grandepremio.com\/br\/f1\/\">F\u00f3rmula 1<\/a>,\u00a0<\/strong>primeiro de tr\u00eas que acontecem nos Estados Unidos, e transmite classifica\u00e7\u00f5es e corridas oficiais e da sprint em segunda tela, em parceria com a Voz do Esporte, na\u00a0<strong><a href=\"https:\/\/www.youtube.com\/c\/GrandePremioTV\/streams\" target=\"_blank\" rel=\"noreferrer noopener\">GPTV, o canal do GP no Youtube<\/a><\/strong>. Al\u00e9m disso, debate tudo que aconteceu na pista com o\u00a0<strong>Briefing<\/strong>\u00a0ap\u00f3s classifica\u00e7\u00e3o sprint e classifica\u00e7\u00e3o oficial, al\u00e9m de antes e depois da corrida. O\u00a0<strong>TL1<\/strong>\u00a0abre o fim de semana de pista na sexta-feira, \u00e0s 13h30 [de Bras\u00edlia, GMT-3), enquanto a\u00a0<strong>classifica\u00e7\u00e3o sprint<\/strong>\u00a0acontece a partir das 17h30. No s\u00e1bado, a\u00a0<strong>corrida sprint<\/strong>\u00a0abre as atividades \u00e0s 13h, ao passo que a classifica\u00e7\u00e3o oficial est\u00e1 marcada para as 17h. Por fim,\u00a0<strong>a largada<\/strong>\u00a0est\u00e1 marcada para as 17h do domingo.<\/p>\n\n\n\n<figure class=\"wp-block-embed is-type-video is-provider-youtube wp-block-embed-youtube wp-embed-aspect-16-9 wp-has-aspect-ratio\"><div class=\"wp-block-embed__wrapper\">\n<iframe loading=\"lazy\" title=\"RED BULL vai COLAPSAR sem NEWEY? + F1 em Miami | WGP\" width=\"500\" height=\"281\" src=\"https:\/\/www.youtube.com\/embed\/CHoR_cqKIwo?feature=oembed\" frameborder=\"0\" allow=\"accelerometer; autoplay; clipboard-write; encrypted-media; gyroscope; picture-in-picture; web-share\" referrerpolicy=\"strict-origin-when-cross-origin\" allowfullscreen><\/iframe>\n<\/div><\/figure>\n","protected":false},"excerpt":{"rendered":"<p>George Russell rasgou elogios a Adrian Newey, mas afirmou que os engenheiros mais bem-sucedidos dos \u00faltimos anos na F\u00f3rmula 1 &#8220;ainda est\u00e3o na Mercedes&#8221;<\/p>\n","protected":false},"author":0,"featured_media":1000808270,"comment_status":"closed","ping_status":"closed","sticky":false,"template":"","format":"standard","meta":{"42wp_featured_image_caption":"","42wp_featured_image_credits":"","42wp_featured_video":"","42wp_featured_image_hidden":false,"42wp_authors_list":[],"footnotes":""},"categories":[2],"tags":[3547,5660,969,147,3230,642,160,180,30909,800,873,36026,1491,30103,28285,82,204],"42wp_author":[47160],"class_list":["post-79238","post","type-post","status-publish","format-standard","has-post-thumbnail","hentry","category-f1","tag-adrian-newey","tag-classificacao","tag-corrida","tag-f1","tag-f1-2024","tag-f1-ao-vivo","tag-f1-tv","tag-formula-1","tag-formula-1-2024","tag-george-russell","tag-gp-de-miami","tag-gp-de-miami-2024","tag-grande-premio","tag-grande-premio-f1","tag-grandepremio","tag-mercedes","tag-red-bull","42wp_author-vicente-soella"],"_links":{"self":[{"href":"https:\/\/grandepremio.com\/br\/wp-json\/wp\/v2\/posts\/79238","targetHints":{"allow":["GET"]}}],"collection":[{"href":"https:\/\/grandepremio.com\/br\/wp-json\/wp\/v2\/posts"}],"about":[{"href":"https:\/\/grandepremio.com\/br\/wp-json\/wp\/v2\/types\/post"}],"replies":[{"embeddable":true,"href":"https:\/\/grandepremio.com\/br\/wp-json\/wp\/v2\/comments?post=79238"}],"version-history":[{"count":0,"href":"https:\/\/grandepremio.com\/br\/wp-json\/wp\/v2\/posts\/79238\/revisions"}],"wp:featuredmedia":[{"embeddable":true,"href":"https:\/\/grandepremio.com\/br\/wp-json\/wp\/v2\/media\/1000808270"}],"wp:attachment":[{"href":"https:\/\/grandepremio.com\/br\/wp-json\/wp\/v2\/media?parent=79238"}],"wp:term":[{"taxonomy":"category","embeddable":true,"href":"https:\/\/grandepremio.com\/br\/wp-json\/wp\/v2\/categories?post=79238"},{"taxonomy":"post_tag","embeddable":true,"href":"https:\/\/grandepremio.com\/br\/wp-json\/wp\/v2\/tags?post=79238"},{"taxonomy":"42wp_author","embeddable":true,"href":"https:\/\/grandepremio.com\/br\/wp-json\/wp\/v2\/42wp_author?post=79238"}],"curies":[{"name":"wp","href":"https:\/\/api.w.org\/{rel}","templated":true}]}}