{"id":79301,"date":"2024-05-02T13:55:23","date_gmt":"2024-05-02T16:55:23","guid":{"rendered":"https:\/\/grandepremio.com\/br\/noticias\/ceo-admite-grande-oportunidade-descarta-entrada-andretti-f2-f3\/"},"modified":"2024-05-02T14:40:04","modified_gmt":"2024-05-02T17:40:04","slug":"ceo-admite-grande-oportunidade-descarta-entrada-andretti-f2-f3","status":"publish","type":"post","link":"https:\/\/grandepremio.com\/br\/f2\/ceo-admite-grande-oportunidade-descarta-entrada-andretti-f2-f3\/","title":{"rendered":"CEO v\u00ea &#8220;grande oportunidade&#8221;, mas descarta facilitar entrada de Andretti em F2 e F3"},"content":{"rendered":"\n<p class=\"wp-block-paragraph\">Sem desistir de entrar na <strong>F\u00f3rmula 1<\/strong>, a <strong>Andretti <\/strong>avisou recentemente que tamb\u00e9m tem <strong>F\u00f3rmula 2 <\/strong>e <strong>F\u00f3rmula 3<\/strong> na mira, por\u00e9m o caminho na base est\u00e1 longe de ser mais f\u00e1cil. O CEO das categorias, <strong>Bruno Michel<\/strong>, explicou que mesmo sendo uma \u00f3tima adi\u00e7\u00e3o, a equipe de Indiana teria de passar pelo mesmo processo das demais escuderias, mas avisou que n\u00e3o est\u00e1 disposto a ampliar o grid atual.<\/p>\n\n\n\n<p class=\"wp-block-paragraph\">O interesse da Andretti nas classes de suporte foi manifestado pelo dono da equipe, <strong>Michael Andretti<\/strong>, na ocasi\u00e3o do lan\u00e7amento da unidade em <strong>Silverstone<\/strong>. O norte-americano explicou que o local seria o centro para as corridas europeias. \u201cNosso objetivo \u00e9 ter uma equipe de\u00a0<strong>F\u00f3rmula 3<\/strong>\u00a0e\u00a0<strong><a href=\"https:\/\/www.grandepremio.com\/br\/f2\/\" target=\"_blank\" rel=\"noreferrer noopener\">F\u00f3rmula 2<\/a><\/strong>\u00a0para ajudar a apoiar a equipe de\u00a0<a href=\"https:\/\/www.grandepremio.com\/br\/f1\/\" target=\"_blank\" rel=\"noreferrer noopener\">F1\u00a0<\/a>e, talvez, at\u00e9 mesmo uma equipe do\u00a0<strong>WEC<\/strong>\u00a0(Mundial de Endurance)&#8221;, destacou.<\/p>\n\n\n\n<p class=\"wp-block-paragraph\">S\u00f3 que o tradicional time do automobilismo americano teria de cumprir os mesmos crit\u00e9rios de avalia\u00e7\u00e3o para estar em <strong>F2 <\/strong>e <strong>F3<\/strong>, de acordo com Michel. O dirigente afirmou que n\u00e3o seria poss\u00edvel acelerar a entrada da escuderia americana &#8220;por uma quest\u00e3o de justi\u00e7a com as outras equipes&#8221;.<\/p>\n\n\n\n<p class=\"wp-block-paragraph\">\u201cA maioria das equipes faz parte da F\u00f3rmula 2 h\u00e1 muitos anos. Nas \u00faltimas duas temporadas, houve mudan\u00e7as algumas delas, porque F2 e F3 est\u00e3o se tornando um neg\u00f3cio muito interessante tamb\u00e9m para os propriet\u00e1rios de times&#8221;, acrescentou \u00e0 imprensa.<\/p>\n\n\n\n<figure class=\"wp-block-image size-large\"><img decoding=\"async\" src=\"https:\/\/www.grandepremio.com\/br\/wp-content\/uploads\/2023\/10\/Michael-Andretti-Bommarito-Automotive-Group-500-By_-Joe-Skibinski_Large-Image-Without-Watermark_m91492-1024x683.jpg\" alt=\"\" class=\"wp-image-736388\"\/><figcaption class=\"wp-element-caption\">Michael Andretti manifestou interesse na F2 e na F3 (Foto: Indycar)<\/figcaption><\/figure>\n\n\n\n<p class=\"wp-block-paragraph\">&#8220;Mas tenho de ser justo com as equipes existentes. Claro, Andretti \u00e9 um bom nome e tem um programa interessante. N\u00e3o h\u00e1 equipe americana na F2, ent\u00e3o \u00e9 uma grande oportunidade. Mas ter\u00e1 de passar pelo mesmo processo de todos os outros, caso contr\u00e1rio seria completamente injusto com as equipes existentes&#8221;, completou.<\/p>\n\n\n\n<p class=\"wp-block-paragraph\">A quest\u00e3o, no entanto, \u00e9 um pouco mais complexa, conforme explicou Michel. A F3 conta atualmente com dez equipes, e cada uma possui tr\u00eas carros. S\u00e3o, portanto, 30 pilotos, um grid j\u00e1 inchado e que costuma trazer muita dor de cabe\u00e7a em circuitos mais curtos. Na <strong>\u00c1ustria<\/strong>, por exemplo, <a href=\"https:\/\/www.grandepremio.com\/br\/f3\/noticias\/classificacao-f3-austria-marginal-tiete-engarrafamento-impressionante\/\">a classifica\u00e7\u00e3o do ano passado foi ca\u00f3tica<\/a> quando todos foram ao mesmo tempo \u00e0 pista. Em <strong>M\u00f4naco<\/strong>, que \u00e9 ainda menor, o grid \u00e9 dividido em dois grupos para que n\u00e3o haja engarrafamentos.<\/p>\n\n\n\n<p class=\"wp-block-paragraph\">Esse seria um problema mais f\u00e1cil de ser resolvido na F2, que conta com dois pilotos em cada uma das 11 equipes \u2014 22, portanto, s\u00f3 que se trata de uma categoria mais cara, portanto a inclus\u00e3o de mais equipes implicaria em capacidade financeira para suprir a contrata\u00e7\u00e3o de pilotos.<\/p>\n\n\n\n<p class=\"wp-block-paragraph\">&#8220;No momento, n\u00e3o estou disposto a aumentar o n\u00famero de equipes&#8221;, frisou o CEO. Outro problema \u00e9 a falta de vagas na F1. Nas duas \u00faltimas temporadas, nem mesmo os campe\u00f5es da F2 tiveram lugares, portanto n\u00e3o faria sentido aumentar a quantidade de participa\u00e7\u00f5es no grid da categoria de acesso.<\/p>\n\n\n\n<p class=\"wp-block-paragraph\">A solu\u00e7\u00e3o para a Andretti, ent\u00e3o, seria a mesma para enfim coloc\u00e1-la na F1: vincular-se a um time j\u00e1 presente no grid. &#8220;Eles podem tentar fechar acordo com uma equipe j\u00e1 existente, ou ent\u00e3o podem se candidatar. Sempre h\u00e1 a possibilidade de algum time n\u00e3o continuar ou n\u00e3o ter feito o trabalho adequado, e, nesse caso, h\u00e1 chance de entrar&#8221;, concluiu Michel.<\/p>\n\n\n\n<p class=\"wp-block-paragraph\">A<strong>\u00a0<a href=\"https:\/\/www.grandepremio.com\/br\/f2\/\" target=\"_blank\" rel=\"noreferrer noopener\"><\/a><a href=\"https:\/\/www.grandepremio.com\/br\/f2\/\" target=\"_blank\" rel=\"noreferrer noopener\">F\u00f3rmula 2<\/a>\u00a0<\/strong>retorna em maio, dos dias\u00a0<strong>17 a 19<\/strong>, com a rodada da\u00a0<strong>Em\u00edlia-<a href=\"https:\/\/www.grandepremio.com\/br\/circuito\/roma\/\" target=\"_blank\" rel=\"noreferrer noopener\">Roma<\/a>nha<\/strong>, a primeira da perna europeia da competi\u00e7\u00e3o.<\/p>\n\n\n\n<p class=\"wp-block-paragraph\"><strong><img decoding=\"async\" src=\"https:\/\/a.slack-edge.com\/production-standard-emoji-assets\/14.0\/google-medium\/25b6-fe0f.png\" alt=\":seta_para_frente:\">&nbsp;Inscreva-se nos dois canais do GRANDE PR\u00caMIO no YouTube:&nbsp;<a href=\"https:\/\/www.youtube.com\/channel\/UC9OlHEgxoaY6QY6nWPoiqQg?sub_confirmation=1\" target=\"_blank\" rel=\"noreferrer noopener\">GP<\/a>&nbsp;|&nbsp;<a href=\"https:\/\/www.youtube.com\/channel\/UC9csiS6q_C3C0FYhyr1rnFA?sub_confirmation=1\" target=\"_blank\" rel=\"noreferrer noopener\">GP2<\/a><\/strong><br><strong><img decoding=\"async\" src=\"https:\/\/a.slack-edge.com\/production-standard-emoji-assets\/14.0\/google-medium\/25b6-fe0f.png\" alt=\":seta_para_frente:\">&nbsp;<a href=\"https:\/\/www.twitch.tv\/grandepremio\" target=\"_blank\" rel=\"noreferrer noopener\">Conhe\u00e7a o canal do GRANDE PR\u00caMIO na Twitch clicando aqui!<\/a><\/strong><\/p>\n\n\n\n<figure class=\"wp-block-embed is-type-video is-provider-youtube wp-block-embed-youtube wp-embed-aspect-16-9 wp-has-aspect-ratio\"><div class=\"wp-block-embed__wrapper\">\n<iframe loading=\"lazy\" title=\"RED BULL vai COLAPSAR sem NEWEY? + F1 em Miami | WGP\" width=\"500\" height=\"281\" src=\"https:\/\/www.youtube.com\/embed\/CHoR_cqKIwo?feature=oembed\" frameborder=\"0\" allow=\"accelerometer; autoplay; clipboard-write; encrypted-media; gyroscope; picture-in-picture; web-share\" referrerpolicy=\"strict-origin-when-cross-origin\" allowfullscreen><\/iframe>\n<\/div><\/figure>\n","protected":false},"excerpt":{"rendered":"<p>Bruno Michel, CEO das principais categorias de acesso \u00e0 F\u00f3rmula 1, disse que \u00e9 &#8220;fora de cogita\u00e7\u00e3o&#8221; ampliar os atuais grids de F2 e F3, mas afirmou que a Andretti pode tentar acordo com alguma equipe j\u00e1 existente<\/p>\n","protected":false},"author":0,"featured_media":1000798829,"comment_status":"closed","ping_status":"closed","sticky":false,"template":"","format":"standard","meta":{"42wp_featured_image_caption":"","42wp_featured_image_credits":"","42wp_featured_video":"","42wp_featured_image_hidden":false,"42wp_authors_list":[],"footnotes":""},"categories":[9],"tags":[417,934,29654,30246,111,32189,2208,35969,1491,28285,35029,35030,32190],"42wp_author":[47147],"class_list":["post-79301","post","type-post","status-publish","format-standard","has-post-thumbnail","hentry","category-f2","tag-andretti","tag-bruno-michel","tag-calendario-f2","tag-classificacao-f2","tag-f2","tag-f2-2024","tag-formula-2","tag-formula-2-2024","tag-grande-premio","tag-grandepremio","tag-horarios-f2","tag-onde-assistir-f2","tag-temporada-2024-f2","42wp_author-luana-marino"],"_links":{"self":[{"href":"https:\/\/grandepremio.com\/br\/wp-json\/wp\/v2\/posts\/79301","targetHints":{"allow":["GET"]}}],"collection":[{"href":"https:\/\/grandepremio.com\/br\/wp-json\/wp\/v2\/posts"}],"about":[{"href":"https:\/\/grandepremio.com\/br\/wp-json\/wp\/v2\/types\/post"}],"replies":[{"embeddable":true,"href":"https:\/\/grandepremio.com\/br\/wp-json\/wp\/v2\/comments?post=79301"}],"version-history":[{"count":0,"href":"https:\/\/grandepremio.com\/br\/wp-json\/wp\/v2\/posts\/79301\/revisions"}],"wp:featuredmedia":[{"embeddable":true,"href":"https:\/\/grandepremio.com\/br\/wp-json\/wp\/v2\/media\/1000798829"}],"wp:attachment":[{"href":"https:\/\/grandepremio.com\/br\/wp-json\/wp\/v2\/media?parent=79301"}],"wp:term":[{"taxonomy":"category","embeddable":true,"href":"https:\/\/grandepremio.com\/br\/wp-json\/wp\/v2\/categories?post=79301"},{"taxonomy":"post_tag","embeddable":true,"href":"https:\/\/grandepremio.com\/br\/wp-json\/wp\/v2\/tags?post=79301"},{"taxonomy":"42wp_author","embeddable":true,"href":"https:\/\/grandepremio.com\/br\/wp-json\/wp\/v2\/42wp_author?post=79301"}],"curies":[{"name":"wp","href":"https:\/\/api.w.org\/{rel}","templated":true}]}}