{"id":79367,"date":"2024-05-01T16:24:49","date_gmt":"2024-05-01T19:24:49","guid":{"rendered":"https:\/\/grandepremio.com\/br\/noticias\/congresso-eua-pede-investigacao-veto-entrada-andretti-formula-1\/"},"modified":"2024-05-01T17:00:21","modified_gmt":"2024-05-01T20:00:21","slug":"congresso-eua-pede-investigacao-veto-entrada-andretti-formula-1","status":"publish","type":"post","link":"https:\/\/grandepremio.com\/br\/f1\/congresso-eua-pede-investigacao-veto-entrada-andretti-formula-1\/","title":{"rendered":"Congresso dos EUA pede investiga\u00e7\u00e3o de veto da entrada da Andretti na F\u00f3rmula 1"},"content":{"rendered":"\n<p class=\"wp-block-paragraph\">Depois de ver a candidatura da <strong>Andretti<\/strong> \u00e0 uma vaga na <strong>F\u00f3rmula 1<\/strong> ser rejeitada pela <strong>Formula One Management<\/strong> (<strong>FOM<\/strong>) e equipes, 12 membros do <strong>Congresso dos Estados Unidos<\/strong> enviaram uma carta ao <strong>Liberty Media<\/strong>, grupo que det\u00e9m os direitos comerciais da categoria, exigindo maiores explica\u00e7\u00f5es sobre os motivos do veto. Os pol\u00edticos alegam que tal decis\u00e3o pode estar em desacordo com a lei antitruste norte-americana.<\/p>\n\n\n\n<p class=\"wp-block-paragraph\">Em outubro do ano passado, a <strong>Federa\u00e7\u00e3o Internacional de Automobilismo<\/strong> (<strong>FIA<\/strong>) <a href=\"https:\/\/www.grandepremio.com\/br\/f1\/noticias\/fia-aprova-andretti-entrada-formula-1-depende-discussoes-comerciais\/\">aprovou a entrada<\/a> da Andretti no grid da principal classe do esporte a motor j\u00e1 a partir de <strong>2025<\/strong>. No entanto, em janeiro de 2024, a F\u00f3rmula 1 emitiu um comunicado alegando que &#8220;n\u00e3o acreditamos que a candidata tenha mostrado que agregaria valor ao campeonato&#8221;, <a href=\"https:\/\/www.grandepremio.com\/br\/f1\/noticias\/formula-1-rejeita-entrada-andretti-grid-antes-2028-motor-gm-condicao\/\">negando a entrada do time de<\/a> <strong>Michael Andretti<\/strong> no curto prazo, mas deixando a porta aberta para <strong>2028<\/strong>, caso a <strong>GM<\/strong>, por meio da <strong>Cadillac<\/strong>, concretize a promessa de fabricar um motor pr\u00f3prio e embarque no projeto.<\/p>\n\n\n\n<p class=\"wp-block-paragraph\">Apesar de todas as negativas, o conglomerado americano vem trabalhando arduamente para deixar tudo preparado para uma iminente entrada no grid. Prova maior disso foi a <a href=\"https:\/\/www.grandepremio.com\/br\/f1\/noticias\/andretti-ignora-rejeicao-inaugura-instalacao-silverstone-preparacao-f1\/\">inaugura\u00e7\u00e3o de uma f\u00e1brica em Silverstone<\/a>, no in\u00edcio de abril, e a <a href=\"https:\/\/www.grandepremio.com\/br\/f1\/noticias\/andretti-abre-60-vagas-trabalho-fabrica-silverstone-formula-1-mira\/\">busca por profissionais qualificados<\/a>, al\u00e9m do <a href=\"https:\/\/www.grandepremio.com\/br\/f1\/noticias\/andretti-revela-imagem-carro-tunel-vento-cita-trabalho-duro-estrear-f1\/\">carro constru\u00eddo com as especifica\u00e7\u00f5es do regulamento atual<\/a> e que est\u00e1 em t\u00fanel de vento desde outubro do ano passado.<\/p>\n\n\n\n<p class=\"wp-block-paragraph\">Indignado com as recusas recentes, <strong>Mario Andretti<\/strong>, campe\u00e3o mundial de F1 em 1978 e pai de Michael \u2014 um dos idealizadores do projeto \u2014, visitou o <strong>Capit\u00f3lio dos Estados Unidos<\/strong> no in\u00edcio desta semana e se encontrou com o republicano <strong>John James<\/strong>, um dos 12 signat\u00e1rios da carta. O ex-piloto quer discutir sobre as poss\u00edveis &#8220;a\u00e7\u00f5es anticompetitivas&#8221; por parte da FOM.<\/p>\n\n\n\n<figure class=\"wp-block-image size-large\"><img decoding=\"async\" src=\"https:\/\/www.grandepremio.com\/br\/wp-content\/uploads\/2024\/04\/andretti-silverstone-base-2-1024x682.jpg\" alt=\"\" class=\"wp-image-799675\"\/><figcaption class=\"wp-element-caption\">Andretti inaugurou unidade em Silverstone Park (Foto: Andretti)<\/figcaption><\/figure>\n\n\n\n<p class=\"wp-block-paragraph\">Na carta dirigida ao chefe da Liberty Media, <strong>Greg Maffei<\/strong>, os membros do Congresso &#8220;escrevem para expressar nossas preocupa\u00e7\u00f5es com aparentes a\u00e7\u00f5es anticompetitivas que poderiam impedir duas empresas americanas, <strong>Andretti Global<\/strong> e <strong>General Motors<\/strong>, de competirem na F\u00f3rmula 1&#8243;.<\/p>\n\n\n\n<p class=\"wp-block-paragraph\">Em seguida, eles alegam que a rejei\u00e7\u00e3o da candidatura &#8220;parece ser motivada pela atual presen\u00e7a de equipes europeias na F\u00f3rmula 1, muitas das quais s\u00e3o afiliadas a fabricantes estrangeiras que competem diretamente com empresas automotivas americanas como a GM. \u00c9 injusto e errado tentar impedir que empresas americanas ingressem na categoria, o que tamb\u00e9m poderia violar as leis antitrustes americanas&#8221;.<\/p>\n\n\n\n<p class=\"wp-block-paragraph\">&#8220;A participa\u00e7\u00e3o de todas as equipes de F\u00f3rmula 1, incluindo qualquer equipe americana, deve ser baseada no m\u00e9rito e n\u00e3o apenas limitada \u00e0 prote\u00e7\u00e3o das atuais equipes presentes no grid. Isto se mostra verdadeiro ao considerarmos a presen\u00e7a crescente da F\u00f3rmula 1 nos Estados Unidos, incluindo tr\u00eas eventos: em <strong>Miami<\/strong>, Fl\u00f3rida; <strong>Austin<\/strong>, Texas; e <strong>Las Vegas<\/strong>, Nevada&#8221;, enfatizaram.<\/p>\n\n\n\n<p class=\"wp-block-paragraph\">&#8220;Continuamos a exercer supervis\u00e3o sobre este assunto, e com os reguladores federais apropriados, para garantir que quaisquer potenciais viola\u00e7\u00f5es \u00e0 lei anticoncorrencial dos Estados Unidos sejam rapidamente investigadas e perseguidas&#8221;, finalizaram.<\/p>\n\n\n\n<figure class=\"wp-block-image size-large\"><img decoding=\"async\" src=\"https:\/\/www.grandepremio.com\/br\/wp-content\/uploads\/2024\/05\/john-james-andretti-1024x647.jpg\" alt=\"\" class=\"wp-image-807958\"\/><figcaption class=\"wp-element-caption\">O republicano John James \u00e9 um dos que assinaram a carta (Foto: AP)<\/figcaption><\/figure>\n\n\n\n<p class=\"wp-block-paragraph\">A&nbsp;<strong><a href=\"https:\/\/www.grandepremio.com\/br\/f1\/\" target=\"_blank\" rel=\"noreferrer noopener\"><\/a><a href=\"https:\/\/www.grandepremio.com\/br\/f1\/\" target=\"_blank\" rel=\"noreferrer noopener\">F\u00f3rmula 1<\/a>&nbsp;<\/strong>retorna de 3 a 5 de maio para a disputa do&nbsp;<strong>GP de&nbsp;<a href=\"https:\/\/www.grandepremio.com\/br\/circuito\/miami\/\" target=\"_blank\" rel=\"noreferrer noopener\">Miami<\/a><\/strong>, o primeiro de tr\u00eas que acontecem nos&nbsp;<strong>Estados Unidos<\/strong>&nbsp;na temporada 2024.<\/p>\n\n\n\n<p class=\"wp-block-paragraph\" style=\"font-size:30px\">Questionamentos dos 12 signat\u00e1rios da carta:<\/p>\n\n\n\n<p class=\"wp-block-paragraph\"><em>1. Sob que autoridade a FOM procede para rejeitar a admiss\u00e3o da Andretti Global? Qual \u00e9 a raz\u00e3o para a rejei\u00e7\u00e3o por parte da FOM, especialmente no que diz respeito \u00e0 Andretti Global e \u00e0 GM, sendo potencialmente a primeira equipe de propriedade totalmente americana?<\/em><\/p>\n\n\n\n<p class=\"wp-block-paragraph\"><em>2. A Lei Antitruste Sherman de 1890 pro\u00edbe restri\u00e7\u00f5es irracionais \u00e0 concorr\u00eancia de mercado para produzir o melhor resultado para o consumidor americano. Como \u00e9 que a nega\u00e7\u00e3o da FOM \u00e0 Andretti Global e \u00e0 GM, empresas de propriedade americana, se enquadra nos requisitos da Lei Sherman, uma vez que a decis\u00e3o beneficiar\u00e1 as atuais equipes europeias e as suas afiliadas estrangeiras?<\/em><\/p>\n\n\n\n<p class=\"wp-block-paragraph\"><em>3. Entendemos que a GM pretende reintroduzir a sua marca Cadillac no mercado europeu, o que daria suporte a milhares de empregos no setor automotivo americano, especialmente com o p\u00fablico mundial da F\u00f3rmula 1 e o seu efeito nas equipes e patrocinadores. Quanto a entrada da GM e da Andretti nas competi\u00e7\u00f5es de automobilismo, conquistando uma parte da participa\u00e7\u00e3o no mercado de corridas, e a entrada da GM no mercado europeu, conquistando a participa\u00e7\u00e3o de mercado, influenciaram a decis\u00e3o de negar a admiss\u00e3o \u00e0 equipe Andretti Global, dado o clamor p\u00fablico das atuais equipes da F\u00f3rmula 1 contra uma nova competidora americana?<\/em><\/p>\n\n\n\n<p class=\"wp-block-paragraph\"><strong><img decoding=\"async\" src=\"https:\/\/a.slack-edge.com\/production-standard-emoji-assets\/14.0\/google-medium\/25b6-fe0f.png\" alt=\":seta_para_frente:\">&nbsp;Inscreva-se nos dois canais do GRANDE PR\u00caMIO no YouTube:&nbsp;<a href=\"https:\/\/www.youtube.com\/channel\/UC9OlHEgxoaY6QY6nWPoiqQg?sub_confirmation=1\" target=\"_blank\" rel=\"noreferrer noopener\">GP<\/a>&nbsp;|&nbsp;<a href=\"https:\/\/www.youtube.com\/channel\/UC9csiS6q_C3C0FYhyr1rnFA?sub_confirmation=1\" target=\"_blank\" rel=\"noreferrer noopener\">GP2<\/a><\/strong><br><strong><img decoding=\"async\" src=\"https:\/\/a.slack-edge.com\/production-standard-emoji-assets\/14.0\/google-medium\/25b6-fe0f.png\" alt=\":seta_para_frente:\">&nbsp;<a href=\"https:\/\/www.twitch.tv\/grandepremio\" target=\"_blank\" rel=\"noreferrer noopener\">Conhe\u00e7a o canal do GRANDE PR\u00caMIO na Twitch clicando aqui!<\/a><\/strong><\/p>\n\n\n\n<figure class=\"wp-block-embed is-type-video is-provider-youtube wp-block-embed-youtube wp-embed-aspect-16-9 wp-has-aspect-ratio\"><div class=\"wp-block-embed__wrapper\">\n<iframe loading=\"lazy\" title=\"NEWEY FORA da RED BULL + WOLFF NEGA REUNI\u00c3O com VERSTAPPEN | Paddock Sprint\" width=\"500\" height=\"281\" src=\"https:\/\/www.youtube.com\/embed\/tS6jd8LT74c?feature=oembed\" frameborder=\"0\" allow=\"accelerometer; autoplay; clipboard-write; encrypted-media; gyroscope; picture-in-picture; web-share\" referrerpolicy=\"strict-origin-when-cross-origin\" allowfullscreen><\/iframe>\n<\/div><\/figure>\n","protected":false},"excerpt":{"rendered":"<p>12 membros do Congresso dos Estados Unidos acusaram a F\u00f3rmula 1 de &#8220;a\u00e7\u00f5es anticompetitivas&#8221; por terem vetado a entrada da Andretti no grid da categoria<\/p>\n","protected":false},"author":0,"featured_media":1000593181,"comment_status":"closed","ping_status":"closed","sticky":false,"template":"","format":"standard","meta":{"42wp_featured_image_caption":"","42wp_featured_image_credits":"","42wp_featured_video":"","42wp_featured_image_hidden":false,"42wp_authors_list":[],"footnotes":""},"categories":[2],"tags":[417,27776,34186,27487,35624,37759,5660,8235,37760,969,147,3230,642,11958,160,37761,103,4838,180,30909,1491,30103,28285,714,531],"42wp_author":[47160],"class_list":["post-79367","post","type-post","status-publish","format-standard","has-post-thumbnail","hentry","category-f1","tag-andretti","tag-assistir-f1-ao-vivo","tag-assistir-f1-gratis","tag-assistir-f1-online","tag-calendario-f1-2024","tag-calendario-f1-2024-horarios","tag-classificacao","tag-classificacao-da-f1","tag-classificacao-f1-2024","tag-corrida","tag-f1","tag-f1-2024","tag-f1-ao-vivo","tag-f1-live","tag-f1-tv","tag-f1-tv-2024","tag-fia","tag-fom","tag-formula-1","tag-formula-1-2024","tag-grande-premio","tag-grande-premio-f1","tag-grandepremio","tag-liberty-media","tag-mario-andretti","42wp_author-vicente-soella"],"_links":{"self":[{"href":"https:\/\/grandepremio.com\/br\/wp-json\/wp\/v2\/posts\/79367","targetHints":{"allow":["GET"]}}],"collection":[{"href":"https:\/\/grandepremio.com\/br\/wp-json\/wp\/v2\/posts"}],"about":[{"href":"https:\/\/grandepremio.com\/br\/wp-json\/wp\/v2\/types\/post"}],"replies":[{"embeddable":true,"href":"https:\/\/grandepremio.com\/br\/wp-json\/wp\/v2\/comments?post=79367"}],"version-history":[{"count":0,"href":"https:\/\/grandepremio.com\/br\/wp-json\/wp\/v2\/posts\/79367\/revisions"}],"wp:featuredmedia":[{"embeddable":true,"href":"https:\/\/grandepremio.com\/br\/wp-json\/wp\/v2\/media\/1000593181"}],"wp:attachment":[{"href":"https:\/\/grandepremio.com\/br\/wp-json\/wp\/v2\/media?parent=79367"}],"wp:term":[{"taxonomy":"category","embeddable":true,"href":"https:\/\/grandepremio.com\/br\/wp-json\/wp\/v2\/categories?post=79367"},{"taxonomy":"post_tag","embeddable":true,"href":"https:\/\/grandepremio.com\/br\/wp-json\/wp\/v2\/tags?post=79367"},{"taxonomy":"42wp_author","embeddable":true,"href":"https:\/\/grandepremio.com\/br\/wp-json\/wp\/v2\/42wp_author?post=79367"}],"curies":[{"name":"wp","href":"https:\/\/api.w.org\/{rel}","templated":true}]}}