{"id":79423,"date":"2024-05-01T09:02:24","date_gmt":"2024-05-01T12:02:24","guid":{"rendered":"https:\/\/grandepremio.com\/br\/noticias\/ex-chefe-decide-processar-haas-uso-indevido-imagem-falta-pagamentos\/"},"modified":"2024-05-01T09:02:36","modified_gmt":"2024-05-01T12:02:36","slug":"ex-chefe-decide-processar-haas-uso-indevido-imagem-falta-pagamentos","status":"publish","type":"post","link":"https:\/\/grandepremio.com\/br\/f1\/ex-chefe-decide-processar-haas-uso-indevido-imagem-falta-pagamentos\/","title":{"rendered":"Ex-chefe decide processar Haas por \u201cuso indevido de imagem\u201d e falta de pagamentos"},"content":{"rendered":"\n<p class=\"wp-block-paragraph\">A rela\u00e7\u00e3o de <strong>Guenther Steiner<\/strong> com a <strong>Haas <\/strong>n\u00e3o terminou de forma t\u00e3o amistosa quanto o ex-chefe deu a entender em algumas de suas declara\u00e7\u00f5es. Apesar de <a href=\"https:\/\/www.grandepremio.com\/br\/f1\/noticias\/ex-chefe-feliz-bom-comeco-haas-2024-nao-tenho-ressentimentos\/\">n\u00e3o ter ressentimento por ter sido demitido<\/a> da equipe no in\u00edcio do ano, o antigo dirigente est\u00e1 correndo atr\u00e1s de seus direitos e levou o time \u00e0 justi\u00e7a por \u201cuso indevido de imagem.\u201d<\/p>\n\n\n\n<p class=\"wp-block-paragraph\">Enquanto esteve no comando da Haas, Steiner se destacou por ser uma figura carism\u00e1tica e se tornou uma das grandes estrelas da s\u00e9rie \u2018<strong>Drive to Survive<\/strong>\u2019, produzida pela <strong>Netflix<\/strong>. A popularidade de Guenther, naturalmente, aumentou a visibilidade da equipe, que passou a contar com mais f\u00e3s e, consequentemente, novos patrocinadores.<\/p>\n\n\n\n<p class=\"wp-block-paragraph\">Os patrocinadores, inclusive, foram essenciais para a perman\u00eancia da Haas no grid, uma vez que ela \u00e9 uma das menores equipes da F\u00f3rmula 1 e possivelmente a que mais enfrenta dificuldades financeiras. E ainda que n\u00e3o esteja mais \u00e0 frente do comando das opera\u00e7\u00f5es, Steiner acredita que a escuderia segue se beneficiando do uso de sua imagem.<\/p>\n\n\n\n<p class=\"wp-block-paragraph\">\u201cA Haas F1 optou por n\u00e3o renovar o contrato de trabalho de [Guenther] Steiner e este era o seu direito. Mas a equipe n\u00e3o pode se recusar a pagar os devidos valores sob seu contrato de trabalho, depois de anos aceitando os benef\u00edcios da reputa\u00e7\u00e3o, experi\u00eancia e conex\u00f5es profundas de Steiner dentro do esporte\u201d, apontou um documento judicial apresentado na Carolina do Norte, nos Estados Unidos.<\/p>\n\n\n\n<figure class=\"wp-block-image size-large\"><img decoding=\"async\" src=\"https:\/\/www.grandepremio.com\/br\/wp-content\/uploads\/2023\/11\/las-vegas-2023-f1-treino-livre-haas-guenther-steiner-afp-01-1024x682.jpg\" alt=\"\" class=\"wp-image-754915\"\/><figcaption class=\"wp-element-caption\">Guenther Steiner se tornou uma figura carism\u00e1tica no paddock da F1 quando estava na Haas (Foto: AFP)<\/figcaption><\/figure>\n\n\n\n<p class=\"wp-block-paragraph\">\u201cA Haas F1 foi frequentemente apresentada na s\u00e9rie [Drive to Survive], e a presen\u00e7a do Steiner atraiu cada vez mais f\u00e3s para a equipe. Essa exposi\u00e7\u00e3o foi extremamente valiosa, especialmente porque buscava fontes de receita adicionais para se sustentar no ambiente notoriamente caro da F\u00f3rmula 1. A Haas F1 n\u00e3o tem o direito de usar o nome, imagem e semelhan\u00e7a do Steiner ou de explor\u00e1-los em qualquer forma de m\u00eddia ap\u00f3s o t\u00e9rmino de seu contrato de trabalho\u201d, finalizou o documento.<\/p>\n\n\n\n<p class=\"wp-block-paragraph\">Agora comandada por Ayao Komatsu, a Haas apresenta um bom come\u00e7o de temporada na F1 2024 e ocupa a s\u00e9tima posi\u00e7\u00e3o no <strong>Mundial de Construtores<\/strong> com cinco pontos somados em cinco etapas. A\u00a0<strong><a href=\"https:\/\/www.grandepremio.com\/br\/f1\/\" target=\"_blank\" rel=\"noreferrer noopener\"><\/a><a href=\"https:\/\/www.grandepremio.com\/br\/f1\/\" target=\"_blank\" rel=\"noreferrer noopener\">F\u00f3rmula 1<\/a>\u00a0<\/strong>retorna de 3 a 5 de maio para a disputa do\u00a0<strong>GP de\u00a0<a href=\"https:\/\/www.grandepremio.com\/br\/circuito\/miami\/\" target=\"_blank\" rel=\"noreferrer noopener\">Miami<\/a><\/strong>, o primeiro de tr\u00eas que acontecem nos\u00a0<strong>Estados Unidos<\/strong>\u00a0na temporada 2024.<\/p>\n\n\n\n<p class=\"wp-block-paragraph\"><strong><img decoding=\"async\" src=\"https:\/\/a.slack-edge.com\/production-standard-emoji-assets\/14.0\/google-medium\/25b6-fe0f.png\" alt=\":seta_para_frente:\">\u00a0Inscreva-se nos dois canais do GRANDE PR\u00caMIO no YouTube:\u00a0<a href=\"https:\/\/www.youtube.com\/channel\/UC9OlHEgxoaY6QY6nWPoiqQg?sub_confirmation=1\" target=\"_blank\" rel=\"noreferrer noopener\">GP<\/a>\u00a0|\u00a0<a href=\"https:\/\/www.youtube.com\/channel\/UC9csiS6q_C3C0FYhyr1rnFA?sub_confirmation=1\" target=\"_blank\" rel=\"noreferrer noopener\">GP2<\/a><\/strong><br><strong><img decoding=\"async\" src=\"https:\/\/a.slack-edge.com\/production-standard-emoji-assets\/14.0\/google-medium\/25b6-fe0f.png\" alt=\":seta_para_frente:\">\u00a0<a href=\"https:\/\/www.twitch.tv\/grandepremio\" target=\"_blank\" rel=\"noreferrer noopener\">Conhe\u00e7a o canal do GRANDE PR\u00caMIO na Twitch clicando aqui!<\/a><\/strong><\/p>\n\n\n\n<figure class=\"wp-block-embed is-type-video is-provider-youtube wp-block-embed-youtube wp-embed-aspect-16-9 wp-has-aspect-ratio\"><div class=\"wp-block-embed__wrapper\">\n<iframe loading=\"lazy\" title=\"NEWEY FORA da RED BULL + WOLFF NEGA REUNI\u00c3O com VERSTAPPEN | Paddock Sprint\" width=\"500\" height=\"281\" src=\"https:\/\/www.youtube.com\/embed\/tS6jd8LT74c?feature=oembed\" frameborder=\"0\" allow=\"accelerometer; autoplay; clipboard-write; encrypted-media; gyroscope; picture-in-picture; web-share\" referrerpolicy=\"strict-origin-when-cross-origin\" allowfullscreen><\/iframe>\n<\/div><\/figure>\n","protected":false},"excerpt":{"rendered":"<p>Guenther Steiner acredita que a Haas segue se beneficiando do uso de sua imagem. Por isso, processou a equipe que hoje \u00e9 liderada por Ayao Komatsu<\/p>\n","protected":false},"author":0,"featured_media":1000681074,"comment_status":"closed","ping_status":"closed","sticky":false,"template":"","format":"standard","meta":{"42wp_featured_image_caption":"","42wp_featured_image_credits":"","42wp_featured_video":"","42wp_featured_image_hidden":false,"42wp_authors_list":[],"footnotes":""},"categories":[2],"tags":[7499,147,3230,180,1491,28285,1490,119,14495,7048],"42wp_author":[47149],"class_list":["post-79423","post","type-post","status-publish","format-standard","has-post-thumbnail","hentry","category-f1","tag-ayao-komatsu","tag-f1","tag-f1-2024","tag-formula-1","tag-grande-premio","tag-grandepremio","tag-guenther-steiner","tag-haas","tag-haas-f1","tag-steiner","42wp_author-bernardo-castro"],"_links":{"self":[{"href":"https:\/\/grandepremio.com\/br\/wp-json\/wp\/v2\/posts\/79423","targetHints":{"allow":["GET"]}}],"collection":[{"href":"https:\/\/grandepremio.com\/br\/wp-json\/wp\/v2\/posts"}],"about":[{"href":"https:\/\/grandepremio.com\/br\/wp-json\/wp\/v2\/types\/post"}],"replies":[{"embeddable":true,"href":"https:\/\/grandepremio.com\/br\/wp-json\/wp\/v2\/comments?post=79423"}],"version-history":[{"count":0,"href":"https:\/\/grandepremio.com\/br\/wp-json\/wp\/v2\/posts\/79423\/revisions"}],"wp:featuredmedia":[{"embeddable":true,"href":"https:\/\/grandepremio.com\/br\/wp-json\/wp\/v2\/media\/1000681074"}],"wp:attachment":[{"href":"https:\/\/grandepremio.com\/br\/wp-json\/wp\/v2\/media?parent=79423"}],"wp:term":[{"taxonomy":"category","embeddable":true,"href":"https:\/\/grandepremio.com\/br\/wp-json\/wp\/v2\/categories?post=79423"},{"taxonomy":"post_tag","embeddable":true,"href":"https:\/\/grandepremio.com\/br\/wp-json\/wp\/v2\/tags?post=79423"},{"taxonomy":"42wp_author","embeddable":true,"href":"https:\/\/grandepremio.com\/br\/wp-json\/wp\/v2\/42wp_author?post=79423"}],"curies":[{"name":"wp","href":"https:\/\/api.w.org\/{rel}","templated":true}]}}