{"id":7945,"date":"2026-06-07T13:54:46","date_gmt":"2026-06-07T16:54:46","guid":{"rendered":"https:\/\/grandepremio.com\/br\/2026\/06\/07\/globo-bate-sbt-lidera-audiencia-transmissao-gp-de-monaco-f1\/"},"modified":"2026-06-07T13:58:58","modified_gmt":"2026-06-07T16:58:58","slug":"globo-bate-sbt-lidera-audiencia-transmissao-gp-de-monaco-f1","status":"publish","type":"post","link":"https:\/\/grandepremio.com\/br\/f1\/globo-bate-sbt-lidera-audiencia-transmissao-gp-de-monaco-f1\/","title":{"rendered":"Globo bate SBT e lidera audi\u00eancia com transmiss\u00e3o do GP de M\u00f4naco de F1"},"content":{"rendered":"\n<p class=\"wp-block-paragraph\">A transmiss\u00e3o do <strong>GP de M\u00f4naco<\/strong>, que teve vit\u00f3ria dominante de <strong>Andrea Kimi Antonelli<\/strong> com direito a <strong>Grand Chelem<\/strong>, rendeu \u00e0 <strong>Globo <\/strong>a lideran\u00e7a na audi\u00eancia da TV na manh\u00e3 deste domingo (7). Segundo dados obtidos pelo <strong>GRANDE PR\u00caMIO<\/strong> com fontes do mercado, a transmiss\u00e3o da prova em <strong>Monte Carlo<\/strong> registrou m\u00e9dia de 8.3 pontos na <strong>Grande S\u00e3o Paulo<\/strong>.<\/p>\n\n\n\n<p class=\"wp-block-paragraph\">O <strong>SBT<\/strong>, com a transmiss\u00e3o de \u2018<strong>Not\u00edcias Interessantes<\/strong>\u2019, \u2018<strong>Telesena<\/strong>\u2019 e \u2018<strong>Domingo Legal<\/strong>\u2019 ficou distante na vice-lideran\u00e7a com 2.7 pontos e sequer amea\u00e7ou a <strong>Globo<\/strong>. A <strong>Record<\/strong>, que exibiu \u2018<strong>Todo mundo odeia o Chris<\/strong>&#8216; e \u2018<strong>O Alvo 2<\/strong>\u2019 no \u2018<strong>Cine Maior<\/strong>\u2019 foi a terceira emissora com maior audi\u00eancia ao registrar 2.1 pontos.<\/p>\n\n\n\n<figure class=\"wp-block-embed is-type-video is-provider-youtube wp-block-embed-youtube wp-embed-aspect-16-9 wp-has-aspect-ratio\"><div class=\"wp-block-embed__wrapper\">\n<iframe loading=\"lazy\" title=\"GP M\u00d4NACO F1 2026: PORRE, CAOS E VIT\u00d3RIA DE ANTONELLI [narra\u00e7\u00e3o + Briefing grande premio]\" width=\"500\" height=\"281\" src=\"https:\/\/www.youtube.com\/embed\/Z_oJrMEq2TE?feature=oembed\" frameborder=\"0\" allow=\"accelerometer; autoplay; clipboard-write; encrypted-media; gyroscope; picture-in-picture; web-share\" referrerpolicy=\"strict-origin-when-cross-origin\" allowfullscreen><\/iframe>\n<\/div><\/figure>\n\n\n\n<p class=\"wp-block-paragraph\">Por fim, a <strong>Band<\/strong>, antiga casa da <strong>F1<\/strong>, ficou com o quarto lugar com a transmiss\u00e3o de \u2018<strong>A Virada de Chave<\/strong>\u2019, \u2018<strong>Viva Sorte<\/strong>\u2019 e \u2018S<strong>how do Esporte<\/strong>\u2019 no mesmo hor\u00e1rio do <strong>GP de M\u00f4naco<\/strong>, que rendeu 0,3 ponto de audi\u00eancia.<\/p>\n\n\n\n<p class=\"wp-block-paragraph\">O <strong>GP de M\u00f4naco<\/strong> marcou a quinta vit\u00f3ria consecutiva de <strong>Antonelli <\/strong>na <strong>F1 2026<\/strong>. Com isso, o italiano vai a 156 pontos e abre 64 pontos de vantagem para o vice <strong>Lewis Hamilton<\/strong>. <strong>George Russell<\/strong>, que terminou fora dos pontos, tem 91 tentos e \u00e9 terceiro colocado com uma desvantagem de 65 pontos para o companheiro de equipe.<\/p>\n\n\n\n<p class=\"wp-block-paragraph\">A&nbsp;<strong>F\u00f3rmula 1&nbsp;<\/strong>volta de&nbsp;<strong>12 a 14 de junho&nbsp;<\/strong>com o&nbsp;<strong>GP de Barcelona<\/strong>, s\u00e9timo da temporada 2026.<\/p>\n\n\n\n<p class=\"wp-block-paragraph\">\u25b6\ufe0f<strong>F1:\u00a0<a href=\"https:\/\/www.grandepremio.com\/br\/f1\/calendario\/\">confira o calend\u00e1rio completo de 2026<\/a><\/strong><br>\u25b6\ufe0f<strong>Inscreva-se nos dois canais do GRANDE PR\u00caMIO no YouTube:\u00a0<a href=\"https:\/\/www.youtube.com\/channel\/UC9OlHEgxoaY6QY6nWPoiqQg?sub_confirmation=1\">GP<\/a>\u00a0|\u00a0<a href=\"https:\/\/www.youtube.com\/channel\/UC9csiS6q_C3C0FYhyr1rnFA?sub_confirmation=1\">GPTV<\/a><\/strong><\/p>\n\n\n\n<h2 class=\"wp-block-heading\" id=\"h-f1-hoje-saiba-aqui-as-noticias-mais-importantes-do-dia-da-formula-1\"><strong>F1 hoje: saiba aqui as not\u00edcias mais importantes do dia da F\u00f3rmula 1<\/strong><\/h2>\n\n\n\n<p class=\"wp-block-paragraph\">A reda\u00e7\u00e3o do&nbsp;<strong>GRANDE PR\u00caMIO<\/strong>&nbsp;selecionou as not\u00edcias mais importantes das \u00faltimas horas para voc\u00ea ficar por dentro de tudo que acontece na F1.<\/p>\n\n\n\n<p class=\"wp-block-paragraph\"><strong><a href=\"https:\/\/www.grandepremio.com\/br\/f1\/noticias\/andrea-kimi-antonelli-faz-barba-cabelo-bigode-vence-gp-monaco-tumultuado-falha-asfalto\/\">\u25b6\ufe0fAntonelli faz barba, cabelo e bigode e vence GP de M\u00f4naco tumultuado por falha no asfalto<\/a><\/strong><br>\u25b6\ufe0f<strong><a href=\"https:\/\/www.grandepremio.com\/br\/f1\/noticias\/andrea-kimi-antonelli-sobra-monaco-dispara-lideranca-confira-classificacao-f1-2026\/\">Antonelli sobra em M\u00f4naco e dispara na lideran\u00e7a. Confira classifica\u00e7\u00e3o da F1 2026<\/a><\/strong><br>\u25b6\ufe0f<a href=\"https:\/\/www.grandepremio.com\/br\/f1\/noticias\/andrea-kimi-antonelli-vira-piloto-mais-jovem-marcar-grand-chelem-f1-apos-dominio-monaco\/\"><strong>Antonelli vira piloto mais jovem a marcar Grand Chelem na F1 ap\u00f3s dom\u00ednio em M\u00f4naco<\/strong><\/a><br>\u25b6\ufe0f<strong><a href=\"https:\/\/www.grandepremio.com\/br\/f1\/noticias\/f1-paralisa-gp-de-monaco-apos-asfalto-desfazer-provocar-acidentes-lance-stroll-charles-leclerc\/\">F1 paralisa GP de M\u00f4naco ap\u00f3s asfalto se desfazer e provocar acidentes<\/a><\/strong><br>\u25b6\ufe0f<strong><a href=\"https:\/\/www.grandepremio.com\/br\/f1\/noticias\/max-verstappen-fala-motor-engasgando-detalha-problemas-red-bull-monaco\/\">Verstappen fala em \u201cmotor engasgando\u201d e detalha problemas com Red Bull em M\u00f4naco<\/a><\/strong><\/p>\n","protected":false},"excerpt":{"rendered":"<p>A Globo se isolou na lideran\u00e7a com 8.3 pontos de audi\u00eancia durante o GP de M\u00f4naco, sexta etapa da temporada 2026 da F\u00f3rmula 1. Concorrente mais pr\u00f3ximo, o SBT registrou apenas 2.7 pontos<\/p>\n","protected":false},"author":0,"featured_media":1001096471,"comment_status":"closed","ping_status":"closed","sticky":false,"template":"","format":"standard","meta":{"42wp_featured_image_caption":"","42wp_featured_image_credits":"","42wp_featured_video":"","42wp_featured_image_hidden":false,"42wp_authors_list":[],"footnotes":""},"categories":[2],"tags":[1280,1491,28285,30840,35129,20372,3901,27239,2007],"42wp_author":[47149],"class_list":["post-7945","post","type-post","status-publish","format-standard","has-post-thumbnail","hentry","category-f1","tag-band","tag-grande-premio","tag-grandepremio","tag-horarios-f1","tag-onde-assistir-f1","tag-record","tag-sbt","tag-transmissao-f1","tag-tv-globo","42wp_author-bernardo-castro"],"_links":{"self":[{"href":"https:\/\/grandepremio.com\/br\/wp-json\/wp\/v2\/posts\/7945","targetHints":{"allow":["GET"]}}],"collection":[{"href":"https:\/\/grandepremio.com\/br\/wp-json\/wp\/v2\/posts"}],"about":[{"href":"https:\/\/grandepremio.com\/br\/wp-json\/wp\/v2\/types\/post"}],"replies":[{"embeddable":true,"href":"https:\/\/grandepremio.com\/br\/wp-json\/wp\/v2\/comments?post=7945"}],"version-history":[{"count":1,"href":"https:\/\/grandepremio.com\/br\/wp-json\/wp\/v2\/posts\/7945\/revisions"}],"predecessor-version":[{"id":138869,"href":"https:\/\/grandepremio.com\/br\/wp-json\/wp\/v2\/posts\/7945\/revisions\/138869"}],"wp:featuredmedia":[{"embeddable":true,"href":"https:\/\/grandepremio.com\/br\/wp-json\/wp\/v2\/media\/1001096471"}],"wp:attachment":[{"href":"https:\/\/grandepremio.com\/br\/wp-json\/wp\/v2\/media?parent=7945"}],"wp:term":[{"taxonomy":"category","embeddable":true,"href":"https:\/\/grandepremio.com\/br\/wp-json\/wp\/v2\/categories?post=7945"},{"taxonomy":"post_tag","embeddable":true,"href":"https:\/\/grandepremio.com\/br\/wp-json\/wp\/v2\/tags?post=7945"},{"taxonomy":"42wp_author","embeddable":true,"href":"https:\/\/grandepremio.com\/br\/wp-json\/wp\/v2\/42wp_author?post=7945"}],"curies":[{"name":"wp","href":"https:\/\/api.w.org\/{rel}","templated":true}]}}