{"id":79491,"date":"2024-05-01T04:00:34","date_gmt":"2024-05-01T07:00:34","guid":{"rendered":"https:\/\/grandepremio.com\/br\/noticias\/na-garagem-ayrton-senna-acidente-morre-gp-de-san-marino-michael-schumacher-vence\/"},"modified":"2024-05-01T07:15:06","modified_gmt":"2024-05-01T10:15:06","slug":"na-garagem-ayrton-senna-acidente-morre-gp-de-san-marino-michael-schumacher-vence","status":"publish","type":"post","link":"https:\/\/grandepremio.com\/br\/f1\/na-garagem-ayrton-senna-acidente-morre-gp-de-san-marino-michael-schumacher-vence\/","title":{"rendered":"Na Garagem: Senna sofre acidente e morre em GP de San Marino vencido por Schumacher"},"content":{"rendered":"\n<p class=\"wp-block-paragraph\">Utilizado constantemente no meio art\u00edstico e em pe\u00e7as de dramaturgia em geral, o conceito de <strong>&#8216;antes e depois&#8217;<\/strong> envolve um marco central, feliz ou triste, mas que muda para sempre a vida de todos os envolvidos. Depois daquilo, nada ser\u00e1 igual. E a <strong><a href=\"https:\/\/www.grandepremio.com\/br\/f1\/\" target=\"_blank\" rel=\"noreferrer noopener\">F\u00f3rmula 1<\/a><\/strong> viveu seu &#8216;antes e depois&#8217; \u2014 certamente o mais tr\u00e1gico da hist\u00f3ria do automobilismo brasileiro \u2014 no dia <strong>1\u00ba de maio de 1994<\/strong>, em <strong>\u00cdmola<\/strong>. A morte de <strong>Ayrton Senna <\/strong><a href=\"https:\/\/www.grandepremio.com\/br\/25-anos-sem-senna\/noticias\/senna-nao-resiste-a-ferimentos-em-consequencia-de-gravissimo-acidente-em-imola-e-morre-aos-34-anos\/\">n\u00e3o trouxe apenas tristeza e luto mundial<\/a>, mas uma s\u00e9rie de mudan\u00e7as em busca de seguran\u00e7a no esporte a motor. E, em meio a tanta dor, houve uma ofuscada corrida \u2014 que terminou com vit\u00f3ria de <strong>Michael Schumacher<\/strong>.<\/p>\n\n\n\n<p class=\"wp-block-paragraph\">Pouco se fala no Brasil sobre o <strong>GP de San Marino de 1994<\/strong> al\u00e9m da <strong>s\u00e9tima volta<\/strong>, com a batida fatal do brasileiro e toda a preocupa\u00e7\u00e3o \u2014 que virou tristeza \u2014 em torno de seu estado de sa\u00fade. Mas a corrida que se desenrolou depois disso trouxe alguns fatos marcantes, como a confus\u00e3o em torno das posi\u00e7\u00f5es dos pilotos e o \u00fanico p\u00f3dio da carreira de <strong>Nicola Larini<\/strong>.<\/p>\n\n\n\n<p class=\"wp-block-paragraph\">Depois de garantir a pole com uma dist\u00e2ncia de <strong>0s3 <\/strong>para Schumacher, Senna largou bem e manteve a primeira coloca\u00e7\u00e3o no come\u00e7o da prova. E um forte acidente logo na largada deu o tom do que viria a seguir, quando <strong>JJ Lehto <\/strong>ficou parado no grid durante o in\u00edcio e foi acertado em cheio pelo portugu\u00eas <strong>Pedro Lamy<\/strong>, que n\u00e3o conseguiu desviar a tempo. A pancada foi t\u00e3o forte que destro\u00e7os de sua <strong>Lotus <\/strong>dispararam em dire\u00e7\u00e3o \u00e0s arquibancadas e feriram alguns espectadores.<\/p>\n\n\n\n<p class=\"wp-block-paragraph\">Imediatamente, o safety-car entrou na pista, e levou algum tempo para que os fiscais entendessem que o circuito reunia condi\u00e7\u00f5es de reiniciar a corrida. Isso s\u00f3 aconteceu ao fim da <strong>quinta volta<\/strong>, quando Senna manteve a ponta e Schumacher seguiu atr\u00e1s. Depois de completar um giro pelo tra\u00e7ado, o brasileiro foi reto na curva <strong>Tamburello <\/strong>e atingiu o muro de prote\u00e7\u00e3o com for\u00e7a total. Bandeira vermelha e corrida paralisada.<\/p>\n\n\n\n<figure class=\"wp-block-image aligncenter size-full\"><img decoding=\"async\" src=\"https:\/\/www.grandepremio.com\/br\/wp-content\/uploads\/2024\/04\/Senna-Imola.jpeg\" alt=\"\" class=\"wp-image-804986\"\/><figcaption class=\"wp-element-caption\">Senna liderou a prova at\u00e9 o acidente fatal na s\u00e9tima volta (Foto: Forix)<\/figcaption><\/figure>\n\n\n\n<p class=\"wp-block-paragraph\">Naquele momento, estava claro que o acidente de Senna n\u00e3o tinha sido uma batida qualquer. Sem movimentos no cockpit, Ayrton precisou esperar cerca de <strong>1min30s <\/strong>para a chegada do carro-m\u00e9dico, que ainda levou outros <strong>17<\/strong> <strong>minutos <\/strong>para transferir o brasileiro de helic\u00f3ptero rumo ao <strong>Hospital Maggiore de Bolonha<\/strong>.<\/p>\n\n\n\n<p class=\"wp-block-paragraph\">A partir da\u00ed, a apreens\u00e3o tomou conta de \u00cdmola e todos os olhos \u2014 e ouvidos \u2014 se voltaram para o complexo hospitalar que recebeu o brasileiro. Enquanto os f\u00e3s se preocupavam o estado de sa\u00fade do tricampe\u00e3o mundial, a F\u00f3rmula 1 manteve a &#8216;tradi\u00e7\u00e3o&#8217; de ignorar trag\u00e9dias e preparou o rein\u00edcio da corrida cerca de <strong>30 minutos <\/strong>depois. E de forma completamente <strong>confusa<\/strong>.<\/p>\n\n\n\n<p class=\"wp-block-paragraph\">Ao contr\u00e1rio da regra atual, a dire\u00e7\u00e3o de prova manteve as diferen\u00e7as entre os carros de antes da bandeira vermelha para depois. Assim, a dist\u00e2ncia real entre os pilotos passou a ser uma soma entre os tempos de antes e depois da paralisa\u00e7\u00e3o. Como exemplo, <strong>Gerhard Berger <\/strong>superou Schumacher na relargada e permaneceu em segundo, pois carregava <strong>1s5 <\/strong>de desvantagem devido \u00e0 dist\u00e2ncia antes da batida de Senna.<\/p>\n\n\n\n<p class=\"wp-block-paragraph\">A partir da\u00ed, Schumacher ignorou a posi\u00e7\u00e3o real dos carros e passou a perseguir Berger. Algumas voltas depois, passou o austr\u00edaco na Variante Alta e se encaminhou aos boxes. Gerhard n\u00e3o teve a mesma sorte e, quando foi ao pit-lane, abandonou a prova. <strong>Mika H\u00e4kkinen <\/strong>herdou a dianteira com a parada de Michael, naquela que foi sua primeira vez liderando uma prova na F1, mas perdeu o posto na <strong>volta 19 <\/strong>ao tamb\u00e9m decidir pelo pit-stop.<\/p>\n\n\n\n<figure class=\"wp-block-image size-full\"><img decoding=\"async\" src=\"https:\/\/www.grandepremio.com\/br\/wp-content\/uploads\/2022\/04\/incidente_di_ayrton_senna_a_imola_1994_-_01_widelg.jpg\" alt=\"\" class=\"wp-image-562777\"\/><figcaption class=\"wp-element-caption\">O acidente que encerrou a vida de Ayrton Senna em \u00cdmola (Foto: Reprodu\u00e7\u00e3o)<\/figcaption><\/figure>\n\n\n\n<p class=\"wp-block-paragraph\">Schumacher passou a abrir dist\u00e2ncia na ponta, mas a corrida continuou apresentando altern\u00e2ncias mais atr\u00e1s. Larini aproveitou uma estrat\u00e9gia diferente dos demais e se colocou no <strong>segundo lugar<\/strong>, enquanto <strong>Christian Fittipaldi <\/strong>travou duelo particular com <strong>Ukyo Katayama <\/strong>pelo <strong>quinto<\/strong> <strong>posto<\/strong>.<\/p>\n\n\n\n<p class=\"wp-block-paragraph\">O brasileiro, por\u00e9m, n\u00e3o conseguiu cumprir totalmente a miss\u00e3o. Fittipaldi at\u00e9 passou Katayama na <strong>volta 54<\/strong>, mas rodou logo no giro seguinte e abandonou a prova com problemas nos freios. Os abandonos ditaram o tom da disputa, inclusive: <strong>Michele Alboreto <\/strong>perdeu uma das rodas de sua <strong>Minardi<\/strong>, que chegou a acertar mec\u00e2nicos de Lotus e <strong>Ferrari<\/strong>, e tamb\u00e9m precisou deixar a disputa; <strong>Andrea<\/strong> <strong>de Cesaris <\/strong>rodou sozinho, bateu no muro e tamb\u00e9m n\u00e3o completou.<\/p>\n\n\n\n<p class=\"wp-block-paragraph\">No fim, dos <strong>25 <\/strong>pilotos que largaram, apenas <strong>13 <\/strong>completaram a prova. <strong>De Cesaris<\/strong>, <strong>Alboreto<\/strong>, <strong>Gianni Morbidelli<\/strong>, <strong>Pierluigi<\/strong> <strong>Martini<\/strong>, <strong>David<\/strong> <strong>Brabham<\/strong>, <strong>Bertrand<\/strong> <strong>Gachot<\/strong>, <strong>Olivier<\/strong> <strong>Beretta<\/strong>, <strong>Berger<\/strong>, <strong>Senna<\/strong>, <strong>\u00c9rik Comas<\/strong>, <strong>Lehto<\/strong> e <strong>Lamy <\/strong>abandonaram por diferentes motivos.<\/p>\n\n\n\n<p class=\"wp-block-paragraph\">Em uma corrida na qual apenas os <strong>quatro primeiros <\/strong>completaram todas as <strong>58 voltas <\/strong>previstas, <strong>Schumacher <\/strong>venceu com uma dist\u00e2ncia de <strong>54s9 <\/strong>para <strong>Larini<\/strong>, que foi a seu primeiro e \u00fanico p\u00f3dio na F\u00f3rmula 1. <strong>H\u00e4kkinen <\/strong>fechou o top-3, com <strong>Karl<\/strong> <strong>Wendlinger<\/strong> em quarto e <strong>Katayama <\/strong>em quinto. <strong>Damon Hill<\/strong>, <strong>Heinz-Harald Frentzen<\/strong>, <strong>Martin Brundle<\/strong>, <strong>Mark<\/strong> <strong>Blundell <\/strong>e <strong>Johnny<\/strong> <strong>Herbert <\/strong>completaram o top-10.<\/p>\n\n\n\n<figure class=\"wp-block-image size-full\"><img decoding=\"async\" src=\"https:\/\/www.grandepremio.com\/br\/wp-content\/uploads\/2024\/04\/Schumacher-Imola-2.jpeg\" alt=\"\" class=\"wp-image-804985\"\/><figcaption class=\"wp-element-caption\">Schumacher deixou Berger para tr\u00e1s e partiu em dire\u00e7\u00e3o \u00e0 vit\u00f3ria (Foto: Forix)<\/figcaption><\/figure>\n\n\n\n<p class=\"wp-block-paragraph\">Muito al\u00e9m do resultado, o dia 1\u00ba de maio de 1994 mudou a categoria para sempre ap\u00f3s a morte de Senna \u2014 e de <strong>Roland Ratzenberger, <\/strong>no dia anterior. \u00c1reas de escape foram aumentadas, curvas perigosas mudaram de configura\u00e7\u00e3o, pilotos passaram a ter voz ativa nas mudan\u00e7as, a c\u00e9lula de sobreviv\u00eancia foi fortificada, a equipe m\u00e9dica foi melhor distribu\u00edda pela pista, um capacete mais resistente foi introduzido e o HANS, feito para proteger pesco\u00e7o e cabe\u00e7a dos pilotos de fortes impactos, foi criado. Da pior forma poss\u00edvel, a F1 passou a carregar para sempre um <strong>&#8216;antes e depois&#8217;<\/strong> naquele fim de semana.<\/p>\n\n\n\n<p class=\"wp-block-paragraph\"><strong><img decoding=\"async\" style=\"width: 20px;\" src=\"https:\/\/s.w.org\/images\/core\/emoji\/14.0.0\/svg\/25b6.svg\" alt=\"\u25b6\ufe0f\">&nbsp;Inscreva-se nos dois canais do GRANDE PR\u00caMIO no YouTube:&nbsp;<a href=\"https:\/\/www.youtube.com\/channel\/UC9OlHEgxoaY6QY6nWPoiqQg?sub_confirmation=1\" target=\"_blank\" rel=\"noreferrer noopener\">GP<\/a>&nbsp;|&nbsp;<a href=\"https:\/\/www.youtube.com\/channel\/UC9csiS6q_C3C0FYhyr1rnFA?sub_confirmation=1\" target=\"_blank\" rel=\"noreferrer noopener\">GP2<\/a><\/strong><br><strong><img decoding=\"async\" style=\"width: 20px;\" src=\"https:\/\/s.w.org\/images\/core\/emoji\/14.0.0\/svg\/25b6.svg\" alt=\"\u25b6\ufe0f\">&nbsp;<a href=\"https:\/\/www.twitch.tv\/grandepremio\" target=\"_blank\" rel=\"noreferrer noopener\">Conhe\u00e7a o canal do GRANDE PR\u00caMIO na Twitch clicando aqui!<\/a><\/strong><\/p>\n","protected":false},"excerpt":{"rendered":"<p>A morte de um dos maiores nomes da hist\u00f3ria da F\u00f3rmula 1 ofuscou completamente o GP de San Marino de 1994, mas a corrida foi reiniciada depois de Ayrton Senna ser levado para o hospital e terminou com vit\u00f3ria de Michael Schumacher em \u00cdmola<\/p>\n","protected":false},"author":0,"featured_media":1000804988,"comment_status":"closed","ping_status":"closed","sticky":false,"template":"","format":"standard","meta":{"42wp_featured_image_caption":"","42wp_featured_image_credits":"","42wp_featured_video":"","42wp_featured_image_hidden":false,"42wp_authors_list":[],"footnotes":""},"categories":[2],"tags":[699,3230,642,25051,1491,32667,5386,39242,758],"42wp_author":[47142],"class_list":["post-79491","post","type-post","status-publish","format-standard","has-post-thumbnail","hentry","category-f1","tag-ayrton-senna","tag-f1-2024","tag-f1-ao-vivo","tag-gp-de-san-marino","tag-grande-premio","tag-grandepremio-f1","tag-imola","tag-imola-1994","tag-michael-schumacher","42wp_author-jp-nascimento"],"_links":{"self":[{"href":"https:\/\/grandepremio.com\/br\/wp-json\/wp\/v2\/posts\/79491","targetHints":{"allow":["GET"]}}],"collection":[{"href":"https:\/\/grandepremio.com\/br\/wp-json\/wp\/v2\/posts"}],"about":[{"href":"https:\/\/grandepremio.com\/br\/wp-json\/wp\/v2\/types\/post"}],"replies":[{"embeddable":true,"href":"https:\/\/grandepremio.com\/br\/wp-json\/wp\/v2\/comments?post=79491"}],"version-history":[{"count":0,"href":"https:\/\/grandepremio.com\/br\/wp-json\/wp\/v2\/posts\/79491\/revisions"}],"wp:featuredmedia":[{"embeddable":true,"href":"https:\/\/grandepremio.com\/br\/wp-json\/wp\/v2\/media\/1000804988"}],"wp:attachment":[{"href":"https:\/\/grandepremio.com\/br\/wp-json\/wp\/v2\/media?parent=79491"}],"wp:term":[{"taxonomy":"category","embeddable":true,"href":"https:\/\/grandepremio.com\/br\/wp-json\/wp\/v2\/categories?post=79491"},{"taxonomy":"post_tag","embeddable":true,"href":"https:\/\/grandepremio.com\/br\/wp-json\/wp\/v2\/tags?post=79491"},{"taxonomy":"42wp_author","embeddable":true,"href":"https:\/\/grandepremio.com\/br\/wp-json\/wp\/v2\/42wp_author?post=79491"}],"curies":[{"name":"wp","href":"https:\/\/api.w.org\/{rel}","templated":true}]}}