{"id":7957,"date":"2026-06-07T11:56:03","date_gmt":"2026-06-07T14:56:03","guid":{"rendered":"https:\/\/grandepremio.com\/br\/2026\/06\/07\/f1-paralisa-gp-de-monaco-apos-asfalto-desfazer-provocar-acidentes-lance-stroll-charles-leclerc\/"},"modified":"2026-06-07T12:09:45","modified_gmt":"2026-06-07T15:09:45","slug":"f1-paralisa-gp-de-monaco-apos-asfalto-desfazer-provocar-acidentes-lance-stroll-charles-leclerc","status":"publish","type":"post","link":"https:\/\/grandepremio.com\/br\/f1\/f1-paralisa-gp-de-monaco-apos-asfalto-desfazer-provocar-acidentes-lance-stroll-charles-leclerc\/","title":{"rendered":"F1 paralisa GP de M\u00f4naco ap\u00f3s asfalto se desfazer e provocar acidentes"},"content":{"rendered":"\n<p class=\"wp-block-paragraph\">A <strong>F\u00f3rmula 1 <\/strong>acionou a bandeira vermelha e decidiu paralisar o <strong>GP de M\u00f4naco<\/strong> na volta 68 de 78 previstas neste domingo (7). A decis\u00e3o veio depois de dois acidentes seguidos acontecerem na \u00faltima curva do tra\u00e7ado, que est\u00e1 com parte do asfalto se despeda\u00e7ando. Com isso, uma equipe trabalha nos reparos para que a prova possa ser reiniciada com condi\u00e7\u00f5es mais seguras no terceiro setor. <\/p>\n\n\n\n<p class=\"wp-block-paragraph\">Primeiramente, <strong>Lance Stroll<\/strong> passou reto e n\u00e3o conseguiu frear na entrada da \u00faltima curva, <a href=\"https:\/\/www.grandepremio.com\/br\/video\/f1\/lance-stroll-passa-reto-ultima-curva-bate-muro-durante-gp-de-monaco\/\">estampando o bico<\/a> da <strong>Aston Martin<\/strong> no muro da entrada da reta principal. Depois, assim que o safety-car foi recolhido, <strong>Charles Leclerc<\/strong> <a href=\"https:\/\/www.grandepremio.com\/br\/video\/f1\/charles-leclerc-bate-mesmo-lugar-lance-stroll-leva-f1-paralisar-gp-de-monaco\/\">bateu no mesmo trecho<\/a> e de forma bem parecida com o canadense. Ambos abandonaram a etapa. <\/p>\n\n\n\n\n\n\n\n<p class=\"wp-block-paragraph\">Apesar do monegasco ter reclamado dos freios da <strong>Ferrari <\/strong>novamente depois do acidente, a <strong>Federa\u00e7\u00e3o Internacional de Automobilismo<\/strong> (<strong>FIA<\/strong>) notou o desgaste excessivo do asfalto na \u00faltima curva e acionou a bandeira vermelha. Essa, inclusive, foi a primeira paralisa\u00e7\u00e3o completa do GP de M\u00f4naco desde 2024. <\/p>\n\n\n\n<p class=\"wp-block-paragraph\">No momento da paralisa\u00e7\u00e3o, <strong>Andrea Kimi Antonelli<\/strong> estava liderando confortavelmente o GP de M\u00f4naco, com <strong>Lewis Hamilton<\/strong> na segunda posi\u00e7\u00e3o e <strong>Isack Hadjar<\/strong> subindo para o top-3 depois da batida de Leclerc e completando o top-3. <strong>George Russell<\/strong>, o quarto colocado, j\u00e1 est\u00e1 uma volta atr\u00e1s do l\u00edder e ainda tem uma puni\u00e7\u00e3o de drive-through para cumprir. <\/p>\n\n\n\n<p class=\"wp-block-paragraph\">O&nbsp;<strong>GRANDE PR\u00caMIO<\/strong>&nbsp;acompanha todas as atividades do&nbsp;<strong>GP de M\u00f4naco<\/strong><a href=\"https:\/\/www.grandepremio.com\/br\/ao-vivo\/f1\/\">&nbsp;<strong>AO VIVO E EM&nbsp;<\/strong><\/a><strong><a href=\"https:\/\/www.grandepremio.com\/br\/ao-vivo\/\" target=\"_blank\" rel=\"noreferrer noopener\">TEMPO REAL<\/a><\/strong>,&nbsp;<a href=\"https:\/\/www.youtube.com\/@GrandePremio1\/streams\">al\u00e9m de classifica\u00e7\u00e3o e corrida em&nbsp;<strong>SEGUNDA TELA&nbsp;<\/strong>no YouTube<\/a>, em parceria com a&nbsp;<strong>Voz do Esporte<\/strong>. O&nbsp;<strong>Briefing&nbsp;<\/strong>chega para analisar ap\u00f3s o fim de cada dia de atividades nas redes sociais e na&nbsp;<strong>GPTV<\/strong>.<\/p>\n\n\n\n<p class=\"wp-block-paragraph\">Al\u00e9m da cobertura completa das atividades, o&nbsp;<strong>GRANDE PR\u00caMIO<\/strong>&nbsp;tamb\u00e9m estar\u00e1 in loco em&nbsp;<strong>M\u00f4naco&nbsp;<\/strong>com o rep\u00f3rter&nbsp;<strong>Leonid Kliuev<\/strong>.<\/p>\n\n\n\n<p class=\"wp-block-paragraph\"><strong>F1:&nbsp;<a href=\"https:\/\/www.grandepremio.com\/br\/f1\/calendario\/\">confira o calend\u00e1rio completo de 2026<\/a><\/strong><br><strong>Inscreva-se nos dois canais do GRANDE PR\u00caMIO no YouTube:&nbsp;<a href=\"https:\/\/www.youtube.com\/channel\/UC9OlHEgxoaY6QY6nWPoiqQg?sub_confirmation=1\">GP<\/a>&nbsp;|&nbsp;<a href=\"https:\/\/www.youtube.com\/channel\/UC9csiS6q_C3C0FYhyr1rnFA?sub_confirmation=1\">GPTV<\/a><\/strong><\/p>\n\n\n\n<h2 class=\"wp-block-heading\" id=\"h-f1-hoje-saiba-aqui-as-noticias-mais-importantes-do-dia-da-formula-1\"><strong>F1 hoje: saiba aqui as not\u00edcias mais importantes do dia da F\u00f3rmula 1<\/strong><\/h2>\n\n\n\n<p class=\"wp-block-paragraph\">A reda\u00e7\u00e3o do&nbsp;<strong>GRANDE PR\u00caMIO<\/strong>&nbsp;selecionou as not\u00edcias mais importantes das \u00faltimas horas para voc\u00ea ficar por dentro de tudo que acontece na F1.<\/p>\n\n\n\n<p class=\"wp-block-paragraph\"><strong><a href=\"https:\/\/www.grandepremio.com\/br\/f1\/noticias\/andrea-kimi-antonelli-freia-max-verstappen-coloca-mercedes-pole-gp-monaco-gabriel-bortoleto-16o\/\">Antonelli freia Verstappen e coloca Mercedes na pole do GP de M\u00f4naco. Bortoleto \u00e9 16\u00ba<\/a><\/strong><br><strong><a href=\"https:\/\/www.grandepremio.com\/br\/f1\/noticias\/andrea-kimi-antonelli-elogia-mercedes-fala-volta-magica-durante-classificacao-monaco\/\">Antonelli elogia Mercedes e fala em \u201cvolta m\u00e1gica\u201d durante classifica\u00e7\u00e3o em M\u00f4naco<\/a><\/strong><br><strong><a href=\"https:\/\/www.grandepremio.com\/br\/f1\/noticias\/lewis-hamilton-aponta-carro-drasticamente-diferente-classificacao-monaco\/\">Hamilton aponta carro \u201cdrasticamente diferente\u201d em classifica\u00e7\u00e3o de M\u00f4naco<\/a><\/strong><a href=\"https:\/\/www.grandepremio.com\/br\/chefao\/\" target=\"_blank\" rel=\"noreferrer noopener\"><\/a><\/p>\n","protected":false},"excerpt":{"rendered":"<p>A F\u00f3rmula 1 decidiu acionar a bandeira vermelha no GP de M\u00f4naco depois do asfalto da \u00faltima curva come\u00e7ar a se despeda\u00e7ar. O trecho acabou provocando duas batidas em duas voltas de corrida<\/p>\n","protected":false},"author":0,"featured_media":1001096367,"comment_status":"closed","ping_status":"closed","sticky":false,"template":"","format":"standard","meta":{"42wp_featured_image_caption":"","42wp_featured_image_credits":"","42wp_featured_video":"","42wp_featured_image_hidden":false,"42wp_authors_list":[],"footnotes":""},"categories":[2],"tags":[309,26271,209,5273,147,29516,29148,207,180,31425,28995,5100,1491,28285,30840,485,764,35129,31470],"42wp_author":[47162],"class_list":["post-7957","post","type-post","status-publish","format-standard","has-post-thumbnail","hentry","category-f1","tag-aston-martin","tag-calendario-f1","tag-charles-leclerc","tag-classificacao-f1","tag-f1","tag-f1-2026","tag-f1-hoje","tag-ferrari","tag-formula-1","tag-formula-1-2026","tag-formula-1-hoje","tag-gp-de-monaco","tag-grande-premio","tag-grandepremio","tag-horarios-f1","tag-lance-stroll","tag-monte-carlo","tag-onde-assistir-f1","tag-temporada-2026-f1","42wp_author-giovani-danjo"],"_links":{"self":[{"href":"https:\/\/grandepremio.com\/br\/wp-json\/wp\/v2\/posts\/7957","targetHints":{"allow":["GET"]}}],"collection":[{"href":"https:\/\/grandepremio.com\/br\/wp-json\/wp\/v2\/posts"}],"about":[{"href":"https:\/\/grandepremio.com\/br\/wp-json\/wp\/v2\/types\/post"}],"replies":[{"embeddable":true,"href":"https:\/\/grandepremio.com\/br\/wp-json\/wp\/v2\/comments?post=7957"}],"version-history":[{"count":1,"href":"https:\/\/grandepremio.com\/br\/wp-json\/wp\/v2\/posts\/7957\/revisions"}],"predecessor-version":[{"id":138881,"href":"https:\/\/grandepremio.com\/br\/wp-json\/wp\/v2\/posts\/7957\/revisions\/138881"}],"wp:featuredmedia":[{"embeddable":true,"href":"https:\/\/grandepremio.com\/br\/wp-json\/wp\/v2\/media\/1001096367"}],"wp:attachment":[{"href":"https:\/\/grandepremio.com\/br\/wp-json\/wp\/v2\/media?parent=7957"}],"wp:term":[{"taxonomy":"category","embeddable":true,"href":"https:\/\/grandepremio.com\/br\/wp-json\/wp\/v2\/categories?post=7957"},{"taxonomy":"post_tag","embeddable":true,"href":"https:\/\/grandepremio.com\/br\/wp-json\/wp\/v2\/tags?post=7957"},{"taxonomy":"42wp_author","embeddable":true,"href":"https:\/\/grandepremio.com\/br\/wp-json\/wp\/v2\/42wp_author?post=7957"}],"curies":[{"name":"wp","href":"https:\/\/api.w.org\/{rel}","templated":true}]}}