{"id":7960,"date":"2026-06-07T11:03:15","date_gmt":"2026-06-07T14:03:15","guid":{"rendered":"https:\/\/grandepremio.com\/br\/2026\/06\/07\/max-verstappen-fala-motor-engasgando-detalha-problemas-red-bull-monaco\/"},"modified":"2026-06-07T13:56:49","modified_gmt":"2026-06-07T16:56:49","slug":"max-verstappen-fala-motor-engasgando-detalha-problemas-red-bull-monaco","status":"publish","type":"post","link":"https:\/\/grandepremio.com\/br\/f1\/max-verstappen-fala-motor-engasgando-detalha-problemas-red-bull-monaco\/","title":{"rendered":"Verstappen fala em \u201cmotor engasgando\u201d e detalha problemas com Red Bull em M\u00f4naco"},"content":{"rendered":"\n<p class=\"wp-block-paragraph\"><strong>Max Verstappen<\/strong> perdeu uma boa oportunidade de brigar pela vit\u00f3ria e somar pontos importantes no <strong>GP de M\u00f4naco<\/strong> deste domingo (7). Depois de se classificar em segundo lugar, o tetracampe\u00e3o enfrentou problemas logo na largada e abandonou a corrida. O neerland\u00eas explicou, em coletiva acompanhada pelo <strong>GRANDE PR\u00caMIO<\/strong>, que o contratempo foi causado por um problema na unidade de pot\u00eancia.<\/p>\n\n\n\n<p class=\"wp-block-paragraph\">Embora a <strong>Red Bull<\/strong> tenha enfrentado dificuldades de desempenho nas primeiras etapas da temporada, a equipe chegou forte ao fim de semana em <strong>M\u00f4naco<\/strong>, e <strong>Verstappen <\/strong>entrou na disputa pela pole position no s\u00e1bado (6). Apesar de ter sido superado por <strong>Andrea Kimi Antonelli<\/strong>, o neerland\u00eas teve desempenho suficiente para garantir a segunda posi\u00e7\u00e3o no grid.<\/p>\n\n\n\n<figure class=\"wp-block-embed is-type-video is-provider-youtube wp-block-embed-youtube wp-embed-aspect-16-9 wp-has-aspect-ratio\"><div class=\"wp-block-embed__wrapper\">\n<iframe loading=\"lazy\" title=\"GP M\u00d4NACO F1 2026: PORRE, CAOS E VIT\u00d3RIA DE ANTONELLI [narra\u00e7\u00e3o + Briefing grande premio]\" width=\"500\" height=\"281\" src=\"https:\/\/www.youtube.com\/embed\/Z_oJrMEq2TE?feature=oembed\" frameborder=\"0\" allow=\"accelerometer; autoplay; clipboard-write; encrypted-media; gyroscope; picture-in-picture; web-share\" referrerpolicy=\"strict-origin-when-cross-origin\" allowfullscreen><\/iframe>\n<\/div><\/figure>\n\n\n\n<p class=\"wp-block-paragraph\">A classifica\u00e7\u00e3o e a largada s\u00e3o tradicionalmente os momentos mais decisivos do <strong>GP de M\u00f4naco<\/strong>. Por isso, <strong>Verstappen <\/strong>esperava aproveitar sua posi\u00e7\u00e3o no grid para pressionar <strong>Antonelli <\/strong>na briga pela lideran\u00e7a. No entanto, ficou parado na largada e abandonou a prova antes mesmo de completar a primeira volta.<\/p>\n\n\n\n<p class=\"wp-block-paragraph\">\u201cA volta de apresenta\u00e7\u00e3o j\u00e1 parecia um pouco estranha. Mas a\u00ed, no procedimento antes da largada, foi completamente esquisito. Normalmente voc\u00ea encontra a rota\u00e7\u00e3o ideal, mas a rota\u00e7\u00e3o n\u00e3o estava subindo de jeito nenhum. Ficava oscilando muito\u201d, disse <strong>Verstappen<\/strong>.<\/p>\n\n\n\n\n\n\n\n<p class=\"wp-block-paragraph\">\u201cE a\u00ed, assim que soltei a embreagem, o motor engasgou completamente. E depois disso, o barulho que ouvi do motor quando recuperei um pouco de pot\u00eancia na sa\u00edda da primeira curva foi muito ruim. Ent\u00e3o, imediatamente tirei o p\u00e9 do acelerador e abandonei a corrida\u201d, finalizou <strong>Verstappen<\/strong>.<\/p>\n\n\n\n<p class=\"wp-block-paragraph\">O&nbsp;<strong>GRANDE PR\u00caMIO<\/strong>&nbsp;acompanha todas as atividades do&nbsp;<strong>GP de M\u00f4naco<\/strong><a href=\"https:\/\/www.grandepremio.com\/br\/ao-vivo\/f1\/\">&nbsp;<strong>AO VIVO E EM&nbsp;<\/strong><\/a><strong><a href=\"https:\/\/www.grandepremio.com\/br\/ao-vivo\/\" target=\"_blank\" rel=\"noreferrer noopener\">TEMPO REAL<\/a><\/strong>,&nbsp;<a href=\"https:\/\/www.youtube.com\/@GrandePremio1\/streams\">al\u00e9m de classifica\u00e7\u00e3o e corrida em&nbsp;<strong>SEGUNDA TELA&nbsp;<\/strong>no YouTube<\/a>, em parceria com a&nbsp;<strong>Voz do Esporte<\/strong>. O&nbsp;<strong>Briefing&nbsp;<\/strong>chega para analisar ap\u00f3s o fim de cada dia de atividades nas redes sociais e na&nbsp;<strong>GPTV<\/strong>.<\/p>\n\n\n\n<p class=\"wp-block-paragraph\">Al\u00e9m da cobertura completa das atividades, o&nbsp;<strong>GRANDE PR\u00caMIO<\/strong>&nbsp;tamb\u00e9m estar\u00e1 in loco em&nbsp;<strong>M\u00f4naco&nbsp;<\/strong>com o rep\u00f3rter&nbsp;<strong>Leonid Kliuev<\/strong>.<\/p>\n","protected":false},"excerpt":{"rendered":"<p>Max Verstappen explicou que os problemas come\u00e7aram a aparecer ainda na volta de apresenta\u00e7\u00e3o, mas pioraram na hora da largada do GP de M\u00f4naco<\/p>\n","protected":false},"author":0,"featured_media":1001096308,"comment_status":"closed","ping_status":"closed","sticky":false,"template":"","format":"standard","meta":{"42wp_featured_image_caption":"","42wp_featured_image_credits":"","42wp_featured_video":"","42wp_featured_image_hidden":false,"42wp_authors_list":[],"footnotes":""},"categories":[2],"tags":[5100,1491,28285,203,2140,204,9685],"42wp_author":[47149,47165],"class_list":["post-7960","post","type-post","status-publish","format-standard","has-post-thumbnail","hentry","category-f1","tag-gp-de-monaco","tag-grande-premio","tag-grandepremio","tag-max-verstappen","tag-monaco","tag-red-bull","tag-verstappen","42wp_author-bernardo-castro","42wp_author-leonid-kluiev"],"_links":{"self":[{"href":"https:\/\/grandepremio.com\/br\/wp-json\/wp\/v2\/posts\/7960","targetHints":{"allow":["GET"]}}],"collection":[{"href":"https:\/\/grandepremio.com\/br\/wp-json\/wp\/v2\/posts"}],"about":[{"href":"https:\/\/grandepremio.com\/br\/wp-json\/wp\/v2\/types\/post"}],"replies":[{"embeddable":true,"href":"https:\/\/grandepremio.com\/br\/wp-json\/wp\/v2\/comments?post=7960"}],"version-history":[{"count":1,"href":"https:\/\/grandepremio.com\/br\/wp-json\/wp\/v2\/posts\/7960\/revisions"}],"predecessor-version":[{"id":138884,"href":"https:\/\/grandepremio.com\/br\/wp-json\/wp\/v2\/posts\/7960\/revisions\/138884"}],"wp:featuredmedia":[{"embeddable":true,"href":"https:\/\/grandepremio.com\/br\/wp-json\/wp\/v2\/media\/1001096308"}],"wp:attachment":[{"href":"https:\/\/grandepremio.com\/br\/wp-json\/wp\/v2\/media?parent=7960"}],"wp:term":[{"taxonomy":"category","embeddable":true,"href":"https:\/\/grandepremio.com\/br\/wp-json\/wp\/v2\/categories?post=7960"},{"taxonomy":"post_tag","embeddable":true,"href":"https:\/\/grandepremio.com\/br\/wp-json\/wp\/v2\/tags?post=7960"},{"taxonomy":"42wp_author","embeddable":true,"href":"https:\/\/grandepremio.com\/br\/wp-json\/wp\/v2\/42wp_author?post=7960"}],"curies":[{"name":"wp","href":"https:\/\/api.w.org\/{rel}","templated":true}]}}