{"id":7972,"date":"2026-06-07T04:15:00","date_gmt":"2026-06-07T07:15:00","guid":{"rendered":"https:\/\/grandepremio.com\/br\/2026\/06\/07\/f1-2026-ao-vivo-assista-gp-de-monaco-grande-premio\/"},"modified":"2026-06-06T20:19:09","modified_gmt":"2026-06-06T23:19:09","slug":"f1-2026-ao-vivo-assista-gp-de-monaco-grande-premio","status":"publish","type":"post","link":"https:\/\/grandepremio.com\/br\/f1\/f1-2026-ao-vivo-assista-gp-de-monaco-grande-premio\/","title":{"rendered":"F1 2026 ao vivo: assista ao GP de M\u00f4naco no GRANDE PR\u00caMIO"},"content":{"rendered":"\n<p class=\"wp-block-paragraph\">O\u00a0<strong>GP de M\u00f4naco de F\u00f3rmula 1<\/strong>, sexta etapa da temporada 2026, acontece neste domingo (6). O\u00a0<strong>GRANDE PR\u00caMIO<\/strong>\u00a0transmite todas as emo\u00e7\u00f5es da sess\u00e3o em formato react de segunda tela em parceria com a\u00a0<strong>Voz do Esporte<\/strong>, com narra\u00e7\u00e3o de\u00a0<strong>C\u00e9sar Tavares<\/strong>\u00a0e coment\u00e1rios de\u00a0<strong>Vicente Soella<\/strong>.<\/p>\n\n\n\n<h2 class=\"wp-block-heading\" id=\"h-f1-2026-assista-ao-gp-de-monaco-ao-vivo\"><strong>F1 2026:\u00a0assista ao GP de M\u00f4naco ao vivo<\/strong><\/h2>\n\n\n\n<figure class=\"wp-block-embed is-type-video is-provider-youtube wp-block-embed-youtube wp-embed-aspect-16-9 wp-has-aspect-ratio\"><div class=\"wp-block-embed__wrapper\">\n<iframe loading=\"lazy\" title=\"GP M\u00d4NACO F1 2026: PORRE, CAOS E VIT\u00d3RIA DE ANTONELLI [narra\u00e7\u00e3o + Briefing grande premio]\" width=\"500\" height=\"281\" src=\"https:\/\/www.youtube.com\/embed\/Z_oJrMEq2TE?feature=oembed\" frameborder=\"0\" allow=\"accelerometer; autoplay; clipboard-write; encrypted-media; gyroscope; picture-in-picture; web-share\" referrerpolicy=\"strict-origin-when-cross-origin\" allowfullscreen><\/iframe>\n<\/div><\/figure>\n\n\n\n<p class=\"wp-block-paragraph\" id=\"h-f1-2026-assista-a-classificacao-do-gp-de-monaco-ao-vivo\"><strong><br><\/strong><\/p>\n","protected":false},"excerpt":{"rendered":"<p>O GRANDE PR\u00caMIO transmite no YouTube o GP de M\u00f4naco, sexta etapa da F1 2026 em formato de segunda tela: assista aqui \u00e0 sess\u00e3o no Principado<\/p>\n","protected":false},"author":0,"featured_media":1001095095,"comment_status":"closed","ping_status":"closed","sticky":false,"template":"","format":"standard","meta":{"42wp_featured_image_caption":"","42wp_featured_image_credits":"","42wp_featured_video":"","42wp_featured_image_hidden":false,"42wp_authors_list":[],"footnotes":""},"categories":[2],"tags":[5100,1491,28285],"42wp_author":[47149],"class_list":["post-7972","post","type-post","status-publish","format-standard","has-post-thumbnail","hentry","category-f1","tag-gp-de-monaco","tag-grande-premio","tag-grandepremio","42wp_author-bernardo-castro"],"_links":{"self":[{"href":"https:\/\/grandepremio.com\/br\/wp-json\/wp\/v2\/posts\/7972","targetHints":{"allow":["GET"]}}],"collection":[{"href":"https:\/\/grandepremio.com\/br\/wp-json\/wp\/v2\/posts"}],"about":[{"href":"https:\/\/grandepremio.com\/br\/wp-json\/wp\/v2\/types\/post"}],"replies":[{"embeddable":true,"href":"https:\/\/grandepremio.com\/br\/wp-json\/wp\/v2\/comments?post=7972"}],"version-history":[{"count":1,"href":"https:\/\/grandepremio.com\/br\/wp-json\/wp\/v2\/posts\/7972\/revisions"}],"predecessor-version":[{"id":138896,"href":"https:\/\/grandepremio.com\/br\/wp-json\/wp\/v2\/posts\/7972\/revisions\/138896"}],"wp:featuredmedia":[{"embeddable":true,"href":"https:\/\/grandepremio.com\/br\/wp-json\/wp\/v2\/media\/1001095095"}],"wp:attachment":[{"href":"https:\/\/grandepremio.com\/br\/wp-json\/wp\/v2\/media?parent=7972"}],"wp:term":[{"taxonomy":"category","embeddable":true,"href":"https:\/\/grandepremio.com\/br\/wp-json\/wp\/v2\/categories?post=7972"},{"taxonomy":"post_tag","embeddable":true,"href":"https:\/\/grandepremio.com\/br\/wp-json\/wp\/v2\/tags?post=7972"},{"taxonomy":"42wp_author","embeddable":true,"href":"https:\/\/grandepremio.com\/br\/wp-json\/wp\/v2\/42wp_author?post=7972"}],"curies":[{"name":"wp","href":"https:\/\/api.w.org\/{rel}","templated":true}]}}