{"id":7974,"date":"2026-06-07T03:45:00","date_gmt":"2026-06-07T06:45:00","guid":{"rendered":"https:\/\/grandepremio.com\/br\/2026\/06\/07\/formula-1-vai-passar-na-tv-hoje-onde-assistir-gp-de-monaco-2026\/"},"modified":"2026-06-06T20:40:07","modified_gmt":"2026-06-06T23:40:07","slug":"formula-1-vai-passar-na-tv-hoje-onde-assistir-gp-de-monaco-2026","status":"publish","type":"post","link":"https:\/\/grandepremio.com\/br\/f1\/formula-1-vai-passar-na-tv-hoje-onde-assistir-gp-de-monaco-2026\/","title":{"rendered":"F\u00f3rmula 1 vai passar na TV hoje? Onde assistir ao GP de M\u00f4naco 2026"},"content":{"rendered":"\n<p class=\"wp-block-paragraph\">A <strong>F\u00f3rmula 1 <\/strong>est\u00e1 em <strong>M\u00f4naco <\/strong>para realizar a sexta etapa da temporada 2026. Embora a <strong>Mercedes <\/strong>n\u00e3o tenha come\u00e7ado o fim de semana como favorita, <strong>Andrea Kimi Antonelli<\/strong> encaixou uma volta perfeita e garantiu a pole para a etapa no Principado. <strong>Max Verstappen<\/strong> e <strong>Lewis Hamilton<\/strong> completaram o top-3.<\/p>\n\n\n\n<p class=\"wp-block-paragraph\">O <strong>GP de M\u00f4naco <\/strong>acontece no formato tradicional. Assim, os pilotos realizaram tr\u00eas treinos livres e uma classifica\u00e7\u00e3o e agora est\u00e3o prontos para disputar a corrida. Com a etapa no <strong>Principado <\/strong>dando in\u00edcio \u00e0 perna europeia, a prova acontece durante a manh\u00e3 no Brasil.<\/p>\n\n\n\n<figure class=\"wp-block-embed is-type-video is-provider-youtube wp-block-embed-youtube wp-embed-aspect-16-9 wp-has-aspect-ratio\"><div class=\"wp-block-embed__wrapper\">\n<iframe loading=\"lazy\" title=\"CLASSIFICA\u00c7\u00c3O GP M\u00d4NACO F1 2026: ANTONELLI TIRA POLE DE VERSTAPPEN [narra\u00e7\u00e3o + Briefing]\" width=\"500\" height=\"281\" src=\"https:\/\/www.youtube.com\/embed\/cl8K6CYn7Kc?feature=oembed\" frameborder=\"0\" allow=\"accelerometer; autoplay; clipboard-write; encrypted-media; gyroscope; picture-in-picture; web-share\" referrerpolicy=\"strict-origin-when-cross-origin\" allowfullscreen><\/iframe>\n<\/div><\/figure>\n\n\n\n<p class=\"wp-block-paragraph\">No domingo (7), a largada da corrida em <strong>M\u00f4naco <\/strong>est\u00e1 programada para \u00e0s 10h (de <strong>Bras\u00edlia<\/strong>, GMT-3).<\/p>\n\n\n\n<p class=\"wp-block-paragraph\">O <strong>GP de M\u00f4naco<\/strong> pode ser acompanhado atrav\u00e9s do <strong>SporTV3, GloboPlay<\/strong> ou pela <strong>F1TV<\/strong>, streaming oficial da categoria. A corrida tamb\u00e9m ser\u00e1 transmitida pela TV aberta <strong>Globo<\/strong>.<\/p>\n\n\n\n<p class=\"wp-block-paragraph\">O <strong>GRANDE PR\u00caMIO<\/strong> acompanha todas as atividades <strong>AO VIVO E EM TEMPO REAL<\/strong>, al\u00e9m de classifica\u00e7\u00f5es e corridas em <strong>SEGUNDA TELA<\/strong> no <strong>YouTube<\/strong>, em parceria com a <strong>Voz do Esporte<\/strong>. O <strong>Briefing <\/strong>chega para analisar ap\u00f3s o fim de cada dia de atividades nas redes sociais e na <strong>GPTV<\/strong>.<\/p>\n\n\n\n<h2 class=\"wp-block-heading\" id=\"h-gp-de-monaco-de-f1-veja-os-horarios-em-brasil-cabo-verde-nbsp-portugal-angola-e-mocambique\"><strong>GP de M\u00f4naco de F1: veja os hor\u00e1rios em Brasil, Cabo Verde,&nbsp;<a href=\"https:\/\/grandepremio.pt\/\" target=\"_blank\" rel=\"noreferrer noopener\">Portugal<\/a>, Angola e Mo\u00e7ambique:<\/strong><\/h2>\n\n\n\n<figure class=\"wp-block-table\"><table class=\"has-fixed-layout\"><tbody><tr><td class=\"has-text-align-left\" data-align=\"left\"><strong>Sess\u00e3o<\/strong><\/td><td class=\"has-text-align-left\" data-align=\"left\"><strong>BRA*<\/strong><\/td><td class=\"has-text-align-left\" data-align=\"left\"><strong>CBV<\/strong><\/td><td class=\"has-text-align-left\" data-align=\"left\"><strong>POR<\/strong><br><strong>ANG<\/strong><\/td><td class=\"has-text-align-left\" data-align=\"left\"><strong>MOZ<\/strong><\/td><\/tr><tr><td class=\"has-text-align-left\" data-align=\"left\">Corrida<\/td><td class=\"has-text-align-left\" data-align=\"left\">10:00<\/td><td class=\"has-text-align-left\" data-align=\"left\">12:00<\/td><td class=\"has-text-align-left\" data-align=\"left\">14:00<\/td><td class=\"has-text-align-left\" data-align=\"left\">15:00<\/td><\/tr><\/tbody><\/table><\/figure>\n\n\n\n<p class=\"wp-block-paragraph\"><em>*Hor\u00e1rios de Bras\u00edlia<\/em><\/p>\n\n\n\n<p class=\"wp-block-paragraph\">\u25b6\ufe0f<strong>F1:&nbsp;<a href=\"https:\/\/www.grandepremio.com\/br\/f1\/calendario\/\">confira o calend\u00e1rio completo de 2026<\/a><\/strong><br>\u25b6\ufe0f<strong>Inscreva-se nos dois canais do GRANDE PR\u00caMIO no YouTube:&nbsp;<a href=\"https:\/\/www.youtube.com\/channel\/UC9OlHEgxoaY6QY6nWPoiqQg?sub_confirmation=1\">GP<\/a>&nbsp;|&nbsp;<a href=\"https:\/\/www.youtube.com\/channel\/UC9csiS6q_C3C0FYhyr1rnFA?sub_confirmation=1\">GPTV<\/a><\/strong><\/p>\n\n\n\n<h2 class=\"wp-block-heading\" id=\"h-f1-hoje-saiba-aqui-as-noticias-mais-importantes-do-dia-da-formula-1\"><strong>F1 hoje: saiba aqui as not\u00edcias mais importantes do dia da F\u00f3rmula 1<\/strong><\/h2>\n\n\n\n<p class=\"wp-block-paragraph\">A reda\u00e7\u00e3o do&nbsp;<strong>GRANDE PR\u00caMIO<\/strong>&nbsp;selecionou as not\u00edcias mais importantes das \u00faltimas horas para voc\u00ea ficar por dentro de tudo que acontece na F1.<\/p>\n\n\n\n<p class=\"wp-block-paragraph\">\u25b6\ufe0f<strong><a href=\"https:\/\/www.grandepremio.com\/br\/f1\/noticias\/andrea-kimi-antonelli-freia-max-verstappen-coloca-mercedes-pole-gp-monaco-gabriel-bortoleto-16o\/\">Antonelli freia Verstappen e coloca Mercedes na pole do GP de M\u00f4naco. Bortoleto \u00e9 16\u00ba<\/a><\/strong><br>\u25b6\ufe0f<strong><a href=\"https:\/\/www.grandepremio.com\/br\/f1\/noticias\/andrea-kimi-antonelli-elogia-mercedes-fala-volta-magica-durante-classificacao-monaco\/\">Antonelli elogia Mercedes e fala em \u201cvolta m\u00e1gica\u201d durante classifica\u00e7\u00e3o em M\u00f4naco<\/a><\/strong><br>\u25b6\ufe0f<strong><a href=\"https:\/\/www.grandepremio.com\/br\/f1\/noticias\/lewis-hamilton-aponta-carro-drasticamente-diferente-classificacao-monaco\/\">Hamilton aponta carro \u201cdrasticamente diferente\u201d em classifica\u00e7\u00e3o de M\u00f4naco<\/a><\/strong><br>\u25b6\ufe0f<strong><a href=\"https:\/\/www.grandepremio.com\/br\/f1\/noticias\/gabriel-bortoleto-assume-erro-batida-q1-monaco-nao-precisava-correr-riscos\/\">Bortoleto assume erro em batida no Q1 de M\u00f4naco: \u201cN\u00e3o precisava correr riscos\u201d<\/a><\/strong><br>\u25b6\ufe0f<strong><a href=\"https:\/\/www.grandepremio.com\/br\/f1\/noticias\/max-verstappen-celebra-1a-fila-gp-monaco-alerta-largada-ferrari\/\">Verstappen celebra 1\u00aa fila no GP de M\u00f4naco, mas alerta para largada da Ferrari<\/a><\/strong><br>\u25b6\ufe0f<a href=\"https:\/\/www.grandepremio.com\/br\/f1\/noticias\/george-russell-busca-respostas-6o-lugar-grid-monaco-algo-minha-pilotagem\/\"><strong>Russell busca respostas para 6\u00ba lugar no grid de M\u00f4naco: \u201cAlgo na minha pilotagem\u201d<\/strong><\/a><br>\u25b6\ufe0f<a href=\"https:\/\/www.grandepremio.com\/br\/f1\/noticias\/charles-leclerc-volta-reclamar-freios-monaco-diz-carro-muda-cada-curva\/\"><strong>Leclerc volta a reclamar dos freios em M\u00f4naco e diz que carro \u201cmuda em cada curva\u201d<\/strong><\/a><\/p>\n","protected":false},"excerpt":{"rendered":"<p>A F\u00f3rmula 1 acelera em M\u00f4naco para a sexta etapa da temporada 2026. Fique por dentro da programa\u00e7\u00e3o e saiba como acompanhar \u00e0 corrida deste domingo (7)<\/p>\n","protected":false},"author":0,"featured_media":1001095782,"comment_status":"closed","ping_status":"closed","sticky":false,"template":"","format":"standard","meta":{"42wp_featured_image_caption":"","42wp_featured_image_credits":"","42wp_featured_video":"","42wp_featured_image_hidden":false,"42wp_authors_list":[],"footnotes":""},"categories":[2],"tags":[5100,1491,28285],"42wp_author":[47149],"class_list":["post-7974","post","type-post","status-publish","format-standard","has-post-thumbnail","hentry","category-f1","tag-gp-de-monaco","tag-grande-premio","tag-grandepremio","42wp_author-bernardo-castro"],"_links":{"self":[{"href":"https:\/\/grandepremio.com\/br\/wp-json\/wp\/v2\/posts\/7974","targetHints":{"allow":["GET"]}}],"collection":[{"href":"https:\/\/grandepremio.com\/br\/wp-json\/wp\/v2\/posts"}],"about":[{"href":"https:\/\/grandepremio.com\/br\/wp-json\/wp\/v2\/types\/post"}],"replies":[{"embeddable":true,"href":"https:\/\/grandepremio.com\/br\/wp-json\/wp\/v2\/comments?post=7974"}],"version-history":[{"count":1,"href":"https:\/\/grandepremio.com\/br\/wp-json\/wp\/v2\/posts\/7974\/revisions"}],"predecessor-version":[{"id":138898,"href":"https:\/\/grandepremio.com\/br\/wp-json\/wp\/v2\/posts\/7974\/revisions\/138898"}],"wp:featuredmedia":[{"embeddable":true,"href":"https:\/\/grandepremio.com\/br\/wp-json\/wp\/v2\/media\/1001095782"}],"wp:attachment":[{"href":"https:\/\/grandepremio.com\/br\/wp-json\/wp\/v2\/media?parent=7974"}],"wp:term":[{"taxonomy":"category","embeddable":true,"href":"https:\/\/grandepremio.com\/br\/wp-json\/wp\/v2\/categories?post=7974"},{"taxonomy":"post_tag","embeddable":true,"href":"https:\/\/grandepremio.com\/br\/wp-json\/wp\/v2\/tags?post=7974"},{"taxonomy":"42wp_author","embeddable":true,"href":"https:\/\/grandepremio.com\/br\/wp-json\/wp\/v2\/42wp_author?post=7974"}],"curies":[{"name":"wp","href":"https:\/\/api.w.org\/{rel}","templated":true}]}}