{"id":79786,"date":"2024-04-27T15:06:24","date_gmt":"2024-04-27T18:06:24","guid":{"rendered":"https:\/\/grandepremio.com\/br\/noticias\/grande-premio-bate-recorde-audiencia-transmissoes-formula-e-ep-de-monaco\/"},"modified":"2024-04-27T15:34:44","modified_gmt":"2024-04-27T18:34:44","slug":"grande-premio-bate-recorde-audiencia-transmissoes-formula-e-ep-de-monaco","status":"publish","type":"post","link":"https:\/\/grandepremio.com\/br\/formula-e\/grande-premio-bate-recorde-audiencia-transmissoes-formula-e-ep-de-monaco\/","title":{"rendered":"GRANDE PR\u00caMIO tem audi\u00eancia recorde nas transmiss\u00f5es da F\u00f3rmula E com eP de M\u00f4naco"},"content":{"rendered":"\n<p class=\"wp-block-paragraph\">As transmiss\u00f5es da <strong><a href=\"https:\/\/www.grandepremio.com\/br\/formula-e\/\">F\u00f3rmula E<\/a><\/strong> s\u00e3o, cada vez mais, um sucesso. O <strong>GRANDE PR\u00caMIO<\/strong> registrou o recorde de audi\u00eancia simult\u00e2nea numa transmiss\u00e3o da categoria desde que se tornou detentor dos direitos de transmiss\u00e3o, em fevereiro de 2023. Foi neste s\u00e1bado (27), com o <strong><a href=\"https:\/\/www.grandepremio.com\/br\/formula-e\/noticias\/mitch-evans-lidera-1-2-jaguar-vence-ep-de-monaco-formula-e\/\">eP de M\u00f4naco<\/a><\/strong>.<\/p>\n\n\n\n<p class=\"wp-block-paragraph\">O n\u00famero de visualiza\u00e7\u00f5es simult\u00e2neos durante a exibi\u00e7\u00e3o ao vivo da prova monegasca foi de 8.235 pessoas. Menos de duas horas ap\u00f3s o fim da corrida, o evento j\u00e1 havia sido assistido um total de 43.000 vezes, com 5.300 curtidas no canal do <strong><a href=\"https:\/\/www.youtube.com\/@GrandePremio1\">GRANDE PR\u00caMIO do Youtube<\/a><\/strong>.<\/p>\n\n\n\n<p class=\"wp-block-paragraph\">O recorde anterior fora atingido durante o <strong><a href=\"https:\/\/www.grandepremio.com\/br\/formula-e\/noticias\/sam-bird-supera-mitch-evans-garante-1a-vitoria-mclaren-formula-e-sao-paulo\/\">eP de S\u00e3o Paulo<\/a><\/strong> deste ano, quando se aproximara de 8.000 visualiza\u00e7\u00f5es no ao vivo. Demonstra\u00e7\u00e3o do interesse crescente do p\u00fablico e da consolida\u00e7\u00e3o do GRANDE PR\u00caMIO como plataforma de streaming para transmiss\u00f5es do esporte a motor.<\/p>\n\n\n\n<p class=\"wp-block-paragraph\">Na pista, embora a prova tenha sido extremamente movimentada, a vit\u00f3ria ficou foi conquistada com certo dom\u00ednio. Quando <strong>Mitch Evans<\/strong> e <strong>Mitch Cassidy<\/strong> assumiram as duas primeiras coloca\u00e7\u00f5es, partiram sem que fossem incomodados numa dobradinha da <strong>Jaguar<\/strong>.<\/p>\n\n\n\n<figure class=\"wp-block-image size-large\"><img decoding=\"async\" src=\"https:\/\/www.grandepremio.com\/br\/wp-content\/uploads\/2024\/04\/Jaguar-Monaco-1024x582.jpg\" alt=\"\" class=\"wp-image-806496\"\/><figcaption class=\"wp-element-caption\">A Jaguar executou uma estrat\u00e9gia perfeita e venceu com m\u00e9ritos em M\u00f4naco (Foto: F\u00f3rmula E)<\/figcaption><\/figure>\n\n\n\n<p class=\"wp-block-paragraph\">Com isso, a Jaguar lidera o <strong><a href=\"https:\/\/www.grandepremio.com\/br\/formula-e\/noticias\/pascal-wehrlein-estende-lideranca-formula-e-ep-de-monaco-confira-classificacao\/\">Campeonato de Equipes<\/a><\/strong> com 172 pontos contra 128 da vice <strong>Porsche<\/strong>. Entre os Pilotos, <strong>Pascal Wehrlein<\/strong> aparece na frente, com 102 e sete de vantagem para <strong>Nick Cassidy<\/strong>.<\/p>\n\n\n\n<p class=\"wp-block-paragraph\">A pr\u00f3xima etapa da\u00a0<a href=\"https:\/\/www.grandepremio.com\/br\/formula-e\/\" target=\"_blank\" rel=\"noreferrer noopener\">F\u00f3rmula E<\/a>, que abre a segunda metade da temporada 2023\/24, acontece entre os dias\u00a0<strong>11 e 12 de maio<\/strong>, na rodada dupla do\u00a0<strong>eP de\u00a0<a href=\"https:\/\/www.grandepremio.com\/br\/circuito\/berlim\/\" target=\"_blank\" rel=\"noreferrer noopener\">Berlim<\/a><\/strong>. O\u00a0<strong>GRANDE<\/strong>\u00a0<strong>PR\u00caMIO\u00a0<\/strong>transmite todas as atividades de pista\u00a0<strong>AO VIVO\u00a0<\/strong>e\u00a0<strong>COM<\/strong>\u00a0<strong>IMAGENS<\/strong>.<\/p>\n\n\n\n<p class=\"wp-block-paragraph\"><strong><img decoding=\"async\" src=\"https:\/\/s.w.org\/images\/core\/emoji\/14.0.0\/svg\/25b6.svg\" alt=\"\u25b6\ufe0f\" style=\"width: 20px;\">\u00a0Inscreva-se nos dois canais do GRANDE PR\u00caMIO no YouTube:\u00a0<a href=\"https:\/\/www.youtube.com\/channel\/UC9OlHEgxoaY6QY6nWPoiqQg?sub_confirmation=1\" target=\"_blank\" rel=\"noreferrer noopener\">GP<\/a>\u00a0|\u00a0<a href=\"https:\/\/www.youtube.com\/channel\/UC9csiS6q_C3C0FYhyr1rnFA?sub_confirmation=1\" target=\"_blank\" rel=\"noreferrer noopener\">GP2<\/a><\/strong><br><strong><img decoding=\"async\" src=\"https:\/\/s.w.org\/images\/core\/emoji\/14.0.0\/svg\/25b6.svg\" alt=\"\u25b6\ufe0f\" style=\"width: 20px;\">\u00a0<a href=\"https:\/\/www.twitch.tv\/grandepremio\" target=\"_blank\" rel=\"noreferrer noopener\">Conhe\u00e7a o canal do GRANDE PR\u00caMIO na Twitch clicando aqui!<\/a><\/strong><\/p>\n\n\n\n<figure class=\"wp-block-embed is-type-video is-provider-youtube wp-block-embed-youtube wp-embed-aspect-4-3 wp-has-aspect-ratio\"><div class=\"wp-block-embed__wrapper\">\n<iframe loading=\"lazy\" title=\"F\u00d3RMULA E 2024 COM IMAGENS - eP DE M\u00d4NACO | 8\u00aa etapa | Corrida\" width=\"500\" height=\"281\" src=\"https:\/\/www.youtube.com\/embed\/wPtoSGoDGG0?feature=oembed\" frameborder=\"0\" allow=\"accelerometer; autoplay; clipboard-write; encrypted-media; gyroscope; picture-in-picture; web-share\" referrerpolicy=\"strict-origin-when-cross-origin\" allowfullscreen><\/iframe>\n<\/div><figcaption class=\"wp-element-caption\">F\u00d3RMULA E 2024 COM IMAGENS &#8211; eP DE M\u00d4NACO | 8\u00aa etapa | Corrida<\/figcaption><\/figure>\n","protected":false},"excerpt":{"rendered":"<p>O GRANDE PR\u00caMIO alcan\u00e7ou, neste s\u00e1bado (27), a maior audi\u00eancia nas quase duas temporadas em que det\u00e9m os direitos de transmiss\u00e3o da F\u00f3rmula E no Brasil<\/p>\n","protected":false},"author":0,"featured_media":1000806743,"comment_status":"closed","ping_status":"closed","sticky":false,"template":"","format":"standard","meta":{"42wp_featured_image_caption":"","42wp_featured_image_credits":"","42wp_featured_video":"","42wp_featured_image_hidden":false,"42wp_authors_list":[],"footnotes":""},"categories":[19],"tags":[34133,37542,37543,37743,37744,5660,26410,37762,5180,35967,34647,37545,39226,33841,37745],"42wp_author":[47120],"class_list":["post-79786","post","type-post","status-publish","format-standard","has-post-thumbnail","hentry","category-formula-e","tag-assistir-formula-e-ao-vivo","tag-assistir-formula-e-gratis","tag-assistir-formula-e-online","tag-calendario-formula-e-2024","tag-calendario-formula-e-2024-horarios","tag-classificacao","tag-classificacao-da-formula-e","tag-classificacao-formula-e-2024","tag-ep-de-monaco","tag-formula-e-2024","tag-formula-e-ao-vivo","tag-formula-e-live","tag-formula-e-monaco","tag-formula-e-no-grande-premio","tag-formula-e-tv-2024","42wp_author-pedro-henrique-marum"],"_links":{"self":[{"href":"https:\/\/grandepremio.com\/br\/wp-json\/wp\/v2\/posts\/79786","targetHints":{"allow":["GET"]}}],"collection":[{"href":"https:\/\/grandepremio.com\/br\/wp-json\/wp\/v2\/posts"}],"about":[{"href":"https:\/\/grandepremio.com\/br\/wp-json\/wp\/v2\/types\/post"}],"replies":[{"embeddable":true,"href":"https:\/\/grandepremio.com\/br\/wp-json\/wp\/v2\/comments?post=79786"}],"version-history":[{"count":0,"href":"https:\/\/grandepremio.com\/br\/wp-json\/wp\/v2\/posts\/79786\/revisions"}],"wp:featuredmedia":[{"embeddable":true,"href":"https:\/\/grandepremio.com\/br\/wp-json\/wp\/v2\/media\/1000806743"}],"wp:attachment":[{"href":"https:\/\/grandepremio.com\/br\/wp-json\/wp\/v2\/media?parent=79786"}],"wp:term":[{"taxonomy":"category","embeddable":true,"href":"https:\/\/grandepremio.com\/br\/wp-json\/wp\/v2\/categories?post=79786"},{"taxonomy":"post_tag","embeddable":true,"href":"https:\/\/grandepremio.com\/br\/wp-json\/wp\/v2\/tags?post=79786"},{"taxonomy":"42wp_author","embeddable":true,"href":"https:\/\/grandepremio.com\/br\/wp-json\/wp\/v2\/42wp_author?post=79786"}],"curies":[{"name":"wp","href":"https:\/\/api.w.org\/{rel}","templated":true}]}}