{"id":79791,"date":"2024-04-27T14:29:20","date_gmt":"2024-04-27T17:29:20","guid":{"rendered":"https:\/\/grandepremio.com\/br\/noticias\/lucas-di-grassi-elogia-recuperacao-ep-de-monaco-lamenta-maos-vazias-11o\/"},"modified":"2024-04-27T14:41:47","modified_gmt":"2024-04-27T17:41:47","slug":"lucas-di-grassi-elogia-recuperacao-ep-de-monaco-lamenta-maos-vazias-11o","status":"publish","type":"post","link":"https:\/\/grandepremio.com\/br\/formula-e\/lucas-di-grassi-elogia-recuperacao-ep-de-monaco-lamenta-maos-vazias-11o\/","title":{"rendered":"Di Grassi elogia recupera\u00e7\u00e3o no eP de M\u00f4naco, mas lamenta &#8220;sair de m\u00e3os vazias&#8221; em 11\u00ba"},"content":{"rendered":"\n<p class=\"wp-block-paragraph\"><strong>Lucas Di Grassi <\/strong>passou perto de voltar a somar pontos na <strong>F\u00f3rmula E<\/strong> neste s\u00e1bado (27), no <strong>eP de M\u00f4naco<\/strong>, <a href=\"https:\/\/youtu.be\/wPtoSGoDGG0\" target=\"_blank\" rel=\"noreferrer noopener\">mas novamente terminou em <strong>11\u00ba<\/strong><\/a><strong> <\/strong>\u2014 uma posi\u00e7\u00e3o abaixo do grupo que pontua. Ap\u00f3s a prova, o brasileiro elogiou a estrat\u00e9gia tra\u00e7ada pela <strong>ABT Cupra<\/strong>, mas lamentou sair de &#8220;m\u00e3os vazias&#8221; ap\u00f3s executar boa recupera\u00e7\u00e3o e terminar a corrida fora do top-10, apenas <strong>0s8 <\/strong>atr\u00e1s do d\u00e9cimo <strong>Norman<\/strong> <strong>Nato<\/strong>.<\/p>\n\n\n\n<p class=\"wp-block-paragraph\">&#8220;No geral podemos nos orgulhar de nossa corrida hoje&#8221;, disse Di Grassi. &#8220;A largada foi boa, a estrat\u00e9gia foi perfeita e conseguimos algumas boas ultrapassagens. Ainda assim, \u00e9 uma pena sair de m\u00e3os vazias, com o 11\u00ba lugar na segunda corrida seguida&#8221;, lamentou.<\/p>\n\n\n\n<p class=\"wp-block-paragraph\">&#8220;Foi uma grande semana aqui, \u00e9 minha segunda casa, e estou feliz pelo apoio que recebi de minha fam\u00edlia, amigos e parceiros&#8221;, finalizou Di Grassi.<\/p>\n\n\n\n<p class=\"wp-block-paragraph\">Companheiro de equipe do brasileiro, <strong>Nico M\u00fcller <\/strong>teve sua volta mais r\u00e1pida deletada na fase de grupos, o que o jogou para a pen\u00faltima posi\u00e7\u00e3o do grid de largada. O su\u00ed\u00e7o disse que j\u00e1 esperava uma corrida dif\u00edcil, mas tudo <a href=\"https:\/\/www.grandepremio.com\/br\/video\/formula-e\/nico-muller-sofre-empurrao-jake-hughes-bate-rascasse-causa-safety-car-monaco-formula-e\/\" target=\"_blank\" rel=\"noreferrer noopener\">ficou ainda pior ao ser empurrado<\/a> por <strong>Robin<\/strong> <strong>Frijns<\/strong> no muro da Rascasse. No fim, o piloto <strong>#51<\/strong> precisou abandonar devido aos danos.<\/p>\n\n\n\n<figure class=\"wp-block-image size-large\"><img decoding=\"async\" src=\"https:\/\/www.grandepremio.com\/br\/wp-content\/uploads\/2024\/04\/EPS1008_074126DSC_7237-2048x2048-1-1024x683.jpg\" alt=\"\" class=\"wp-image-806680\"\/><figcaption class=\"wp-element-caption\">M\u00fcller tamb\u00e9m lamentou o empurr\u00e3o de Hughes na parte final da prova (Foto: F\u00f3rmula E)<\/figcaption><\/figure>\n\n\n\n<p class=\"wp-block-paragraph\">&#8220;Depois da puni\u00e7\u00e3o na classifica\u00e7\u00e3o que me fez largar no fundo do grid, estava claro que seria um dia dif\u00edcil&#8221;, admitiu M\u00fcller. &#8220;Ainda fizemos uma boa estrat\u00e9gia e uma pilotagem muito eficiente. Conseguimos nos aproximar do top-10, mas, infelizmente, fui tirado da corrida por outro competidor. Ent\u00e3o, n\u00e3o recebemos a recompensa&#8221;, completou.<\/p>\n\n\n\n<p class=\"wp-block-paragraph\">Com o resultado, Di Grassi segue com <strong>um ponto <\/strong>somado no campeonato, na corrida 1 de <strong>Misano<\/strong>, e ocupa a <strong>20\u00aa coloca\u00e7\u00e3o <\/strong>do Mundial de Pilotos da F\u00f3rmula E. M\u00fcller, por sua vez, tem <strong>18 tentos <\/strong>e continua na <strong>16\u00aa posi\u00e7\u00e3o <\/strong>ap\u00f3s o abandono em M\u00f4naco.<\/p>\n\n\n\n<p class=\"wp-block-paragraph\">A pr\u00f3xima etapa da\u00a0<a href=\"https:\/\/www.grandepremio.com\/br\/formula-e\/\" target=\"_blank\" rel=\"noreferrer noopener\">F\u00f3rmula E<\/a>, que abre a segunda metade da temporada 2023\/24, acontece entre os dias\u00a0<strong>11 e 12 de maio<\/strong>, na rodada dupla do\u00a0<strong>eP de\u00a0<a href=\"https:\/\/www.grandepremio.com\/br\/circuito\/berlim\/\" target=\"_blank\" rel=\"noreferrer noopener\">Berlim<\/a><\/strong>. O\u00a0<strong>GRANDE<\/strong>\u00a0<strong>PR\u00caMIO\u00a0<\/strong>transmite todas as atividades de pista\u00a0<strong>AO VIVO\u00a0<\/strong>e\u00a0<strong>COM<\/strong>\u00a0<strong>IMAGENS<\/strong>.<\/p>\n\n\n\n<p class=\"wp-block-paragraph\"><strong><img decoding=\"async\" style=\"width: 20px;\" src=\"https:\/\/s.w.org\/images\/core\/emoji\/14.0.0\/svg\/25b6.svg\" alt=\"\u25b6\ufe0f\">\u00a0Inscreva-se nos dois canais do GRANDE PR\u00caMIO no YouTube:\u00a0<a href=\"https:\/\/www.youtube.com\/channel\/UC9OlHEgxoaY6QY6nWPoiqQg?sub_confirmation=1\" target=\"_blank\" rel=\"noreferrer noopener\">GP<\/a>\u00a0|\u00a0<a href=\"https:\/\/www.youtube.com\/channel\/UC9csiS6q_C3C0FYhyr1rnFA?sub_confirmation=1\" target=\"_blank\" rel=\"noreferrer noopener\">GP2<\/a><\/strong><br><strong><img decoding=\"async\" style=\"width: 20px;\" src=\"https:\/\/s.w.org\/images\/core\/emoji\/14.0.0\/svg\/25b6.svg\" alt=\"\u25b6\ufe0f\">\u00a0<a href=\"https:\/\/www.twitch.tv\/grandepremio\" target=\"_blank\" rel=\"noreferrer noopener\">Conhe\u00e7a o canal do GRANDE PR\u00caMIO na Twitch clicando aqui!<\/a><\/strong><\/p>\n\n\n\n<figure class=\"wp-block-video\"><video class=\"video-js vjs-big-play-centered\" data-gp-vjs=\"1\" controls src=\"https:\/\/www.grandepremio.com\/br\/wp-content\/uploads\/2024\/04\/Muller-ep-de-monaco.mp4\"><\/video><figcaption class=\"wp-element-caption\">M\u00fcller levou a pior em contato com Frijns e abandonou (V\u00eddeo: Reprodu\u00e7\u00e3o\/GRANDE PR\u00caMIO)<\/figcaption><\/figure>\n\n\n\n<figure class=\"wp-block-embed is-type-video is-provider-youtube wp-block-embed-youtube wp-embed-aspect-4-3 wp-has-aspect-ratio\"><div class=\"wp-block-embed__wrapper\">\n<iframe loading=\"lazy\" title=\"F\u00d3RMULA E 2024 COM IMAGENS - eP DE M\u00d4NACO | 8\u00aa etapa | Corrida\" width=\"500\" height=\"281\" src=\"https:\/\/www.youtube.com\/embed\/wPtoSGoDGG0?feature=oembed\" frameborder=\"0\" allow=\"accelerometer; autoplay; clipboard-write; encrypted-media; gyroscope; picture-in-picture; web-share\" referrerpolicy=\"strict-origin-when-cross-origin\" allowfullscreen><\/iframe>\n<\/div><\/figure>\n","protected":false},"excerpt":{"rendered":"<p>Mais uma vez, Lucas Di Grassi bateu na trave do top-10 no eP de M\u00f4naco. O brasileiro elogiou a estrat\u00e9gia da ABT Cupra que o permitiu ganhar posi\u00e7\u00f5es, mas lamentou a aus\u00eancia de pontos em Monte Carlo<\/p>\n","protected":false},"author":0,"featured_media":1000806683,"comment_status":"closed","ping_status":"closed","sticky":false,"template":"","format":"standard","meta":{"42wp_featured_image_caption":"","42wp_featured_image_credits":"","42wp_featured_video":"","42wp_featured_image_hidden":false,"42wp_authors_list":[],"footnotes":""},"categories":[19],"tags":[28679,6853,5180,379,36881,840,35967,39226,1601,1491,30103,28285,966,39207,764,36219],"42wp_author":[47142],"class_list":["post-79791","post","type-post","status-publish","format-standard","has-post-thumbnail","hentry","category-formula-e","tag-calendario-formula-e","tag-classificacao-formula-e","tag-ep-de-monaco","tag-fe","tag-fe-2024","tag-formula-e","tag-formula-e-2024","tag-formula-e-monaco","tag-gen3","tag-grande-premio","tag-grande-premio-f1","tag-grandepremio","tag-lucas-di-grassi","tag-monaco-eprix","tag-monte-carlo","tag-onde-assistir-formula-e","42wp_author-jp-nascimento"],"_links":{"self":[{"href":"https:\/\/grandepremio.com\/br\/wp-json\/wp\/v2\/posts\/79791","targetHints":{"allow":["GET"]}}],"collection":[{"href":"https:\/\/grandepremio.com\/br\/wp-json\/wp\/v2\/posts"}],"about":[{"href":"https:\/\/grandepremio.com\/br\/wp-json\/wp\/v2\/types\/post"}],"replies":[{"embeddable":true,"href":"https:\/\/grandepremio.com\/br\/wp-json\/wp\/v2\/comments?post=79791"}],"version-history":[{"count":0,"href":"https:\/\/grandepremio.com\/br\/wp-json\/wp\/v2\/posts\/79791\/revisions"}],"wp:featuredmedia":[{"embeddable":true,"href":"https:\/\/grandepremio.com\/br\/wp-json\/wp\/v2\/media\/1000806683"}],"wp:attachment":[{"href":"https:\/\/grandepremio.com\/br\/wp-json\/wp\/v2\/media?parent=79791"}],"wp:term":[{"taxonomy":"category","embeddable":true,"href":"https:\/\/grandepremio.com\/br\/wp-json\/wp\/v2\/categories?post=79791"},{"taxonomy":"post_tag","embeddable":true,"href":"https:\/\/grandepremio.com\/br\/wp-json\/wp\/v2\/tags?post=79791"},{"taxonomy":"42wp_author","embeddable":true,"href":"https:\/\/grandepremio.com\/br\/wp-json\/wp\/v2\/42wp_author?post=79791"}],"curies":[{"name":"wp","href":"https:\/\/api.w.org\/{rel}","templated":true}]}}