{"id":7984,"date":"2026-06-06T18:48:45","date_gmt":"2026-06-06T21:48:45","guid":{"rendered":"https:\/\/grandepremio.com\/br\/2026\/06\/06\/alex-palou-espanta-rivais-conquista-pole-position-gp-de-st-louis-indy\/"},"modified":"2026-06-06T19:53:03","modified_gmt":"2026-06-06T22:53:03","slug":"alex-palou-espanta-rivais-conquista-pole-position-gp-de-st-louis-indy","status":"publish","type":"post","link":"https:\/\/grandepremio.com\/br\/indy\/alex-palou-espanta-rivais-conquista-pole-position-gp-de-st-louis-indy\/","title":{"rendered":"Palou espanta rivais e conquista pole-position do GP de St. Louis da Indy"},"content":{"rendered":"\n<p class=\"wp-block-paragraph\"><a href=\"https:\/\/www.grandepremio.com\/br\/indy\/noticias\/alex-palou-admite-sempre-ter-dificuldades-st-louis-brinca-falta-talento\/\">Depois de afirmar que enfrenta dificuldades em <strong>Gateway<\/strong><\/a>, <strong>\u00c1lex Palou<\/strong> &#8220;se desmentiu&#8221; com a pole-position do <strong>GP de St. Louis<\/strong>, conquistada neste s\u00e1bado (6), no oval da cidade de <strong>Madison<\/strong>, <strong>Illinois<\/strong>. O piloto da <strong>Ganassi<\/strong> anotou 51s619 no somat\u00f3rio das duas voltas r\u00e1pidas e larga na frente corrida deste domingo (7), \u00e0s 22h (de Bras\u00edlia, GMT -3).<\/p>\n\n\n\n<p class=\"wp-block-paragraph\">\u00daltimo a entrar na pista, Palou cravou a quarta pole-position consecutiva na temporada 2026 da Indy, a 18\u00aa da carreira. O espanhol foi 0s331 no somat\u00f3rio das duas voltas para <strong>David Malukas<\/strong>, da <strong>Penske<\/strong>, que vai sair na segunda posi\u00e7\u00e3o.<\/p>\n\n\n\n<figure class=\"wp-block-embed is-type-video is-provider-youtube wp-block-embed-youtube wp-embed-aspect-16-9 wp-has-aspect-ratio\"><div class=\"wp-block-embed__wrapper\">\n<iframe loading=\"lazy\" title=\"FIZEMOS A TIER LIST: VERSTAPPEN, ALONSO, HAMILTON E MAIS... QUEM PODE PARAR PALOU? | SPRINT GP\" width=\"500\" height=\"281\" src=\"https:\/\/www.youtube.com\/embed\/eZ_sCPlMZxM?feature=oembed\" frameborder=\"0\" allow=\"accelerometer; autoplay; clipboard-write; encrypted-media; gyroscope; picture-in-picture; web-share\" referrerpolicy=\"strict-origin-when-cross-origin\" allowfullscreen><\/iframe>\n<\/div><\/figure>\n\n\n\n<p class=\"wp-block-paragraph\">Vencedor da etapa de 2026, <strong>Kyle Kirkwood<\/strong> colocou a <strong>Andretti<\/strong> na terceira coloca\u00e7\u00e3o, com 51s961. <strong>Felix Rosenqvist<\/strong> anotou 52s037 e vai sair em quarto com a <strong>Meyer Shank<\/strong>, logo \u00e0 frente de <strong>Scott McLaughlin<\/strong>, que fez 52s062 com a <strong>Penske<\/strong>.<\/p>\n\n\n\n<p class=\"wp-block-paragraph\"><strong>Marcus Armstrong <\/strong>refor\u00e7ou o bom momento da Meyer Shank com a sexta posi\u00e7\u00e3o no grid de largada, registrando 52s179, sendo 0s0008 mais r\u00e1pido que <strong>Scott Dixon<\/strong>, que vai largar em s\u00e9timo. <strong>Josef Newgarden<\/strong> vai largar em oitavo com a Penske, ap\u00f3s registrar 52s199. <strong>Pato O&#8217;Ward<\/strong>, da <strong>McLaren<\/strong>, e <strong>Alexander Rossi<\/strong>, da Carpenter, concluiram o top-10, com 52s328 e 52s349, respectivamente.<\/p>\n\n\n\n<p class=\"wp-block-paragraph\"><strong>Caio Collet<\/strong> ficou com o 20\u00ba lugar no grid do GP de St. Louis da Indy, com 52s908, ficando atr\u00e1s de <strong>Christian Rasmussen<\/strong>, da Carpenter, por 0s0006, e logo \u00e0 frente de <strong>Will Power<\/strong>, da Andretti.<\/p>\n\n\n\n<figure class=\"wp-block-image size-large\"><img decoding=\"async\" src=\"https:\/\/www.grandepremio.com\/br\/wp-content\/uploads\/2026\/06\/Bommarito-Automotive-Group-500-Saturday_-June-6_-2026_Large-Image-Without-Watermark_m157165-1200x800.jpg\" alt=\"\" class=\"wp-image-1095925\"\/><figcaption class=\"wp-element-caption\">Caio Collet (Foto: IndyCar)<\/figcaption><\/figure>\n\n\n\n<p class=\"wp-block-paragraph\">A corrida do <strong>GP de St. Louis<\/strong> da <strong>Indy<\/strong> est\u00e1 marcada para este domingo (7), \u00e0s 22h (de Bras\u00edlia, GMT-3), com cobertura do <strong>GRANDE PR\u00caMIO<\/strong>.<\/p>\n\n\n\n<h2 class=\"wp-block-heading\" id=\"h-como-foi-a-classificacao-da-indy\"><strong>Como foi a classifica\u00e7\u00e3o da Indy<\/strong><\/h2>\n\n\n\n<p class=\"wp-block-paragraph\">A classifica\u00e7\u00e3o da Indy em St. Louis come\u00e7ou \u00e0s 17h36 (de Bras\u00edlia, GMT-3). Por se tratar de um circuito oval, os pilotos foram \u00e0 pista individualmente para realizar duas voltas r\u00e1pidas, seguindo a ordem inversa da classifica\u00e7\u00e3o dos carros \u2014 Mick Schumacher seria o primeiro a acelerar, enquanto \u00c1lex Palou fecharia a sess\u00e3o. A soma dos tempos das duas voltas definiria o grid de largada.<\/p>\n\n\n\n<p class=\"wp-block-paragraph\">Schumacher estabeleceu o primeiro par\u00e2metro ao registrar 52s851, com duas voltas na casa de 26s425. Christian Rasmussen foi \u00e0 pista na sequ\u00eancia, mas o piloto da Carpenter n\u00e3o conseguiu superar o alem\u00e3o, marcando 52s908, com parciais de 26s447 e 26s461.<\/p>\n\n\n\n<p class=\"wp-block-paragraph\">Sting Ray Robb completou as duas voltas em 53s551, ficando atr\u00e1s dos dois pilotos que j\u00e1 haviam acelerado. O norte-americano antecedeu Caio Collet. O brasileiro assumiu a terceira coloca\u00e7\u00e3o, atr\u00e1s de Schumacher e Rasmussen, ao registrar 52s908 \u2014 apenas 0s0006 mais lento que o dinamarqu\u00eas.<\/p>\n\n\n\n<figure class=\"wp-block-image size-large\"><img decoding=\"async\" src=\"https:\/\/www.grandepremio.com\/br\/wp-content\/uploads\/2026\/06\/Bommarito-Automotive-Group-500-Saturday_-June-6_-2026_Large-Image-Without-Watermark_m157303-1200x800.jpg\" alt=\"\" class=\"wp-image-1095999\"\/><figcaption class=\"wp-element-caption\">Christian Rasmussen (Foto: Indycar)<\/figcaption><\/figure>\n\n\n\n<p class=\"wp-block-paragraph\">Romain Grosjean foi o quinto a marcar tempo e registrou 53s249 pela Dale Coyne, ficando \u00e0 frente apenas de Robb. Depois de um breve intervalo, Nolan Siegel foi liberado para ir \u00e0 pista. O piloto da McLaren terminou atr\u00e1s de Collet, com 53s233.<\/p>\n\n\n\n<p class=\"wp-block-paragraph\">Louis Foster, enfim, desbancou Mick Schumacher da lideran\u00e7a. Com voltas de 26s343 e 26s420, o brit\u00e2nico assumiu a primeira coloca\u00e7\u00e3o ao registrar 52s764. Recordista de pole-positions na Indy, Will Power n\u00e3o foi bem e marcou apenas o quinto melhor tempo at\u00e9 ent\u00e3o, com 53s044, ficando entre Collet e Siegel.<\/p>\n\n\n\n<p class=\"wp-block-paragraph\">Dennis Hauger foi o nono a registrar tempo e terminou apenas na oitava coloca\u00e7\u00e3o, com 53s339 no somat\u00f3rio, 0s090 atr\u00e1s do companheiro de Dale Coyne, Grosjean. Santino Ferrucci veio na sequ\u00eancia e assumiu a lideran\u00e7a ao registrar 52s635. A primeira de suas duas voltas, em 26s262, passou a ser o melhor giro da classifica\u00e7\u00e3o at\u00e9 aquele momento.<\/p>\n\n\n\n<p class=\"wp-block-paragraph\">A lideran\u00e7a ficou pouco tempo com Ferrucci. Kyffin Simpson registrou 52s585 pela Ganassi e superou o companheiro de Collet na Foyt. O piloto das Ilhas Cayman tamb\u00e9m n\u00e3o desfrutou da pole provis\u00f3ria por muito tempo, j\u00e1 que Alexander Rossi voou para marcar 52s349, com voltas de 26s141 e 26s207, assumindo a primeira coloca\u00e7\u00e3o para a Carpenter.<\/p>\n\n\n\n<figure class=\"wp-block-image size-large\"><img decoding=\"async\" src=\"https:\/\/www.grandepremio.com\/br\/wp-content\/uploads\/2026\/06\/Bommarito-Automotive-Group-500-Saturday_-June-6_-2026_Large-Image-Without-Watermark_m157166-1200x800.jpg\" alt=\"\" class=\"wp-image-1095938\"\/><figcaption class=\"wp-element-caption\">Rinus VeeKay (Foto: Indycar)<\/figcaption><\/figure>\n\n\n\n<p class=\"wp-block-paragraph\">Depois de bater no primeiro treino livre, disputado no in\u00edcio da tarde, Rinus VeeKay mostrou que a Juncos conseguiu recuperar bem o carro e anotou o segundo melhor tempo, com 52s570. Marcus Ericsson veio na sequ\u00eancia e quase tocou o muro na primeira volta, mas manteve boa velocidade para superar o neerland\u00eas com 52s513 pela Andretti.<\/p>\n\n\n\n<p class=\"wp-block-paragraph\">Dono de 28 poles na Indy, Scott Dixon alimentou o sonho da 29\u00aa ao registrar 26s030 na primeira volta e 26s146 na segunda, assumindo a lideran\u00e7a com 52s180. A primeira posi\u00e7\u00e3o mudou de m\u00e3os logo na sequ\u00eancia, mas permaneceu com um neozeland\u00eas. Marcus Armstrong superou o hexacampe\u00e3o por apenas 0s0008.<\/p>\n\n\n\n<p class=\"wp-block-paragraph\">Graham Rahal colocou a RLL na quarta coloca\u00e7\u00e3o, fechando entre Rossi e Ericsson, com 52s484. Na sequ\u00eancia, Josef Newgarden foi \u00e0 pista, mas n\u00e3o conseguiu a pole provis\u00f3ria, apenas de ter feito a melhor volta da sess\u00e3o (26s026). O representante da Penske fez 52s199 no somat\u00f3rio.<\/p>\n\n\n\n<p class=\"wp-block-paragraph\">Scott McLaughlin, sim, assumiu a primeira coloca\u00e7\u00e3o com 52s062, sendo o primeiro piloto a andar na cara de 25s \u2014 fez 25s950 na primeira volta. Vencedor da Indy 500, Felix Rosenqvist tomou a dianteira, com 52s037, sendo 0s025 mais r\u00e1pido que o #3 da Penske no somat\u00f3rio.<\/p>\n\n\n\n<p class=\"wp-block-paragraph\"><a href=\"https:\/\/www.grandepremio.com\/br\/indy\/noticias\/pato-oward-supera-alex-palou-instantes-finais-lidera-treino-livre-1-indy-st-louis\/\">Depois de liderar o treino livre 1<\/a>, Pato O&#8217;Ward n\u00e3o conseguiu fazer frente aos primeiros em St. Louis. O piloto da McLaren ficou em sexto, com 52s380, entre Newgarden e Rossi. Christian Lundgaard foi ainda pior na classifica\u00e7\u00e3o, concluindo em 13\u00ba, com 52s645, fechando entre Ferrucci e Foster.<\/p>\n\n\n\n<figure class=\"wp-block-image size-large\"><img decoding=\"async\" src=\"https:\/\/www.grandepremio.com\/br\/wp-content\/uploads\/2026\/06\/Bommarito-Automotive-Group-500-Saturday_-June-6_-2026_Large-Image-Without-Watermark_m157304-1200x800.jpg\" alt=\"\" class=\"wp-image-1096000\"\/><figcaption class=\"wp-element-caption\">Pato O&#8217;Ward (Foto: Indycar)<\/figcaption><\/figure>\n\n\n\n<p class=\"wp-block-paragraph\">David Malukas veio na sequ\u00eancia e ficou com a pole provis\u00f3ria, tornando-se o primeiro a andar na casa de 51s no somat\u00f3rio de duas voltas, com 51s950. Kyle Kirkwood foi \u00e0 pista na sequ\u00eancia, mas n\u00e3o conseguiu superar o #12, fechando em segundo, com 51s961.<\/p>\n\n\n\n<p class=\"wp-block-paragraph\">\u00daltimo a ir a pista, \u00c1lex Palou conquistou a quarta pole-position seguida com 51s619, colocando mais de 0s3 de vantagem para Malukas.<\/p>\n\n\n\n<h2 class=\"wp-block-heading\" id=\"h-indy-2026-resultado-da-classificacao-do-gp-de-st-louis\">Indy 2026, resultado da classifica\u00e7\u00e3o do GP de St. Louis:<\/h2>\n\n\n\n<figure class=\"wp-block-table\"><table class=\"has-fixed-layout\"><tbody><tr><td>1<\/td><td>A PALOU<\/td><td>Ganassi Honda<\/td><td>51.619<\/td><td>Dif.<\/td><\/tr><tr><td>2<\/td><td>D MALUKAS<\/td><td>Penske Chevrolet<\/td><td>51.950<\/td><td>+0.331<\/td><\/tr><tr><td>3<\/td><td>K KIRKWOOD<\/td><td>Andretti Honda<\/td><td>51.961<\/td><td>+0.342<\/td><\/tr><tr><td>4<\/td><td>F ROSENQVIST<\/td><td>Meyer Shank Honda<\/td><td>52.037<\/td><td>+0.418<\/td><\/tr><tr><td>5<\/td><td>S McLAUGHLIN<\/td><td>Penske Chevrolet<\/td><td>52.062<\/td><td>+0.443<\/td><\/tr><tr><td>6<\/td><td>M ARMSTRONG<\/td><td>Meyer Shank Honda<\/td><td>52.179<\/td><td>+0.560<\/td><\/tr><tr><td>7<\/td><td>S DIXON<\/td><td>Ganassi Honda<\/td><td>52.180<\/td><td>+0.561<\/td><\/tr><tr><td>8<\/td><td>J NEWGARDEN<\/td><td>Penske Chevrolet<\/td><td>52.199<\/td><td>+0.580<\/td><\/tr><tr><td>9<\/td><td>P O&#8217;WARD<\/td><td>McLaren Chevrolet<\/td><td>52.328<\/td><td>+0.709<\/td><\/tr><tr><td>10<\/td><td>A ROSSI<\/td><td>Carpenter Chevrolet<\/td><td>52.349<\/td><td>+0.730<\/td><\/tr><tr><td>11<\/td><td>G RAHAL<\/td><td>RLL Honda<\/td><td>52.484<\/td><td>+0.865<\/td><\/tr><tr><td>12<\/td><td>M ERICSSON<\/td><td>Andretti Honda<\/td><td>52.513<\/td><td>+0.894<\/td><\/tr><tr><td>13<\/td><td>R VEEKAY<\/td><td>Juncos Chevrolet<\/td><td>52.570<\/td><td>+0.951<\/td><\/tr><tr><td>14<\/td><td>K SIMPSON<\/td><td>Ganassi Honda<\/td><td>52.585<\/td><td>+0.966<\/td><\/tr><tr><td>15<\/td><td>S FERRUCCI<\/td><td>Foyt Chevrolet<\/td><td>52.635<\/td><td>+1.016<\/td><\/tr><tr><td>16<\/td><td>C LUNDGAARD<\/td><td>McLaren Chevrolet<\/td><td>52.645<\/td><td>+1.026<\/td><\/tr><tr><td>17<\/td><td>L FOSTER<\/td><td>RLL Honda<\/td><td>52.764<\/td><td>+1.145<\/td><\/tr><tr><td>18<\/td><td>M SCHUMACHER<\/td><td>RLL Honda<\/td><td>52.851<\/td><td>+1.232<\/td><\/tr><tr><td>19<\/td><td>C RASMUSSEN<\/td><td>Carpenter Chevrolet<\/td><td>52.908<\/td><td>+1.289<\/td><\/tr><tr><td>20<\/td><td>C COLLET<\/td><td>Foyt Chevrolet<\/td><td>52.908<\/td><td>+1.289<\/td><\/tr><tr><td>21<\/td><td>W POWER<\/td><td>Andretti Honda<\/td><td>53.044<\/td><td>+1.425<\/td><\/tr><tr><td>22<\/td><td>N SIEGEL<\/td><td>McLaren Chevrolet<\/td><td>53.233<\/td><td>+1.614<\/td><\/tr><tr><td>23<\/td><td>R GROSJEAN<\/td><td>Dale Coyne Honda<\/td><td>53.249<\/td><td>+1.630<\/td><\/tr><tr><td>24<\/td><td>D HAUGER<\/td><td>Dale Coyne Honda<\/td><td>53.339<\/td><td>+1.720<\/td><\/tr><tr><td>25<\/td><td>S ROBB<\/td><td>Juncos Chevrolet<\/td><td>53.551<\/td><td>+1.932<\/td><\/tr><\/tbody><\/table><\/figure>\n\n\n\n<p class=\"wp-block-paragraph\"><strong>Inscreva-se nos dois canais do GRANDE PR\u00caMIO no YouTube:&nbsp;<a href=\"https:\/\/www.youtube.com\/channel\/UC9OlHEgxoaY6QY6nWPoiqQg?sub_confirmation=1\">GP<\/a>&nbsp;|&nbsp;<a href=\"https:\/\/www.youtube.com\/channel\/UC9csiS6q_C3C0FYhyr1rnFA?sub_confirmation=1\">GPTV<\/a><\/strong><\/p>\n\n\n\n<h2 class=\"wp-block-heading\" id=\"h-indy-hoje-saiba-aqui-as-noticias-mais-importantes-do-dia-da-indycar-series\"><strong>Indy hoje: saiba aqui as not\u00edcias mais importantes do dia da IndyCar Series<\/strong><\/h2>\n\n\n\n<p class=\"wp-block-paragraph\">A reda\u00e7\u00e3o do&nbsp;<strong>GRANDE PR\u00caMIO<\/strong>&nbsp;selecionou as not\u00edcias mais importantes das \u00faltimas horas para voc\u00ea ficar por dentro de tudo que acontece na Indy.<\/p>\n\n\n\n<p class=\"wp-block-paragraph\"><strong><a href=\"https:\/\/www.grandepremio.com\/br\/indy\/noticias\/pato-oward-supera-alex-palou-instantes-finais-lidera-treino-livre-1-indy-gateway\/\">O\u2019Ward supera Palou nos instantes finais e lidera treino livre 1 da Indy em Gateway<\/a><\/strong><br><strong><a href=\"https:\/\/www.grandepremio.com\/br\/indy\/noticias\/romain-grosjean-passa-cirurgia-para-tratar-fratura-mao-apos-acidente-com-alexander-rossi-detroit\/\">Grosjean passa por cirurgia para tratar fratura na m\u00e3o ap\u00f3s acidente com Rossi em Detroit<\/a><\/strong><br><strong><a href=\"https:\/\/www.grandepremio.com\/br\/indy\/noticias\/falhas-constantes-reducao-unidades-por-que-equipes-temem-falta-motores-indy\/\">Falhas constantes e redu\u00e7\u00e3o de unidades: por que equipes temem falta de motores na Indy<\/a><\/strong><br><strong><a href=\"https:\/\/www.grandepremio.com\/br\/indy\/noticias\/ganassi-andretti-detonam-criterio-indy-detroit-temem-road-america-vai-ser-piada\/\">Ganassi e Andretti detonam crit\u00e9rio da Indy em Detroit e temem Road America \u201cser piada\u201d<\/a><\/strong><br><strong><a href=\"https:\/\/www.grandepremio.com\/br\/indy\/noticias\/comissao-indy-anuncia-relatorios-pos-corrida-a-partir-gp-gateway\/\">Comiss\u00e3o da Indy anuncia relat\u00f3rios p\u00f3s-corrida a partir do GP de Gateway<\/a><\/strong><br><strong><a href=\"https:\/\/www.grandepremio.com\/br\/indy\/noticias\/enzo-fittipaldi-aproveita-caos-alheio-transforma-consistencia-em-lideranca-indy-nxt\/\">Fittipaldi aproveita caos alheio e transforma consist\u00eancia em lideran\u00e7a na Indy NXT<\/a><\/strong><br><strong><a href=\"https:\/\/www.grandepremio.com\/br\/indy\/noticias\/penske-traz-pintura-classica-para-gateway-recorda-vitoria-helio-castroneves-indy-500\/\">Penske traz pintura cl\u00e1ssica para Gateway e recorda vit\u00f3ria de Castroneves na Indy 500<\/a><\/strong><br><strong><a href=\"https:\/\/www.grandepremio.com\/br\/indy\/noticias\/mclaren-amplia-parceria-contrata-ryan-hunter-reay-como-diretor-esportivo-indy\/\">McLaren amplia parceria e contrata Hunter-Reay como diretor-esportivo na Indy<\/a><\/strong><a href=\"https:\/\/www.grandepremio.com\/br\/chefao\/\" target=\"_blank\" rel=\"noreferrer noopener\"><\/a><\/p>\n","protected":false},"excerpt":{"rendered":"<p>\u00c1lex Palou cravou quarta pole-position consecutiva na temporada 2026 da Indy, com 0s3 de vantagem para David Malukas em St. Louis<\/p>\n","protected":false},"author":0,"featured_media":1001096017,"comment_status":"closed","ping_status":"closed","sticky":false,"template":"","format":"standard","meta":{"42wp_featured_image_caption":"","42wp_featured_image_credits":"","42wp_featured_video":"","42wp_featured_image_hidden":false,"42wp_authors_list":[],"footnotes":""},"categories":[3],"tags":[2980,3172,9828,617,417,41045,3134,39286,448,1848,25053,231,649,3486,1824,831,41046,334,1581,4925,1142,3837,409,3144,619,322,1595,1826,41184,4938,3773,25213,25661,29099,45993,3622,23410,26235,9851,3771,25472,38377,26343,45771,5548,3475,45274,45990,130,2552,2561,2555,93,41047,232,27726,27665,30500,94,2514,41037,1555,4157,35404,791,3419,4985,31652,3936,3352,1569,1782,1294,4166,4510,40701,3136,26044,40869,25714,34364,43094,3135,20825,99,265,2463,3769,45992,349,1375,10198,2188,1331,3838,1869,120,830,732,266,5682,43796,3500,31345,44938,2610,45991,34703,3133],"42wp_author":[47155],"class_list":["post-7984","post","type-post","status-publish","format-standard","has-post-thumbnail","hentry","category-indy","tag-500-milhas-indianapolis","tag-alabama","tag-alex-palou","tag-alexander-rossi","tag-andretti","tag-arlington","tag-barber","tag-barber-motorsports-park","tag-caio-collet","tag-callum-ilott","tag-canada","tag-chevrolet","tag-christian-lundgaard","tag-christian-rasmussen","tag-conor-daly","tag-dale-coyne","tag-dallas-cowboys","tag-david-malukas","tag-dennis-hauger","tag-detroit","tag-dreyer-reinbold","tag-elkhart-lake","tag-enzo-fittipaldi","tag-felix-rosenqvist","tag-formula-indy","tag-foyt","tag-ganassi","tag-gateway","tag-gp-de-arlington","tag-gp-de-detroit","tag-gp-de-gateway","tag-gp-de-indianapolis","tag-gp-de-laguna-seca","tag-gp-de-long-beach","tag-gp-de-markham","tag-gp-de-mid-ohio","tag-gp-de-milwaukee","tag-gp-de-nashville","tag-gp-de-phoenix","tag-gp-de-portland","tag-gp-de-road-america","tag-gp-de-st-petersburgo","tag-gp-de-st-pete","tag-gp-de-washington","tag-gp-do-alabama","tag-graham-rahal","tag-guia-2026","tag-guia-da-indy-2026","tag-honda","tag-ims","tag-indianapolis","tag-indianapolis-motor-speedway","tag-indy","tag-indy-2026","tag-indy-500","tag-indy-ao-vivo","tag-indy-na-band","tag-indy-na-espn","tag-indycar","tag-jack-harvey","tag-jim-meyer","tag-josef-newgarden","tag-juncos","tag-kyffin-simpson","tag-kyle-kirkwood","tag-laguna-seca","tag-long-beach","tag-louis-foster","tag-madison","tag-marcus-armstrong","tag-marcus-ericsson","tag-meyer-shank","tag-mick-schumacher","tag-mid-ohio","tag-milwaukee","tag-milwaukee-mile","tag-misto","tag-nashville","tag-nashville-superspeedway","tag-nolan-siegel","tag-onde-assistir-a-indy","tag-onde-assistir-a-indy-ao-vivo","tag-oval","tag-oval-de-phoenix","tag-pato-oward","tag-penske","tag-phoenix","tag-portland","tag-portland-internacional-raceway","tag-prema","tag-push-to-pass","tag-rahal-letterman-lanigan","tag-rinus-veekay","tag-rll","tag-road-america","tag-robert-shwartzman","tag-romain-grosjean","tag-santino-ferrucci","tag-scott-dixon","tag-scott-mclaughlin","tag-st-pete","tag-st-louis","tag-sting-ray-robb","tag-temporada-2026","tag-temporada-2026-da-indy","tag-texas","tag-texas-rangers","tag-tymek-kucharczyk","tag-will-power","42wp_author-daniel-balsa"],"_links":{"self":[{"href":"https:\/\/grandepremio.com\/br\/wp-json\/wp\/v2\/posts\/7984","targetHints":{"allow":["GET"]}}],"collection":[{"href":"https:\/\/grandepremio.com\/br\/wp-json\/wp\/v2\/posts"}],"about":[{"href":"https:\/\/grandepremio.com\/br\/wp-json\/wp\/v2\/types\/post"}],"replies":[{"embeddable":true,"href":"https:\/\/grandepremio.com\/br\/wp-json\/wp\/v2\/comments?post=7984"}],"version-history":[{"count":1,"href":"https:\/\/grandepremio.com\/br\/wp-json\/wp\/v2\/posts\/7984\/revisions"}],"predecessor-version":[{"id":138908,"href":"https:\/\/grandepremio.com\/br\/wp-json\/wp\/v2\/posts\/7984\/revisions\/138908"}],"wp:featuredmedia":[{"embeddable":true,"href":"https:\/\/grandepremio.com\/br\/wp-json\/wp\/v2\/media\/1001096017"}],"wp:attachment":[{"href":"https:\/\/grandepremio.com\/br\/wp-json\/wp\/v2\/media?parent=7984"}],"wp:term":[{"taxonomy":"category","embeddable":true,"href":"https:\/\/grandepremio.com\/br\/wp-json\/wp\/v2\/categories?post=7984"},{"taxonomy":"post_tag","embeddable":true,"href":"https:\/\/grandepremio.com\/br\/wp-json\/wp\/v2\/tags?post=7984"},{"taxonomy":"42wp_author","embeddable":true,"href":"https:\/\/grandepremio.com\/br\/wp-json\/wp\/v2\/42wp_author?post=7984"}],"curies":[{"name":"wp","href":"https:\/\/api.w.org\/{rel}","templated":true}]}}