{"id":79939,"date":"2024-04-26T09:06:34","date_gmt":"2024-04-26T12:06:34","guid":{"rendered":"https:\/\/grandepremio.com\/br\/noticias\/audi-comemora-acerto-nico-hulkenberg-formula-1-2025-personalidade-forte-visao\/"},"modified":"2024-04-26T14:29:14","modified_gmt":"2024-04-26T17:29:14","slug":"audi-comemora-acerto-nico-hulkenberg-formula-1-2025-personalidade-forte-visao","status":"publish","type":"post","link":"https:\/\/grandepremio.com\/br\/f1\/audi-comemora-acerto-nico-hulkenberg-formula-1-2025-personalidade-forte-visao\/","title":{"rendered":"Audi comemora acerto com H\u00fclkenberg para F1 2025: &#8220;Personalidade forte e vis\u00e3o&#8221;"},"content":{"rendered":"\n<p class=\"wp-block-paragraph\">A primeira escolha da <strong>Audi<\/strong> foi definida e oficializada na manh\u00e3 desta sexta-feira (26). Por meio da <strong>Sauber<\/strong>, que ainda opera a equipe da <strong><a href=\"https:\/\/www.grandepremio.com\/br\/f1\/\">F\u00f3rmula 1<\/a><\/strong> at\u00e9 o fim do ano que vem, veio o an\u00fancio de que <strong>Nico H\u00fclkenberg<\/strong> <strong><a href=\"https:\/\/www.grandepremio.com\/br\/f1\/noticias\/nico-hulkenberg-faz-acordo-multianual-audi-corre-sauber-temporada-2025-f1\/\">acertou para ser um dos pilotos titulares<\/a><\/strong>. E a Audi, respons\u00e1vel pela decis\u00e3o, vibrou o acordo com o piloto que completa 37 anos em agosto.<\/p>\n\n\n\n<p class=\"wp-block-paragraph\"><strong>Andreas Seidl<\/strong>, diretor-executivo da equipe de F1 da Audi e respons\u00e1vel pela transi\u00e7\u00e3o da Sauber a partir de 2026, destacou os predicados do piloto alem\u00e3o que foram definitivos para interesse e acordo.<\/p>\n\n\n\n<p class=\"wp-block-paragraph\">\u201cEstamos felizes em receber o Nico aqui em Hinwil a partir de 2025 para competir na F\u00f3rmula 1. Com sua velocidade, experi\u00eancia e comprometimento, ser\u00e1 uma parte importante na transforma\u00e7\u00e3o da nossa equipe e do projeto da Audi\u201d, declarou.<\/p>\n\n\n\n<p class=\"wp-block-paragraph\">\u201cDesde o come\u00e7o, houve um grande interesse m\u00fatuo em construir algo a longo prazo. Nico tem forte personalidade e uma vis\u00e3o que, em n\u00edvel profissional e pessoal, v\u00e3o nos ajudar a evoluir e desenvolver o carro\u201d, acrescentou o dirigente.<\/p>\n\n\n\n<figure class=\"wp-block-image size-large\"><img decoding=\"async\" src=\"https:\/\/www.grandepremio.com\/br\/wp-content\/uploads\/2023\/04\/Andreas-Seidl-01-1024x684.jpg\" alt=\"\" class=\"wp-image-667452\"\/><figcaption class=\"wp-element-caption\">Andreas Seidl elogiou Nico H\u00fclkenberg (Foto: Alfa Romeo) <\/figcaption><\/figure>\n\n\n\n<p class=\"wp-block-paragraph\">H\u00fclkenberg e Seidl j\u00e1 trabalharam juntos antes: Andreas era diretor do projeto da Porsche no WEC quando Nico venceu as 24 Horas de Le Mans com o carro extra da f\u00e1brica alem\u00e3 em 2015. Dez anos depois, voltam a se encontrar. O acordo \u00e9 plurianual.<\/p>\n\n\n\n<p class=\"wp-block-paragraph\">A Sauber [Stake Sauber] continua com controle da operacional da equipe at\u00e9 o fim de 2025, antes que a Audi assuma de maneira oficial e fabrique os pr\u00f3prios motores, em 2026. \u00c9 importante destacar que a <strong><a href=\"https:\/\/www.grandepremio.com\/br\/f1\/noticias\/audi-oficializa-aquisicao-completa-sauber-reforca-compromisso-f1\/\">Audi adiantou a expectativa de compra da Sauber e j\u00e1 finalizou a aquisi\u00e7\u00e3o neste 2024<\/a><\/strong>.<\/p>\n\n\n\n<p class=\"wp-block-paragraph\">A&nbsp;<strong><a href=\"https:\/\/www.grandepremio.com\/br\/f1\/\" target=\"_blank\" rel=\"noreferrer noopener\"><\/a><a href=\"https:\/\/www.grandepremio.com\/br\/f1\/\" target=\"_blank\" rel=\"noreferrer noopener\">F\u00f3rmula 1<\/a>&nbsp;<\/strong>retorna de 3 a 5 de maio para a disputa do&nbsp;<strong>GP de&nbsp;<a href=\"https:\/\/www.grandepremio.com\/br\/circuito\/miami\/\" target=\"_blank\" rel=\"noreferrer noopener\">Miami<\/a><\/strong>, o primeiro de tr\u00eas que acontecem nos&nbsp;<strong>Estados Unidos<\/strong>&nbsp;na temporada 2024.<\/p>\n\n\n\n<p class=\"wp-block-paragraph\"><strong>\u25b6\ufe0f Inscreva-se nos dois canais do\u00a0GRANDE PR\u00caMIO\u00a0no YouTube:\u00a0<a href=\"https:\/\/www.youtube.com\/channel\/UC9OlHEgxoaY6QY6nWPoiqQg?sub_confirmation=1\">GP<\/a>\u00a0|\u00a0<a href=\"https:\/\/www.youtube.com\/channel\/UC9csiS6q_C3C0FYhyr1rnFA?sub_confirmation=1\">GP2<\/a><br>\u25b6\ufe0f\u00a0<a href=\"https:\/\/www.twitch.tv\/grandepremio\">Conhe\u00e7a o canal do\u00a0GRANDE PR\u00caMIO\u00a0na Twitch clicando aqui!<\/a><\/strong><\/p>\n\n\n\n<figure class=\"wp-block-embed is-type-video is-provider-youtube wp-block-embed-youtube wp-embed-aspect-16-9 wp-has-aspect-ratio\"><div class=\"wp-block-embed__wrapper\">\n<iframe loading=\"lazy\" title=\"WILLIAMS decide DEMITIR SARGEANT e j\u00e1 tem SUBSTITUTO + DRUGOVICH de CASA NOVA? | TTGP #133\" width=\"500\" height=\"281\" src=\"https:\/\/www.youtube.com\/embed\/rPg50livI5Q?feature=oembed\" frameborder=\"0\" allow=\"accelerometer; autoplay; clipboard-write; encrypted-media; gyroscope; picture-in-picture; web-share\" referrerpolicy=\"strict-origin-when-cross-origin\" allowfullscreen><\/iframe>\n<\/div><figcaption class=\"wp-element-caption\">WILLIAMS decide DEMITIR SARGEANT e j\u00e1 tem SUBSTITUTO + DRUGOVICH de CASA NOVA? | TTGP #133<\/figcaption><\/figure>\n","protected":false},"excerpt":{"rendered":"<p>Andreas Seidl, CEO da equipe de F1 da Audi e respons\u00e1vel pela transi\u00e7\u00e3o da Sauber, elogiou Nico H\u00fclkenberg e elaborou um pouco sobre a contrata\u00e7\u00e3o<\/p>\n","protected":false},"author":0,"featured_media":1000790572,"comment_status":"closed","ping_status":"closed","sticky":false,"template":"","format":"standard","meta":{"42wp_featured_image_caption":"","42wp_featured_image_credits":"","42wp_featured_video":"","42wp_featured_image_hidden":false,"42wp_authors_list":[],"footnotes":""},"categories":[2],"tags":[545,970,5660,3230,642,1521,1197],"42wp_author":[47120],"class_list":["post-79939","post","type-post","status-publish","format-standard","has-post-thumbnail","hentry","category-f1","tag-andreas-seidl","tag-audi","tag-classificacao","tag-f1-2024","tag-f1-ao-vivo","tag-nico-hulkenberg","tag-sauber","42wp_author-pedro-henrique-marum"],"_links":{"self":[{"href":"https:\/\/grandepremio.com\/br\/wp-json\/wp\/v2\/posts\/79939","targetHints":{"allow":["GET"]}}],"collection":[{"href":"https:\/\/grandepremio.com\/br\/wp-json\/wp\/v2\/posts"}],"about":[{"href":"https:\/\/grandepremio.com\/br\/wp-json\/wp\/v2\/types\/post"}],"replies":[{"embeddable":true,"href":"https:\/\/grandepremio.com\/br\/wp-json\/wp\/v2\/comments?post=79939"}],"version-history":[{"count":0,"href":"https:\/\/grandepremio.com\/br\/wp-json\/wp\/v2\/posts\/79939\/revisions"}],"wp:featuredmedia":[{"embeddable":true,"href":"https:\/\/grandepremio.com\/br\/wp-json\/wp\/v2\/media\/1000790572"}],"wp:attachment":[{"href":"https:\/\/grandepremio.com\/br\/wp-json\/wp\/v2\/media?parent=79939"}],"wp:term":[{"taxonomy":"category","embeddable":true,"href":"https:\/\/grandepremio.com\/br\/wp-json\/wp\/v2\/categories?post=79939"},{"taxonomy":"post_tag","embeddable":true,"href":"https:\/\/grandepremio.com\/br\/wp-json\/wp\/v2\/tags?post=79939"},{"taxonomy":"42wp_author","embeddable":true,"href":"https:\/\/grandepremio.com\/br\/wp-json\/wp\/v2\/42wp_author?post=79939"}],"curies":[{"name":"wp","href":"https:\/\/api.w.org\/{rel}","templated":true}]}}