{"id":79948,"date":"2024-04-26T08:27:05","date_gmt":"2024-04-26T11:27:05","guid":{"rendered":"https:\/\/grandepremio.com\/br\/noticias\/honra-para-mim-nico-hulkenberg-defender-audi-formula-1-chance-muito-especial\/"},"modified":"2024-04-26T14:29:30","modified_gmt":"2024-04-26T17:29:30","slug":"honra-para-mim-nico-hulkenberg-defender-audi-formula-1-chance-muito-especial","status":"publish","type":"post","link":"https:\/\/grandepremio.com\/br\/f1\/honra-para-mim-nico-hulkenberg-defender-audi-formula-1-chance-muito-especial\/","title":{"rendered":"&#8220;Honra para mim&#8221;: H\u00fclkenberg diz que defender Audi na F1 \u00e9 chance &#8220;muito especial&#8221;"},"content":{"rendered":"\n<p class=\"wp-block-paragraph\">Mais uma pe\u00e7a no quebra-cabe\u00e7a do grid da <strong>F\u00f3rmula 1<\/strong> para a temporada 2025 e os pr\u00f3ximos anos caiu na manh\u00e3 desta sexta-feira (26). A <strong>Sauber<\/strong> <strong><a href=\"https:\/\/www.grandepremio.com\/br\/f1\/noticias\/nico-hulkenberg-faz-acordo-multianual-audi-corre-sauber-temporada-2025-f1\/\">anunciou a chegada<\/a><\/strong> de <strong>Nico H\u00fclkenberg<\/strong> em contrato plurianual para uma das vagas do time su\u00ed\u00e7o. Como o acordo aconteceu por escolha da <strong>Audi<\/strong>, H\u00fclkenberg se declarou tremendamente animado para o desafio.<\/p>\n\n\n\n<p class=\"wp-block-paragraph\">A Audi, que <strong><a href=\"https:\/\/www.grandepremio.com\/br\/f1\/noticias\/audi-oficializa-aquisicao-completa-sauber-reforca-compromisso-f1\/\">at\u00e9 adiantou a compra total da Sauber neste ano<\/a><\/strong>, assumir\u00e1 a opera\u00e7\u00e3o da F1 a partir de 2026, quando entrar\u00e1 como equipe oficial e fornecedora de motores. At\u00e9 agora, por\u00e9m, n\u00e3o havia anunciado nada com respeito a pilotos. At\u00e9 agora.<\/p>\n\n\n\n<p class=\"wp-block-paragraph\">H\u00fclkenberg \u00e9 o primeiro dos escolhidos e far\u00e1 parte do processo durante um 2025 em que a equipe ainda vai carregar o nome de Sauber [Stake Sauber, oficialmente]. Nada estranho para o piloto alem\u00e3o, que l\u00e1 esteve durante a temporada 2013.<\/p>\n\n\n\n<p class=\"wp-block-paragraph\">\u201cEstou voltando para a equipe que defendi em 2013 e tenho boas mem\u00f3rias do esp\u00edrito do time na Su\u00ed\u00e7a&#8221;, afirmou.<\/p>\n\n\n\n<figure class=\"wp-block-image size-full\"><img decoding=\"async\" src=\"https:\/\/www.grandepremio.com\/br\/wp-content\/uploads\/2024\/03\/australia-2024-f1-corrida-haas-nico-hulkenberg-01.jpg\" alt=\"\" class=\"wp-image-792642\"\/><figcaption class=\"wp-element-caption\">Nico H\u00fclkenberg vai trocar de ares na F\u00f3rmula 1 em 2025 (Foto: Haas F1 Team)<\/figcaption><\/figure>\n\n\n\n<p class=\"wp-block-paragraph\">A decis\u00e3o apresenta uma interessante viagem na carreira de H\u00fclkenberg. Ap\u00f3s deixar o grid da F1 no fim de 2019, ao sair da Renault, e passar tr\u00eas anos sem vaga, retornou como um bote salva-vidas da Haas em 2022. Agora, de maneira improv\u00e1vel, tem chance de retornar a um time de f\u00e1brica.<\/p>\n\n\n\n<p class=\"wp-block-paragraph\">&#8220;A chance de competir pela Audi \u00e9 algo muito especial. Quando montadoras alem\u00e3s entram na F1 com tanta determina\u00e7\u00e3o, \u00e9 uma oportunidade \u00fanica&#8221;, seguiu.<\/p>\n\n\n\n<p class=\"wp-block-paragraph\">&#8220;Representar uma f\u00e1brica desse tamanho e um carro com unidade de pot\u00eancia feita na Alemanha \u00e9 uma honra para mim\u201d, encerrou o piloto que completa 37 anos no pr\u00f3ximo m\u00eas de agosto.<\/p>\n\n\n\n<p class=\"wp-block-paragraph\">A&nbsp;<strong><a href=\"https:\/\/www.grandepremio.com\/br\/f1\/\" target=\"_blank\" rel=\"noreferrer noopener\"><\/a><a href=\"https:\/\/www.grandepremio.com\/br\/f1\/\" target=\"_blank\" rel=\"noreferrer noopener\">F\u00f3rmula 1<\/a>&nbsp;<\/strong>retorna de 3 a 5 de maio para a disputa do&nbsp;<strong>GP de&nbsp;<a href=\"https:\/\/www.grandepremio.com\/br\/circuito\/miami\/\" target=\"_blank\" rel=\"noreferrer noopener\">Miami<\/a><\/strong>, o primeiro de tr\u00eas que acontecem nos&nbsp;<strong>Estados Unidos<\/strong>&nbsp;na temporada 2024.<\/p>\n\n\n\n<p class=\"wp-block-paragraph\"><strong>\u25b6\ufe0f Inscreva-se nos dois canais do&nbsp;GRANDE PR\u00caMIO&nbsp;no YouTube:&nbsp;<a href=\"https:\/\/www.youtube.com\/channel\/UC9OlHEgxoaY6QY6nWPoiqQg?sub_confirmation=1\">GP<\/a>&nbsp;|&nbsp;<a href=\"https:\/\/www.youtube.com\/channel\/UC9csiS6q_C3C0FYhyr1rnFA?sub_confirmation=1\">GP2<\/a><br>\u25b6\ufe0f&nbsp;<a href=\"https:\/\/www.twitch.tv\/grandepremio\">Conhe\u00e7a o canal do&nbsp;GRANDE PR\u00caMIO&nbsp;na Twitch clicando aqui!<\/a><\/strong><\/p>\n\n\n\n<figure class=\"wp-block-embed is-type-video is-provider-youtube wp-block-embed-youtube wp-embed-aspect-16-9 wp-has-aspect-ratio\"><div class=\"wp-block-embed__wrapper\">\n<iframe loading=\"lazy\" title=\"BOMBA NA F1: ADRIAN NEWEY VAI DEIXAR RED BULL! AUDI escolhe H\u00dcLKENBERG | WGP\" width=\"500\" height=\"281\" src=\"https:\/\/www.youtube.com\/embed\/Kf5mAfhlWb8?feature=oembed\" frameborder=\"0\" allow=\"accelerometer; autoplay; clipboard-write; encrypted-media; gyroscope; picture-in-picture; web-share\" referrerpolicy=\"strict-origin-when-cross-origin\" allowfullscreen><\/iframe>\n<\/div><figcaption class=\"wp-element-caption\">Audi escolhe H\u00fclkenberg + nova pontua\u00e7\u00e3o \u00e9 solu\u00e7\u00e3o para F\u00f3rmula 1? | WGP<\/figcaption><\/figure>\n","protected":false},"excerpt":{"rendered":"<p>Nico H\u00fclkenberg est\u00e1 acertado com a Sauber e a Audi para fazer parte da equipe a partir de 2025. Para o piloto, motivo de se orgulhar<\/p>\n","protected":false},"author":0,"featured_media":1000790396,"comment_status":"closed","ping_status":"closed","sticky":false,"template":"","format":"standard","meta":{"42wp_featured_image_caption":"","42wp_featured_image_credits":"","42wp_featured_video":"","42wp_featured_image_hidden":false,"42wp_authors_list":[],"footnotes":""},"categories":[2],"tags":[970,5660,3230,642,39291,1521,1197],"42wp_author":[47120],"class_list":["post-79948","post","type-post","status-publish","format-standard","has-post-thumbnail","hentry","category-f1","tag-audi","tag-classificacao","tag-f1-2024","tag-f1-ao-vivo","tag-hulkenberg-audi","tag-nico-hulkenberg","tag-sauber","42wp_author-pedro-henrique-marum"],"_links":{"self":[{"href":"https:\/\/grandepremio.com\/br\/wp-json\/wp\/v2\/posts\/79948","targetHints":{"allow":["GET"]}}],"collection":[{"href":"https:\/\/grandepremio.com\/br\/wp-json\/wp\/v2\/posts"}],"about":[{"href":"https:\/\/grandepremio.com\/br\/wp-json\/wp\/v2\/types\/post"}],"replies":[{"embeddable":true,"href":"https:\/\/grandepremio.com\/br\/wp-json\/wp\/v2\/comments?post=79948"}],"version-history":[{"count":0,"href":"https:\/\/grandepremio.com\/br\/wp-json\/wp\/v2\/posts\/79948\/revisions"}],"wp:featuredmedia":[{"embeddable":true,"href":"https:\/\/grandepremio.com\/br\/wp-json\/wp\/v2\/media\/1000790396"}],"wp:attachment":[{"href":"https:\/\/grandepremio.com\/br\/wp-json\/wp\/v2\/media?parent=79948"}],"wp:term":[{"taxonomy":"category","embeddable":true,"href":"https:\/\/grandepremio.com\/br\/wp-json\/wp\/v2\/categories?post=79948"},{"taxonomy":"post_tag","embeddable":true,"href":"https:\/\/grandepremio.com\/br\/wp-json\/wp\/v2\/tags?post=79948"},{"taxonomy":"42wp_author","embeddable":true,"href":"https:\/\/grandepremio.com\/br\/wp-json\/wp\/v2\/42wp_author?post=79948"}],"curies":[{"name":"wp","href":"https:\/\/api.w.org\/{rel}","templated":true}]}}