{"id":80107,"date":"2024-04-24T12:28:24","date_gmt":"2024-04-24T15:28:24","guid":{"rendered":"https:\/\/grandepremio.com\/br\/noticias\/ert-anuncia-marta-garcia-para-teste-novatos-formula-e-berlim\/"},"modified":"2024-04-24T12:50:23","modified_gmt":"2024-04-24T15:50:23","slug":"ert-anuncia-marta-garcia-para-teste-novatos-formula-e-berlim","status":"publish","type":"post","link":"https:\/\/grandepremio.com\/br\/formula-e\/ert-anuncia-marta-garcia-para-teste-novatos-formula-e-berlim\/","title":{"rendered":"ERT anuncia Garc\u00eda para teste de novatos da F\u00f3rmula E em Berlim"},"content":{"rendered":"\n<p class=\"wp-block-paragraph\">Campe\u00e3 da temporada 2023 da <strong>F1 Academy<\/strong>, <strong>Marta Garc\u00eda<\/strong> foi escalada para participar do teste de novatos da <strong>F\u00f3rmula E<\/strong>, que ir\u00e1 acontecer durante o fim de semana de rodada dupla do <strong>eP de Berlim<\/strong>, entre os dias 10 e 12 de maio. A espanhola vai assumir o cockpit da <strong>ERT<\/strong>, equipe que conta com o brasileiro <strong>S\u00e9rgio Sette C\u00e2mara<\/strong> como titular ao lado do brit\u00e2nico <strong>Dan Ticktum<\/strong>.<\/p>\n\n\n\n<p class=\"wp-block-paragraph\">Garc\u00eda teve uma carreira consolidada no kart antes de partir para os monopostos. Ela competiu na <strong>F\u00f3rmula 4<\/strong>&nbsp;em 2017, e na <strong>W Series<\/strong>&nbsp;em 2019, quando alcan\u00e7ou o quarto lugar no ano de estreia na categoria. Na&nbsp;classe exclusivamente feminina, no ano passado, Marta <a href=\"https:\/\/www.grandepremio.com\/br\/f1-academy\/noticias\/marta-garcia-vence-corrida-1-estados-unidos-conquista-titulo-inaugural-f1-academy\/\">foi campe\u00e3 com duas etapas de anteced\u00eancia<\/a>, acumulando&nbsp;<strong>sete&nbsp;<\/strong>vit\u00f3rias e&nbsp;<strong>cinco&nbsp;<\/strong>poles em&nbsp;<strong>12&nbsp;<\/strong>provas. Na \u00faltima semana, a jovem acertou com a <strong>Iron Dames<\/strong> <a href=\"https:\/\/www.grandepremio.com\/br\/freca\/noticias\/iron-dames-novo-passo-anuncia-entrada-grid-freca-2024-marta-garcia-doriane-pin\/\">para integrar o projeto da equipe<\/a> na <strong>FRECA<\/strong> em 2024. <\/p>\n\n\n\n<p class=\"wp-block-paragraph\">&#8220;Estou emocionada por me juntar&nbsp;\u00e0 equipe ERT&nbsp;para o teste de novatos em Berlim&#8221;, disse a pilota de 23 anos. &#8220;A F\u00f3rmula E representa o futuro do automobilismo e sou extremamente grata pela oportunidade de experiment\u00e1-la em primeira m\u00e3o&#8221;, continuou.<\/p>\n\n\n\n<p class=\"wp-block-paragraph\">&#8220;Tenho acompanhado o campeonato de perto e estou ansiosa para assumir o volante do <strong>ERT X24<\/strong> e contribuir para o desenvolvimento da equipe. Este teste \u00e9 um trampolim na minha carreira e estou determinada a aproveit\u00e1-lo ao m\u00e1ximo&#8221;, encerrou Garc\u00eda.<\/p>\n\n\n\n<figure class=\"wp-block-image size-full\"><img decoding=\"async\" src=\"https:\/\/www.grandepremio.com\/br\/wp-content\/uploads\/2023\/07\/Marta-Garcia-vendeu-a-corrida-1-da-F1-Acadaemy-em-Monza.jpg\" alt=\"Marta Garc\u00eda vendeu a corrida 1 da F1 Academy em Monza\" class=\"wp-image-705926\"\/><figcaption class=\"wp-element-caption\">Marta Garc\u00eda participar\u00e1 de testes da F\u00f3rmula E com a ERT (Foto: F1 Academy)<\/figcaption><\/figure>\n\n\n\n<p class=\"wp-block-paragraph\"><strong><img decoding=\"async\" src=\"https:\/\/a.slack-edge.com\/production-standard-emoji-assets\/14.0\/google-medium\/25b6-fe0f.png\" alt=\":seta_para_frente:\">&nbsp;Inscreva-se nos dois canais do GRANDE PR\u00caMIO no YouTube:&nbsp;<a href=\"https:\/\/www.youtube.com\/channel\/UC9OlHEgxoaY6QY6nWPoiqQg?sub_confirmation=1\" target=\"_blank\" rel=\"noreferrer noopener\">GP<\/a>&nbsp;|&nbsp;<a href=\"https:\/\/www.youtube.com\/channel\/UC9csiS6q_C3C0FYhyr1rnFA?sub_confirmation=1\" target=\"_blank\" rel=\"noreferrer noopener\">GP2<\/a><\/strong><br><strong><img decoding=\"async\" src=\"https:\/\/a.slack-edge.com\/production-standard-emoji-assets\/14.0\/google-medium\/25b6-fe0f.png\" alt=\":seta_para_frente:\">&nbsp;<a href=\"https:\/\/www.twitch.tv\/grandepremio\" target=\"_blank\" rel=\"noreferrer noopener\">Conhe\u00e7a o canal do GRANDE PR\u00caMIO na Twitch clicando aqui!<\/a><\/strong><\/p>\n\n\n\n<p class=\"wp-block-paragraph\"><strong>Alex Hui<\/strong>, chefe da equipe, elogiou o talento de Marta e disse estar &#8220;entusiasmado&#8221; em contar com a pilota para completar algumas voltas no carro durante a etapa na <strong>Alemanha<\/strong>, onde acontecer\u00e3o a nona e a d\u00e9cima etapas da temporada 2024.<\/p>\n\n\n\n<p class=\"wp-block-paragraph\">&#8220;Estamos extremamente entusiasmados em receber Marta Garc\u00eda na fam\u00edlia ERT para o teste de novatos em Berlim&#8221;, come\u00e7ou o dirigente. &#8220;O talento excepcional e as conquistas de Marta na F1 Academy s\u00e3o ineg\u00e1veis&#8221;, elogiou.<\/p>\n\n\n\n<p class=\"wp-block-paragraph\">&#8220;Este teste serve como uma plataforma fant\u00e1stica para mostrar suas habilidades no ambiente din\u00e2mico da <strong>FE<\/strong>. Estamos confiantes de que Marta se adaptar\u00e1 rapidamente \u00e0s demandas \u00fanicas das corridas el\u00e9tricas e fornecer\u00e1 informa\u00e7\u00f5es valiosas para a equipe&#8221;, finalizou Hui.<\/p>\n\n\n\n<p class=\"wp-block-paragraph\">Vale lembrar que cada equipe tem o direito de escolher dois nomes para participarem do evento. Al\u00e9m de Garc\u00eda, a ERT ainda precisa fazer um segundo an\u00fancio, j\u00e1 que \u00e9 o \u00fanico time do grid que ainda n\u00e3o fechou a escala\u00e7\u00e3o para o teste.<\/p>\n\n\n\n<p class=\"wp-block-paragraph\">A&nbsp;<a href=\"https:\/\/www.grandepremio.com\/br\/formula-e\/\" target=\"_blank\" rel=\"noreferrer noopener\"><\/a><a href=\"https:\/\/www.grandepremio.com\/br\/formula-e\/\" target=\"_blank\" rel=\"noreferrer noopener\">F\u00f3rmula E<\/a>&nbsp;retorna no dia&nbsp;<strong>27 de abril<\/strong>, com a disputa da oitava etapa da temporada no&nbsp;<strong>eP de&nbsp;<a href=\"https:\/\/www.grandepremio.com\/br\/circuito\/monaco\/\" target=\"_blank\" rel=\"noreferrer noopener\">M\u00f4naco<\/a>&nbsp;<\/strong>\u2014 que tem todas as suas quatro atividades previstas para o s\u00e1bado. O&nbsp;<strong>GRANDE<\/strong>&nbsp;<strong>PR\u00caMIO&nbsp;<\/strong>transmite a temporada completa&nbsp;<strong>AO VIVO&nbsp;<\/strong>e&nbsp;<strong>COM IMAGENS&nbsp;<\/strong>no&nbsp;<strong>YouTube<\/strong>.<\/p>\n\n\n\n<figure class=\"wp-block-embed is-type-video is-provider-youtube wp-block-embed-youtube wp-embed-aspect-16-9 wp-has-aspect-ratio\"><div class=\"wp-block-embed__wrapper\">\n<iframe loading=\"lazy\" title=\"MELHORES MOMENTOS | F\u00d3RMULA E 2024 - eP de Misano | 6\u00aa e 7\u00aa etapas\" width=\"500\" height=\"281\" src=\"https:\/\/www.youtube.com\/embed\/757BqTBpJCg?feature=oembed\" frameborder=\"0\" allow=\"accelerometer; autoplay; clipboard-write; encrypted-media; gyroscope; picture-in-picture; web-share\" referrerpolicy=\"strict-origin-when-cross-origin\" allowfullscreen><\/iframe>\n<\/div><\/figure>\n","protected":false},"excerpt":{"rendered":"<p>Ap\u00f3s ser anunciada como pilota da Iron Dames na FRECA 2024, Marta Garc\u00eda foi escalada pela ERT para participar do teste de novatos da F\u00f3rmula E em Berlim<\/p>\n","protected":false},"author":0,"featured_media":1000805234,"comment_status":"closed","ping_status":"closed","sticky":false,"template":"","format":"standard","meta":{"42wp_featured_image_caption":"","42wp_featured_image_credits":"","42wp_featured_video":"","42wp_featured_image_hidden":false,"42wp_authors_list":[],"footnotes":""},"categories":[19],"tags":[34133,37542,37543,34603,5050,37743,37744,5660,26410,37762,22347,4981,36858,35967,34647,37545,33841,37745,25446],"42wp_author":[47160],"class_list":["post-80107","post","type-post","status-publish","format-standard","has-post-thumbnail","hentry","category-formula-e","tag-assistir-formula-e-ao-vivo","tag-assistir-formula-e-gratis","tag-assistir-formula-e-online","tag-attack-charge","tag-berlim","tag-calendario-formula-e-2024","tag-calendario-formula-e-2024-horarios","tag-classificacao","tag-classificacao-da-formula-e","tag-classificacao-formula-e-2024","tag-desconto","tag-ep-de-berlim","tag-ert","tag-formula-e-2024","tag-formula-e-ao-vivo","tag-formula-e-live","tag-formula-e-no-grande-premio","tag-formula-e-tv-2024","tag-marta-garcia","42wp_author-vicente-soella"],"_links":{"self":[{"href":"https:\/\/grandepremio.com\/br\/wp-json\/wp\/v2\/posts\/80107","targetHints":{"allow":["GET"]}}],"collection":[{"href":"https:\/\/grandepremio.com\/br\/wp-json\/wp\/v2\/posts"}],"about":[{"href":"https:\/\/grandepremio.com\/br\/wp-json\/wp\/v2\/types\/post"}],"replies":[{"embeddable":true,"href":"https:\/\/grandepremio.com\/br\/wp-json\/wp\/v2\/comments?post=80107"}],"version-history":[{"count":0,"href":"https:\/\/grandepremio.com\/br\/wp-json\/wp\/v2\/posts\/80107\/revisions"}],"wp:featuredmedia":[{"embeddable":true,"href":"https:\/\/grandepremio.com\/br\/wp-json\/wp\/v2\/media\/1000805234"}],"wp:attachment":[{"href":"https:\/\/grandepremio.com\/br\/wp-json\/wp\/v2\/media?parent=80107"}],"wp:term":[{"taxonomy":"category","embeddable":true,"href":"https:\/\/grandepremio.com\/br\/wp-json\/wp\/v2\/categories?post=80107"},{"taxonomy":"post_tag","embeddable":true,"href":"https:\/\/grandepremio.com\/br\/wp-json\/wp\/v2\/tags?post=80107"},{"taxonomy":"42wp_author","embeddable":true,"href":"https:\/\/grandepremio.com\/br\/wp-json\/wp\/v2\/42wp_author?post=80107"}],"curies":[{"name":"wp","href":"https:\/\/api.w.org\/{rel}","templated":true}]}}