{"id":80168,"date":"2024-04-24T07:09:41","date_gmt":"2024-04-24T10:09:41","guid":{"rendered":"https:\/\/grandepremio.com\/br\/noticias\/sergio-perez-quer-tres-anos-contrato-red-bull-desconversa-vamos-encontrar-solucao\/"},"modified":"2024-04-24T11:54:17","modified_gmt":"2024-04-24T14:54:17","slug":"sergio-perez-quer-tres-anos-contrato-red-bull-desconversa-vamos-encontrar-solucao","status":"publish","type":"post","link":"https:\/\/grandepremio.com\/br\/f1\/sergio-perez-quer-tres-anos-contrato-red-bull-desconversa-vamos-encontrar-solucao\/","title":{"rendered":"P\u00e9rez quer tr\u00eas anos de contrato, mas Red Bull desconversa: \u201cVamos encontrar solu\u00e7\u00e3o\u201d"},"content":{"rendered":"\n<p class=\"wp-block-paragraph\"><strong>Sergio P\u00e9rez<\/strong> tem contrato com a <strong>Red Bull<\/strong> s\u00f3 at\u00e9 o fim de 2024 e est\u00e1 em busca de renovar seu acordo com o time dos energ\u00e9ticos. O bom come\u00e7o de temporada \u00e9 um fator important\u00edssimo para alcan\u00e7ar seu objetivo. Por\u00e9m, o mexicano quer um contrato de tr\u00eas anos, algo que a equipe austr\u00edaca n\u00e3o parece estar disposta a oferecer. Ao menos \u00e9 isso o que aponta <strong>Helmut Marko<\/strong>, consultor dos taurinos.<\/p>\n\n\n\n<p class=\"wp-block-paragraph\">P\u00e9rez teve seu v\u00ednculo renovado com a Red Bull em meados de 2022 em um acordo v\u00e1lido para as temporadas 2023 e 2024. No entanto, apesar de ter ficado com o vice no <strong>Mundial de Pilotos<\/strong> no ano passado, o #11 teve um desempenho muito abaixo do esperado e enfrentou dificuldades nas classifica\u00e7\u00f5es e nas corridas em que precisava escalar o grid.<\/p>\n\n\n\n<p class=\"wp-block-paragraph\">O per\u00edodo dif\u00edcil criou incertezas dentro da Red Bull, que optou por n\u00e3o desfazer o contrato e deu uma nova chance para o mexicano em 2024. Agora, o P\u00e9rez parece ter colocado as coisas no lugar e est\u00e1 entregando os resultados esperados pela equipe. Ap\u00f3s cinco corridas, \u2018Checo\u2019 conseguiu quatro p\u00f3dios.<\/p>\n\n\n\n<p class=\"wp-block-paragraph\">Apesar de ter sido <a href=\"https:\/\/www.grandepremio.com\/br\/f1\/noticias\/consultor-red-bull-elogia-sergio-perez-apos-podio-gp-japao-esta-incrivelmente-melhor\/\">elogiado pelo consultor<\/a> Marko e pelo chefe Horner \u2014 que falou sobre o desejo<a href=\"https:\/\/www.grandepremio.com\/br\/f1\/noticias\/red-bull-contradiz-sergio-perez-diz-nao-ha-pressa-definir-pilotos-f1-2025\/\"> de \u201cgarantir que o n\u00edvel de consist\u00eancia\u201d seja mantido<\/a>, e que est\u00e1 feliz com sua dupla de pilotos \u2014, o time n\u00e3o tem pressa para definir o futuro de \u2018Checo\u2019. Agora, Helmut revelou que um dos impasses para a renova\u00e7\u00e3o \u00e9 o tempo de contrato exigido por P\u00e9rez.<\/p>\n\n\n\n<figure class=\"wp-block-image size-large\"><img decoding=\"async\" src=\"https:\/\/www.grandepremio.com\/br\/wp-content\/uploads\/2024\/03\/afp-f1-2024-australia-tl3-red-bull-helmut-marko-01-1024x682.jpg\" alt=\"\" class=\"wp-image-791643\"\/><figcaption class=\"wp-element-caption\">Helmut Marko n\u00e3o parece concordar com um contrato de tr\u00eas anos para P\u00e9rez (Foto: AFP)<\/figcaption><\/figure>\n\n\n\n<p class=\"wp-block-paragraph\">\u201cAinda n\u00e3o estamos em condi\u00e7\u00f5es de finalizar tudo. Mas n\u00e3o tem nada a ver com os termos do acordo, e ele sabe que tem de ter um bom desempenho. Primeiro ele queria um contrato de tr\u00eas anos, mas vamos encontrar uma solu\u00e7\u00e3o\u201d, finalizou o consultor da Red Bull.<\/p>\n\n\n\n<p class=\"wp-block-paragraph\">A&nbsp;<strong><a href=\"https:\/\/www.grandepremio.com\/br\/f1\/\" target=\"_blank\" rel=\"noreferrer noopener\"><\/a><a href=\"https:\/\/www.grandepremio.com\/br\/f1\/\" target=\"_blank\" rel=\"noreferrer noopener\">F\u00f3rmula 1<\/a>&nbsp;<\/strong>retorna de 3 a 5 de maio para a disputa do&nbsp;<strong>GP de&nbsp;<a href=\"https:\/\/www.grandepremio.com\/br\/circuito\/miami\/\" target=\"_blank\" rel=\"noreferrer noopener\">Miami<\/a><\/strong>, o primeiro de tr\u00eas que acontecem nos&nbsp;<strong>Estados Unidos<\/strong>&nbsp;na temporada 2024.<\/p>\n\n\n\n<p class=\"wp-block-paragraph\"><strong>\u25b6\ufe0f Inscreva-se nos dois canais do&nbsp;GRANDE PR\u00caMIO&nbsp;no YouTube:&nbsp;<a href=\"https:\/\/www.youtube.com\/channel\/UC9OlHEgxoaY6QY6nWPoiqQg?sub_confirmation=1\">GP<\/a>&nbsp;|&nbsp;<a href=\"https:\/\/www.youtube.com\/channel\/UC9csiS6q_C3C0FYhyr1rnFA?sub_confirmation=1\">GP2<\/a><br>\u25b6\ufe0f&nbsp;<a href=\"https:\/\/www.twitch.tv\/grandepremio\">Conhe\u00e7a o canal do&nbsp;GRANDE PR\u00caMIO&nbsp;na Twitch clicando aqui!<\/a><\/strong><\/p>\n\n\n\n<figure class=\"wp-block-embed is-type-video is-provider-youtube wp-block-embed-youtube wp-embed-aspect-16-9 wp-has-aspect-ratio\"><div class=\"wp-block-embed__wrapper\">\n<iframe loading=\"lazy\" title=\"VERSTAPPEN DOMINA CHINA e TOTO WOLFF IRONIZA HAMILTON na F1 2024 | Paddock GP #368\" width=\"500\" height=\"281\" src=\"https:\/\/www.youtube.com\/embed\/6_6hcpJNPuk?feature=oembed\" frameborder=\"0\" allow=\"accelerometer; autoplay; clipboard-write; encrypted-media; gyroscope; picture-in-picture; web-share\" referrerpolicy=\"strict-origin-when-cross-origin\" allowfullscreen><\/iframe>\n<\/div><\/figure>\n","protected":false},"excerpt":{"rendered":"<p>Helmut Marko, consultor da Red Bull, revelou que Sergio P\u00e9rez quer um novo contrato de tr\u00eas anos com a equipe. Os taurinos n\u00e3o parecem estar dispostos a oferecerem um acordo t\u00e3o longevo e j\u00e1 pensam em uma alternativa<\/p>\n","protected":false},"author":0,"featured_media":1000801930,"comment_status":"closed","ping_status":"closed","sticky":false,"template":"","format":"standard","meta":{"42wp_featured_image_caption":"","42wp_featured_image_credits":"","42wp_featured_video":"","42wp_featured_image_hidden":false,"42wp_authors_list":[],"footnotes":""},"categories":[2],"tags":[3230,30909,1491,28285,258,8723,27382,28012,204,27332,3132],"42wp_author":[47149],"class_list":["post-80168","post","type-post","status-publish","format-standard","has-post-thumbnail","hentry","category-f1","tag-f1-2024","tag-formula-1-2024","tag-grande-premio","tag-grandepremio","tag-helmut-marko","tag-marko","tag-perez","tag-perez-na-red-bull","tag-red-bull","tag-red-bull-f1","tag-sergio-perez","42wp_author-bernardo-castro"],"_links":{"self":[{"href":"https:\/\/grandepremio.com\/br\/wp-json\/wp\/v2\/posts\/80168","targetHints":{"allow":["GET"]}}],"collection":[{"href":"https:\/\/grandepremio.com\/br\/wp-json\/wp\/v2\/posts"}],"about":[{"href":"https:\/\/grandepremio.com\/br\/wp-json\/wp\/v2\/types\/post"}],"replies":[{"embeddable":true,"href":"https:\/\/grandepremio.com\/br\/wp-json\/wp\/v2\/comments?post=80168"}],"version-history":[{"count":0,"href":"https:\/\/grandepremio.com\/br\/wp-json\/wp\/v2\/posts\/80168\/revisions"}],"wp:featuredmedia":[{"embeddable":true,"href":"https:\/\/grandepremio.com\/br\/wp-json\/wp\/v2\/media\/1000801930"}],"wp:attachment":[{"href":"https:\/\/grandepremio.com\/br\/wp-json\/wp\/v2\/media?parent=80168"}],"wp:term":[{"taxonomy":"category","embeddable":true,"href":"https:\/\/grandepremio.com\/br\/wp-json\/wp\/v2\/categories?post=80168"},{"taxonomy":"post_tag","embeddable":true,"href":"https:\/\/grandepremio.com\/br\/wp-json\/wp\/v2\/tags?post=80168"},{"taxonomy":"42wp_author","embeddable":true,"href":"https:\/\/grandepremio.com\/br\/wp-json\/wp\/v2\/42wp_author?post=80168"}],"curies":[{"name":"wp","href":"https:\/\/api.w.org\/{rel}","templated":true}]}}