{"id":80183,"date":"2024-04-23T18:18:37","date_gmt":"2024-04-23T21:18:37","guid":{"rendered":"https:\/\/grandepremio.com\/br\/noticias\/pirelli-escolhe-gama-mais-macia-pneus-para-emilia-romanha-monaco-canada\/"},"modified":"2024-04-23T18:20:02","modified_gmt":"2024-04-23T21:20:02","slug":"pirelli-escolhe-gama-mais-macia-pneus-para-emilia-romanha-monaco-canada","status":"publish","type":"post","link":"https:\/\/grandepremio.com\/br\/f1\/pirelli-escolhe-gama-mais-macia-pneus-para-emilia-romanha-monaco-canada\/","title":{"rendered":"Pirelli escolhe gama mais macia de pneus para Em\u00edlia-Romanha, M\u00f4naco e Canad\u00e1"},"content":{"rendered":"\n<p class=\"wp-block-paragraph\">Embora a <strong>F\u00f3rmula 1<\/strong> ainda tenha de desembarcar em <strong>Miami<\/strong> para a sexta etapa da temporada 2024, a <strong>Pirelli<\/strong> divulgou, nesta ter\u00e7a-feira (23), a escolha de pneus para os GPs da <strong>Em\u00edlia-Romanha<\/strong>, de <strong>M\u00f4naco<\/strong> e do <strong>Canad\u00e1<\/strong> \u2014 as etapas seguintes do calend\u00e1rio.<\/p>\n\n\n\n<p class=\"wp-block-paragraph\">No in\u00edcio de mar\u00e7o, a fabricante italiana j\u00e1 havia anunciado que para a primeira corrida nos <strong>Estados Unidos<\/strong>, que acontece no in\u00edcio de maio, <a href=\"https:\/\/www.grandepremio.com\/br\/f1\/noticias\/pirelli-repete-escolha-pneus-para-japao-miami-mas-enfrenta-incognita-xangai\/\">as equipes teriam a gama intermedi\u00e1ria \u00e0 disposi\u00e7\u00e3o<\/a>. Desta forma, o C2 ser\u00e1 o pneu faixa branca, o C3 o faixa amarela e o C4 entra como o faixa vermelha.<\/p>\n\n\n\n<p class=\"wp-block-paragraph\">Para a etapa no <strong>aut\u00f3dromo Enzo e Dino Ferrari<\/strong>, entre os dias 17 e 19 de maio, a Pirelli optou pelos compostos mais macios: C3 como duro, C4 como m\u00e9dio e C5 como macio. Vale lembrar que a corrida em <strong>\u00cdmola<\/strong> n\u00e3o aconteceu no ano passado devido \u00e0s fortes chuvas que afetaram a regi\u00e3o.<\/p>\n\n\n\n<p class=\"wp-block-paragraph\">Logo depois, os pilotos fazem conex\u00e3o e chegam a M\u00f4naco para a oitava etapa do ano, no dia 26 de maio. Seguindo o que foi visto no ano passado, as equipes ter\u00e3o novamente os tr\u00eas compostos mais macios \u00e0 disposi\u00e7\u00e3o, com os C3, C4 e C5.<\/p>\n\n\n\n<figure class=\"wp-block-image size-large\"><img decoding=\"async\" src=\"https:\/\/www.grandepremio.com\/br\/wp-content\/uploads\/2024\/04\/image005-1024x648.jpg\" alt=\"\" class=\"wp-image-805020\"\/><figcaption class=\"wp-element-caption\">Pirelli anuncia pneus para os GPs da Em\u00edlia-Romanha, M\u00f4naco e Canad\u00e1 (Foto: Pirelli)<\/figcaption><\/figure>\n\n\n\n<p class=\"wp-block-paragraph\"><strong><img decoding=\"async\" src=\"https:\/\/a.slack-edge.com\/production-standard-emoji-assets\/14.0\/google-medium\/25b6-fe0f.png\" alt=\":seta_para_frente:\">&nbsp;Inscreva-se nos dois canais do GRANDE PR\u00caMIO no YouTube:&nbsp;<a href=\"https:\/\/www.youtube.com\/channel\/UC9OlHEgxoaY6QY6nWPoiqQg?sub_confirmation=1\" target=\"_blank\" rel=\"noreferrer noopener\">GP<\/a>&nbsp;|&nbsp;<a href=\"https:\/\/www.youtube.com\/channel\/UC9csiS6q_C3C0FYhyr1rnFA?sub_confirmation=1\" target=\"_blank\" rel=\"noreferrer noopener\">GP2<\/a><\/strong><br><strong><img decoding=\"async\" src=\"https:\/\/a.slack-edge.com\/production-standard-emoji-assets\/14.0\/google-medium\/25b6-fe0f.png\" alt=\":seta_para_frente:\">&nbsp;<a href=\"https:\/\/www.twitch.tv\/grandepremio\" target=\"_blank\" rel=\"noreferrer noopener\">Conhe\u00e7a o canal do GRANDE PR\u00caMIO na Twitch clicando aqui!<\/a><\/strong><\/p>\n\n\n\n<p class=\"wp-block-paragraph\">Com as mesmas caracter\u00edsticas de pista de <strong>Monte Carlo<\/strong>, um tra\u00e7ado de rua, a Pirelli ent\u00e3o repetiu a escolha de pneus das etapas anteriores e disponibilizar\u00e1 os mesmos compostos macios para a prova em <strong>Montreal<\/strong>, entre os dias 7 e 9 de junho.<\/p>\n\n\n\n<p class=\"wp-block-paragraph\">A\u00a0<strong><a href=\"https:\/\/www.grandepremio.com\/br\/f1\/\" target=\"_blank\" rel=\"noreferrer noopener\"><\/a><a href=\"https:\/\/www.grandepremio.com\/br\/f1\/\" target=\"_blank\" rel=\"noreferrer noopener\">F\u00f3rmula 1<\/a>\u00a0<\/strong>retorna de 3 a 5 de maio para a disputa do\u00a0<strong>GP de\u00a0<a href=\"https:\/\/www.grandepremio.com\/br\/circuito\/miami\/\" target=\"_blank\" rel=\"noreferrer noopener\">Miami<\/a><\/strong>, o primeiro de tr\u00eas que acontecem nos\u00a0<strong>Estados Unidos<\/strong>\u00a0na temporada 2024.<\/p>\n\n\n\n<figure class=\"wp-block-embed is-type-video is-provider-youtube wp-block-embed-youtube wp-embed-aspect-16-9 wp-has-aspect-ratio\"><div class=\"wp-block-embed__wrapper\">\n<iframe loading=\"lazy\" title=\"VERSTAPPEN DOMINA CHINA e TOTO WOLFF IRONIZA HAMILTON na F1 2024 | Paddock GP #368\" width=\"500\" height=\"281\" src=\"https:\/\/www.youtube.com\/embed\/6_6hcpJNPuk?feature=oembed\" frameborder=\"0\" allow=\"accelerometer; autoplay; clipboard-write; encrypted-media; gyroscope; picture-in-picture; web-share\" referrerpolicy=\"strict-origin-when-cross-origin\" allowfullscreen><\/iframe>\n<\/div><\/figure>\n\n\n\n<p class=\"wp-block-paragraph\"><\/p>\n","protected":false},"excerpt":{"rendered":"<p>Fornecedora de pneus da F1, a Pirelli anunciou os compostos que estar\u00e3o dispon\u00edveis para as etapas em \u00cdmola, M\u00f4naco e Canad\u00e1, que acontecem entre 17 de maio e 9 de junho<\/p>\n","protected":false},"author":0,"featured_media":1000629264,"comment_status":"closed","ping_status":"closed","sticky":false,"template":"","format":"standard","meta":{"42wp_featured_image_caption":"","42wp_featured_image_credits":"","42wp_featured_video":"","42wp_featured_image_hidden":false,"42wp_authors_list":[],"footnotes":""},"categories":[2],"tags":[5660,969,147,3230,642,160,180,30909,5100,14357,1491,30103,28285,1126],"42wp_author":[47160],"class_list":["post-80183","post","type-post","status-publish","format-standard","has-post-thumbnail","hentry","category-f1","tag-classificacao","tag-corrida","tag-f1","tag-f1-2024","tag-f1-ao-vivo","tag-f1-tv","tag-formula-1","tag-formula-1-2024","tag-gp-de-monaco","tag-gp-do-canada","tag-grande-premio","tag-grande-premio-f1","tag-grandepremio","tag-pirelli","42wp_author-vicente-soella"],"_links":{"self":[{"href":"https:\/\/grandepremio.com\/br\/wp-json\/wp\/v2\/posts\/80183","targetHints":{"allow":["GET"]}}],"collection":[{"href":"https:\/\/grandepremio.com\/br\/wp-json\/wp\/v2\/posts"}],"about":[{"href":"https:\/\/grandepremio.com\/br\/wp-json\/wp\/v2\/types\/post"}],"replies":[{"embeddable":true,"href":"https:\/\/grandepremio.com\/br\/wp-json\/wp\/v2\/comments?post=80183"}],"version-history":[{"count":0,"href":"https:\/\/grandepremio.com\/br\/wp-json\/wp\/v2\/posts\/80183\/revisions"}],"wp:featuredmedia":[{"embeddable":true,"href":"https:\/\/grandepremio.com\/br\/wp-json\/wp\/v2\/media\/1000629264"}],"wp:attachment":[{"href":"https:\/\/grandepremio.com\/br\/wp-json\/wp\/v2\/media?parent=80183"}],"wp:term":[{"taxonomy":"category","embeddable":true,"href":"https:\/\/grandepremio.com\/br\/wp-json\/wp\/v2\/categories?post=80183"},{"taxonomy":"post_tag","embeddable":true,"href":"https:\/\/grandepremio.com\/br\/wp-json\/wp\/v2\/tags?post=80183"},{"taxonomy":"42wp_author","embeddable":true,"href":"https:\/\/grandepremio.com\/br\/wp-json\/wp\/v2\/42wp_author?post=80183"}],"curies":[{"name":"wp","href":"https:\/\/api.w.org\/{rel}","templated":true}]}}