{"id":8034,"date":"2026-06-06T03:45:00","date_gmt":"2026-06-06T06:45:00","guid":{"rendered":"https:\/\/grandepremio.com\/br\/2026\/06\/06\/formula-1-vai-passar-na-tv-hoje-onde-assistir-classificacao-gp-de-monaco-2026\/"},"modified":"2026-06-05T20:28:15","modified_gmt":"2026-06-05T23:28:15","slug":"formula-1-vai-passar-na-tv-hoje-onde-assistir-classificacao-gp-de-monaco-2026","status":"publish","type":"post","link":"https:\/\/grandepremio.com\/br\/f1\/formula-1-vai-passar-na-tv-hoje-onde-assistir-classificacao-gp-de-monaco-2026\/","title":{"rendered":"F\u00f3rmula 1 vai passar na TV hoje? Onde assistir \u00e0 classifica\u00e7\u00e3o do GP de M\u00f4naco 2026"},"content":{"rendered":"\n<p class=\"wp-block-paragraph\">A F<strong>\u00f3rmula 1 <\/strong>est\u00e1 em <strong>M\u00f4naco <\/strong>para realizar a sexta etapa da temporada 2026. Embora a <strong>Mercedes <\/strong>tenha come\u00e7ado o ano como for\u00e7a a ser batida, quem ditou o ritmo durante o primeiro dia de atividades foi a <strong>Ferrari<\/strong>, que fez dobradinha nos dois treinos livres, sendo <strong>Charles Leclerc<\/strong> o mais r\u00e1pido no TL1, enquanto <strong>Lewis Hamilton<\/strong> comandou a atividade no TL2.<\/p>\n\n\n\n<p class=\"wp-block-paragraph\">O <strong>GP de M\u00f4naco<\/strong> acontece no formato tradicional. Assim, as equipes e pilotos ter\u00e3o direitos a tr\u00eas treinos livres antes da classifica\u00e7\u00e3o e da corrida. Com a etapa no Principado dando in\u00edcio \u00e0 perna europeia, as atividades tamb\u00e9m acontecer\u00e3o durante a manh\u00e3 no <strong>Brasil<\/strong>.<\/p>\n\n\n\n<figure class=\"wp-block-embed is-type-video is-provider-youtube wp-block-embed-youtube wp-embed-aspect-16-9 wp-has-aspect-ratio\"><div class=\"wp-block-embed__wrapper\">\n<iframe loading=\"lazy\" title=\"F1 2026: HAMILTON E LECLERC NA PONTA: VEM POLE EM M\u00d4NACO? [briefing grande premio]\" width=\"500\" height=\"281\" src=\"https:\/\/www.youtube.com\/embed\/7Wt9KRLsZ60?feature=oembed\" frameborder=\"0\" allow=\"accelerometer; autoplay; clipboard-write; encrypted-media; gyroscope; picture-in-picture; web-share\" referrerpolicy=\"strict-origin-when-cross-origin\" allowfullscreen><\/iframe>\n<\/div><\/figure>\n\n\n\n<p class=\"wp-block-paragraph\">No s\u00e1bado (6), as atividades no <strong>Principado <\/strong>come\u00e7am \u00e0s 7h30 (de <strong>Bras\u00edlia<\/strong>, GMT-3) com o TL3. Mais tarde, \u00e0s 11h, os pilotos voltam \u00e0 pista para realizarem a classifica\u00e7\u00e3o.<\/p>\n\n\n\n<p class=\"wp-block-paragraph\">Todas as sess\u00f5es podem ser acompanhadas atrav\u00e9s do SporTV3, GloboPlay ou pela F1TV, streaming oficial da categoria.<\/p>\n\n\n\n<p class=\"wp-block-paragraph\">O GRANDE PR\u00caMIO acompanha todas as atividades AO VIVO E EM TEMPO REAL, al\u00e9m de classifica\u00e7\u00f5es e corridas em SEGUNDA TELA no YouTube, em parceria com a Voz do Esporte. O Briefing chega para analisar ap\u00f3s o fim de cada dia de atividades nas redes sociais e na GPTV.<\/p>\n\n\n\n<p class=\"wp-block-paragraph\">Al\u00e9m da cobertura completa das atividades, o&nbsp;<strong>GRANDE PR\u00caMIO<\/strong>&nbsp;tamb\u00e9m estar\u00e1 in loco em&nbsp;<strong>M\u00f4naco&nbsp;<\/strong>com o rep\u00f3rter&nbsp;<strong>Leonid Kliuev<\/strong>.<\/p>\n\n\n\n<h2 class=\"wp-block-heading\" id=\"h-gp-de-monaco-de-f1-veja-os-horarios-em-brasil-cabo-verde-nbsp-portugal-angola-e-mocambique\"><strong>GP de M\u00f4naco de F1: veja os hor\u00e1rios em Brasil, Cabo Verde,&nbsp;<a href=\"https:\/\/grandepremio.pt\/\" target=\"_blank\" rel=\"noreferrer noopener\">Portugal<\/a>, Angola e Mo\u00e7ambique:<\/strong><\/h2>\n\n\n\n<figure class=\"wp-block-table\"><table class=\"has-fixed-layout\"><tbody><tr><td class=\"has-text-align-left\" data-align=\"left\"><strong>Sess\u00e3o<\/strong><\/td><td class=\"has-text-align-left\" data-align=\"left\"><strong>BRA*<\/strong><\/td><td class=\"has-text-align-left\" data-align=\"left\"><strong>CBV<\/strong><\/td><td class=\"has-text-align-left\" data-align=\"left\"><strong>POR<\/strong><br><strong>ANG<\/strong><\/td><td class=\"has-text-align-left\" data-align=\"left\"><strong>MOZ<\/strong><\/td><\/tr><tr><td class=\"has-text-align-left\" data-align=\"left\">Treino livre 3<\/td><td class=\"has-text-align-left\" data-align=\"left\">07:30<\/td><td class=\"has-text-align-left\" data-align=\"left\">09:30<\/td><td class=\"has-text-align-left\" data-align=\"left\">11:30<\/td><td class=\"has-text-align-left\" data-align=\"left\">12:30<\/td><\/tr><tr><td class=\"has-text-align-left\" data-align=\"left\">Classifica\u00e7\u00e3o<\/td><td class=\"has-text-align-left\" data-align=\"left\">11:00<\/td><td class=\"has-text-align-left\" data-align=\"left\">13:00<\/td><td class=\"has-text-align-left\" data-align=\"left\">15:00<\/td><td class=\"has-text-align-left\" data-align=\"left\">16:00<\/td><\/tr><tr><td class=\"has-text-align-left\" data-align=\"left\">Corrida<\/td><td class=\"has-text-align-left\" data-align=\"left\">10:00<\/td><td class=\"has-text-align-left\" data-align=\"left\">12:00<\/td><td class=\"has-text-align-left\" data-align=\"left\">14:00<\/td><td class=\"has-text-align-left\" data-align=\"left\">15:00<\/td><\/tr><\/tbody><\/table><\/figure>\n\n\n\n<p class=\"wp-block-paragraph\"><em>*Hor\u00e1rios de Bras\u00edlia<\/em><\/p>\n\n\n\n<p class=\"wp-block-paragraph\">\u25b6\ufe0f<strong>F1:\u00a0<a href=\"https:\/\/www.grandepremio.com\/br\/f1\/calendario\/\">confira o calend\u00e1rio completo de 2026<\/a><\/strong><br>\u25b6\ufe0f<strong>Inscreva-se nos dois canais do GRANDE PR\u00caMIO no YouTube:\u00a0<a href=\"https:\/\/www.youtube.com\/channel\/UC9OlHEgxoaY6QY6nWPoiqQg?sub_confirmation=1\">GP<\/a>\u00a0|\u00a0<a href=\"https:\/\/www.youtube.com\/channel\/UC9csiS6q_C3C0FYhyr1rnFA?sub_confirmation=1\">GPTV<\/a><\/strong><\/p>\n\n\n\n<h2 class=\"wp-block-heading\" id=\"h-f1-hoje-saiba-aqui-as-noticias-mais-importantes-do-dia-da-formula-1\"><strong>F1 hoje: saiba aqui as not\u00edcias mais importantes do dia da F\u00f3rmula 1<\/strong><\/h2>\n\n\n\n<p class=\"wp-block-paragraph\">A reda\u00e7\u00e3o do&nbsp;<strong>GRANDE PR\u00caMIO<\/strong>&nbsp;selecionou as not\u00edcias mais importantes das \u00faltimas horas para voc\u00ea ficar por dentro de tudo que acontece na F1.<\/p>\n\n\n\n<p class=\"wp-block-paragraph\"><a href=\"https:\/\/www.grandepremio.com\/br\/f1\/noticias\/lewis-hamilton-troco-charles-leclerc-duelo-ferrari-lidera-tl2-monaco-gabriel-bortoleto-9o\/\"><strong>\u25b6\ufe0fHamilton d\u00e1 troco em Leclerc em duelo das Ferrari e lidera TL2 de M\u00f4naco. Bortoleto \u00e9 9\u00ba<\/strong><\/a><br>\u25b6\ufe0f<strong><a href=\"https:\/\/www.grandepremio.com\/br\/f1\/noticias\/flavio-briatore-confirma-conversa-christian-horner-explica-por-que-mercedes-desistiu-alpine\/\">Briatore confirma conversa com Horner e explica por que Mercedes desistiu da Alpine<\/a><\/strong><br>\u25b6\ufe0f<strong><a href=\"https:\/\/www.grandepremio.com\/br\/f1\/noticias\/f1-fia-pressionam-equipes-definir-mudanca-motor-2027-barcelona\/\">F1 e FIA pressionam equipes para definir mudan\u00e7a em motor de 2027 j\u00e1 em Barcelona<\/a><\/strong><br>\u25b6\ufe0f<strong><a href=\"https:\/\/www.grandepremio.com\/br\/f1\/noticias\/charles-leclerc-comanda-1-2-ferrari-quintal-monaco-treino-livre-1-gabriel-bortoleto-9o\/\">Leclerc comanda 1-2 da Ferrari no quintal de M\u00f4naco em treino livre 1. Bortoleto \u00e9 9\u00ba<\/a><\/strong><br>\u25b6\ufe0f<strong><a href=\"https:\/\/www.grandepremio.com\/br\/galeria\/f1\/programacao-f1-gp-de-monaco-horarios-etapa-principado\/\">A programa\u00e7\u00e3o da F1 no GP de M\u00f4naco: os hor\u00e1rios da etapa no Principado<\/a><\/strong><\/p>\n","protected":false},"excerpt":{"rendered":"<p>A F\u00f3rmula 1 acelera em M\u00f4naco para a sexta etapa da temporada 2026. Confira hor\u00e1rios e saiba onde assistir \u00e0 classifica\u00e7\u00e3o no Principado<\/p>\n","protected":false},"author":0,"featured_media":1001095315,"comment_status":"closed","ping_status":"closed","sticky":false,"template":"","format":"standard","meta":{"42wp_featured_image_caption":"","42wp_featured_image_credits":"","42wp_featured_video":"","42wp_featured_image_hidden":false,"42wp_authors_list":[],"footnotes":""},"categories":[2],"tags":[5100,1491,28285],"42wp_author":[47149],"class_list":["post-8034","post","type-post","status-publish","format-standard","has-post-thumbnail","hentry","category-f1","tag-gp-de-monaco","tag-grande-premio","tag-grandepremio","42wp_author-bernardo-castro"],"_links":{"self":[{"href":"https:\/\/grandepremio.com\/br\/wp-json\/wp\/v2\/posts\/8034","targetHints":{"allow":["GET"]}}],"collection":[{"href":"https:\/\/grandepremio.com\/br\/wp-json\/wp\/v2\/posts"}],"about":[{"href":"https:\/\/grandepremio.com\/br\/wp-json\/wp\/v2\/types\/post"}],"replies":[{"embeddable":true,"href":"https:\/\/grandepremio.com\/br\/wp-json\/wp\/v2\/comments?post=8034"}],"version-history":[{"count":1,"href":"https:\/\/grandepremio.com\/br\/wp-json\/wp\/v2\/posts\/8034\/revisions"}],"predecessor-version":[{"id":138959,"href":"https:\/\/grandepremio.com\/br\/wp-json\/wp\/v2\/posts\/8034\/revisions\/138959"}],"wp:featuredmedia":[{"embeddable":true,"href":"https:\/\/grandepremio.com\/br\/wp-json\/wp\/v2\/media\/1001095315"}],"wp:attachment":[{"href":"https:\/\/grandepremio.com\/br\/wp-json\/wp\/v2\/media?parent=8034"}],"wp:term":[{"taxonomy":"category","embeddable":true,"href":"https:\/\/grandepremio.com\/br\/wp-json\/wp\/v2\/categories?post=8034"},{"taxonomy":"post_tag","embeddable":true,"href":"https:\/\/grandepremio.com\/br\/wp-json\/wp\/v2\/tags?post=8034"},{"taxonomy":"42wp_author","embeddable":true,"href":"https:\/\/grandepremio.com\/br\/wp-json\/wp\/v2\/42wp_author?post=8034"}],"curies":[{"name":"wp","href":"https:\/\/api.w.org\/{rel}","templated":true}]}}