{"id":80628,"date":"2024-04-20T15:06:35","date_gmt":"2024-04-20T18:06:35","guid":{"rendered":"https:\/\/grandepremio.com\/br\/noticias\/thierry-neuville-quebra-empate-elfyn-evans-se-isola-na-ponta-sabado-rali-da-croacia\/"},"modified":"2024-04-20T18:09:08","modified_gmt":"2024-04-20T21:09:08","slug":"thierry-neuville-quebra-empate-elfyn-evans-se-isola-na-ponta-sabado-rali-da-croacia","status":"publish","type":"post","link":"https:\/\/grandepremio.com\/br\/rally\/thierry-neuville-quebra-empate-elfyn-evans-se-isola-na-ponta-sabado-rali-da-croacia\/","title":{"rendered":"Neuville quebra empate com Evans e se isola na ponta no s\u00e1bado de Rali da Cro\u00e1cia"},"content":{"rendered":"\n<p class=\"wp-block-paragraph\"><a href=\"https:\/\/www.grandepremio.com\/br\/rally\/noticias\/elfyn-evans-thierry-neuville-empatam-lideranca-sexta-feira-rali-croacia\/\">Ap\u00f3s raro empate no primeiro dia<\/a> de <strong>Rali da Cr\u00f3acia<\/strong>, <strong>Thierry Neuville<\/strong> abriu magra vantagem para <strong>Elfyn Evans<\/strong>, ap\u00f3s mais oito especiais v\u00e1lidas para a quarta etapa do Mundial. O piloto da <strong>Hyundai<\/strong> finalizou o <strong>s\u00e1bado (20) <\/strong>com tempo de 2h09min46 e agora tem 4s9 para seu principal concorrente na temporada 2024 do <strong><a href=\"https:\/\/www.grandepremio.com\/br\/rally\/\">WRC<\/a><\/strong>.<\/p>\n\n\n\n<p class=\"wp-block-paragraph\">O dia foi marcado por algumas reviravoltas. L\u00edder da temporada 2024, Neuville manteve a frente no in\u00edcio do s\u00e1bado, mas viu Evans assumir a lideran\u00e7a ap\u00f3s a 13\u00aa especial do final de semana. O brit\u00e2nico e seus companheiros de <strong>Toyota<\/strong>, <strong>S\u00e9bastien Ogier<\/strong> e <strong>Takamoto Katsuta<\/strong>, se beneficiaram da leve garoa que caiu no trecho, gra\u00e7as \u00e0 escolha dos pneus \u2014 levaram quatro macios e dois de chuva para o per\u00edodo da tarde na <strong>Cro\u00e1cia<\/strong>.<\/p>\n\n\n\n<p class=\"wp-block-paragraph\">Neuville respondeu nas tr\u00eas especiais finais, disputadas basicamente em asfalto seco. Mais r\u00e1pido, reassumiu a lideran\u00e7a e fechou a disputa com 4s9 para Evans e 11s6 para Ogier. O octacampe\u00e3o continuou na terceira coloca\u00e7\u00e3o no geral.<\/p>\n\n\n\n<p class=\"wp-block-paragraph\">\u201cN\u00e3o \u00e9 grande a lideran\u00e7a, mas tivemos um \u00f3timo dia. A escolha dos pneus para a tarde n\u00e3o foi perfeita, por\u00e9m conseguimos manter a dianteira. Precisamos continuar atacando, mas definindo melhor os compostos [no domingo]. Isso nunca \u00e9 f\u00e1cil quando o clima n\u00e3o \u00e9 est\u00e1vel\u201d, declarou Neuville.<\/p>\n\n\n\n<figure class=\"wp-block-image size-large\"><img decoding=\"async\" src=\"https:\/\/www.grandepremio.com\/br\/wp-content\/uploads\/2024\/04\/Design-sem-nome-50-1024x576.jpg\" alt=\"\" class=\"wp-image-803520\"\/><figcaption class=\"wp-element-caption\">Thierry Neuville durante segundo dia do Rali da Cro\u00e1cia (Foto: WRC)<\/figcaption><\/figure>\n\n\n\n<p class=\"wp-block-paragraph\"><strong>Ott T\u00e4nak<\/strong> se manteve na quarta coloca\u00e7\u00e3o no geral, mas 1min15s5 atr\u00e1s do l\u00edder. O estoniano viu a aproxima\u00e7\u00e3o de <strong>Adrian Fourmaux<\/strong>, que foi o mais r\u00e1pido com seu <strong>Ford<\/strong> na primeira especial do dia e est\u00e1 19s9 distante.<\/p>\n\n\n\n<p class=\"wp-block-paragraph\">Katsuta fechou o dia na sexta coloca\u00e7\u00e3o, com <strong>Andreas Mikkelsen<\/strong> e <strong>Gr\u00e9goire Munster<\/strong> na sequ\u00eancia. A <strong>Citro\u00ebn<\/strong> completou o top-10 com <strong>Nikolay Gryazin<\/strong> e <strong>Yohan Rossel<\/strong>.<\/p>\n\n\n\n<p class=\"wp-block-paragraph\"><strong><img decoding=\"async\" src=\"https:\/\/s.w.org\/images\/core\/emoji\/14.0.0\/svg\/25b6.svg\" alt=\"\u25b6\ufe0f\" style=\"width: 20px;\">&nbsp;Inscreva-se nos dois canais do GRANDE PR\u00caMIO no YouTube:&nbsp;<a href=\"https:\/\/www.youtube.com\/channel\/UC9OlHEgxoaY6QY6nWPoiqQg?sub_confirmation=1\" target=\"_blank\" rel=\"noreferrer noopener\">GP<\/a>&nbsp;|&nbsp;<a href=\"https:\/\/www.youtube.com\/channel\/UC9csiS6q_C3C0FYhyr1rnFA?sub_confirmation=1\" target=\"_blank\" rel=\"noreferrer noopener\">GP2<\/a><\/strong><br><strong><img decoding=\"async\" src=\"https:\/\/s.w.org\/images\/core\/emoji\/14.0.0\/svg\/25b6.svg\" alt=\"\u25b6\ufe0f\" style=\"width: 20px;\">&nbsp;<a href=\"https:\/\/www.twitch.tv\/grandepremio\" target=\"_blank\" rel=\"noreferrer noopener\">Conhe\u00e7a o canal do GRANDE PR\u00caMIO na Twitch clicando aqui!<\/a><\/strong><\/p>\n\n\n\n<figure class=\"wp-block-embed is-type-video is-provider-youtube wp-block-embed-youtube wp-embed-aspect-4-3 wp-has-aspect-ratio\"><div class=\"wp-block-embed__wrapper\">\n<iframe loading=\"lazy\" title=\"STOCK CAR PRO SERIES 2024 COM IMAGENS | INTERLAGOS - 3\u00aa etapa | Corrida sprint\" width=\"500\" height=\"281\" src=\"https:\/\/www.youtube.com\/embed\/O44ulI4BBwg?feature=oembed\" frameborder=\"0\" allow=\"accelerometer; autoplay; clipboard-write; encrypted-media; gyroscope; picture-in-picture; web-share\" referrerpolicy=\"strict-origin-when-cross-origin\" allowfullscreen><\/iframe>\n<\/div><\/figure>\n","protected":false},"excerpt":{"rendered":"<p>Belga abre vantagem de 4s9 e se isola na lideran\u00e7a ap\u00f3s segundo dia da quarta etapa da temporada 2024 do Mundial de Rali<\/p>\n","protected":false},"author":0,"featured_media":1000803517,"comment_status":"closed","ping_status":"closed","sticky":false,"template":"","format":"standard","meta":{"42wp_featured_image_caption":"","42wp_featured_image_credits":"","42wp_featured_video":"","42wp_featured_image_hidden":false,"42wp_authors_list":[],"footnotes":""},"categories":[5],"tags":[36700,36648,36699,36702,740,1491,28285,2073,288,36698,233,35346,27838,37577,37578,737,178,287,35913],"42wp_author":[47155],"class_list":["post-80628","post","type-post","status-publish","format-standard","has-post-thumbnail","hentry","category-rally","tag-calendario-mundial-de-rali","tag-calendario-wrc","tag-classificacao-mundial-de-rali","tag-classificacao-wrc","tag-elfyn-evans","tag-grande-premio","tag-grandepremio","tag-hyundai","tag-mundial-de-rali","tag-mundial-de-rali-2024","tag-rali","tag-rali-2024","tag-rali-da-croacia","tag-temporada-2024-do-mundial-de-rali","tag-temporada-2024-do-wrc","tag-thierry-neuville","tag-toyota","tag-wrc","tag-wrc-2024","42wp_author-daniel-balsa"],"_links":{"self":[{"href":"https:\/\/grandepremio.com\/br\/wp-json\/wp\/v2\/posts\/80628","targetHints":{"allow":["GET"]}}],"collection":[{"href":"https:\/\/grandepremio.com\/br\/wp-json\/wp\/v2\/posts"}],"about":[{"href":"https:\/\/grandepremio.com\/br\/wp-json\/wp\/v2\/types\/post"}],"replies":[{"embeddable":true,"href":"https:\/\/grandepremio.com\/br\/wp-json\/wp\/v2\/comments?post=80628"}],"version-history":[{"count":0,"href":"https:\/\/grandepremio.com\/br\/wp-json\/wp\/v2\/posts\/80628\/revisions"}],"wp:featuredmedia":[{"embeddable":true,"href":"https:\/\/grandepremio.com\/br\/wp-json\/wp\/v2\/media\/1000803517"}],"wp:attachment":[{"href":"https:\/\/grandepremio.com\/br\/wp-json\/wp\/v2\/media?parent=80628"}],"wp:term":[{"taxonomy":"category","embeddable":true,"href":"https:\/\/grandepremio.com\/br\/wp-json\/wp\/v2\/categories?post=80628"},{"taxonomy":"post_tag","embeddable":true,"href":"https:\/\/grandepremio.com\/br\/wp-json\/wp\/v2\/tags?post=80628"},{"taxonomy":"42wp_author","embeddable":true,"href":"https:\/\/grandepremio.com\/br\/wp-json\/wp\/v2\/42wp_author?post=80628"}],"curies":[{"name":"wp","href":"https:\/\/api.w.org\/{rel}","templated":true}]}}