{"id":80969,"date":"2024-04-19T03:18:59","date_gmt":"2024-04-19T06:18:59","guid":{"rendered":"https:\/\/grandepremio.com\/br\/noticias\/alpine-explica-insatisfacao-pierre-gasly-radio-apos-treino-china-problema-ers\/"},"modified":"2024-04-19T03:40:14","modified_gmt":"2024-04-19T06:40:14","slug":"alpine-explica-insatisfacao-pierre-gasly-radio-apos-treino-china-problema-ers","status":"publish","type":"post","link":"https:\/\/grandepremio.com\/br\/f1\/alpine-explica-insatisfacao-pierre-gasly-radio-apos-treino-china-problema-ers\/","title":{"rendered":"Alpine explica insatisfa\u00e7\u00e3o de Gasly no r\u00e1dio ap\u00f3s treino na China: &#8220;Problema com ERS\u201d"},"content":{"rendered":"\n<p class=\"wp-block-paragraph\"><strong>Pierre Gasly<\/strong> vive p\u00e9ssima fase na <strong>F\u00f3rmula 1<\/strong> com a <strong>Alpine <\/strong>e seu descontentamento com a equipe ficou ainda maior ap\u00f3s o \u00fanico treino livre do <strong>GP da China<\/strong>, <a href=\"https:\/\/www.grandepremio.com\/br\/f1\/noticias\/lance-stroll-surpreende-pneus-macios-fim-lidera-treino-livre-gp-china\/\">realizado na madrugada desta sexta-feira (19)<\/a>. O franc\u00eas foi o \u00faltimo colocado na tabela de tempos e ficou quase 3s atr\u00e1s do l\u00edder <strong>Lance Stroll<\/strong>. Ap\u00f3s o piloto externar sua insatisfa\u00e7\u00e3o, o time explicou que o #10 teve problemas com o <strong>ERS<\/strong>.<\/p>\n\n\n\n<p class=\"wp-block-paragraph\">Depois de ver a Alpine <a href=\"https:\/\/www.grandepremio.com\/br\/f1\/noticias\/alpine-volta-atualizar-carro-leva-nova-versao-assoalho-china-mas-so-esteban-ocon\/\">levar atualiza\u00e7\u00f5es apenas para<\/a> <strong>Esteban Ocon<\/strong> na <strong>China<\/strong>, Gasly sofreu com o desempenho da <strong>A524 <\/strong>e foi o 20\u00ba na \u00fanica sess\u00e3o de treino livre do fim de semana da F1 em <strong>Xangai<\/strong>. Quando o cron\u00f4metro zerou, o franc\u00eas entrou no r\u00e1dio e falou que a situa\u00e7\u00e3o era \u201cinaceit\u00e1vel\u201d e que n\u00e3o foi capaz de aprender \u201cabsolutamente nada\u201d durante a atividade em pista.<\/p>\n\n\n\n<p class=\"wp-block-paragraph\">Como resposta, seu engenheiro pediu desculpas e afirmou que a equipe iria analisar o cen\u00e1rio para tentar resolver a situa\u00e7\u00e3o para a classifica\u00e7\u00e3o sprint, que acontece ainda nesta sexta-feira. Pouco ap\u00f3s o fim do treino livre, a Alpine afirmou que o carro de Gasly teve um problema no ERS, sistema que captura a energia liberada durante a frenagem e a converte em pot\u00eancia extra durante a volta.<\/p>\n\n\n\n<p class=\"wp-block-paragraph\">\u201cA sess\u00e3o de TL1 de Pierre [Gasly] foi comprometida por um problema de isolamento com o ERS no carro #10\u201d, explicou a equipe.<\/p>\n\n\n\n<figure class=\"wp-block-video\"><video class=\"video-js vjs-big-play-centered\" data-gp-vjs=\"1\" controls src=\"https:\/\/www.grandepremio.com\/br\/wp-content\/uploads\/2024\/04\/Pierre-Gasly-radio-China.mp4\"><\/video><figcaption class=\"wp-element-caption\">Pierre Gasly foi \u00faltimo no treino livre e se revoltou com Alpine pelo r\u00e1dio (V\u00eddeo: reprodu\u00e7\u00e3o\/F1 TV)<\/figcaption><\/figure>\n\n\n\n<p class=\"wp-block-paragraph\">Ocon, por outro lado, teve um come\u00e7o bem melhor que o de Gasly na China e foi o s\u00e9timo colocado no treino, a 0s911 da marca de 1min36s302 registrada por Lance Stroll.<\/p>\n\n\n\n<p class=\"wp-block-paragraph\">O&nbsp;<strong>GRANDE PR\u00caMIO<\/strong>&nbsp;acompanha&nbsp;<strong><a href=\"https:\/\/www.grandepremio.com\/br\/ao-vivo\/f1\/\" target=\"_blank\" rel=\"noreferrer noopener\">AO VIVO e EM&nbsp;<\/a><a href=\"https:\/\/www.grandepremio.com\/br\/ao-vivo\/\" target=\"_blank\" rel=\"noreferrer noopener\">TEMPO REAL<\/a><\/strong>&nbsp;todas as atividades do&nbsp;<strong>GP da China, em Xangai<\/strong>, e transmite sprint shootout, classifica\u00e7\u00e3o e corridas em segunda tela, em parceria com a Voz do Esporte, na&nbsp;<strong><a href=\"https:\/\/www.youtube.com\/c\/GrandePremioTV\/streams\" target=\"_blank\" rel=\"noreferrer noopener\">GPTV, o canal do GP no Youtube<\/a><\/strong>. Na sexta-feira (19), a<strong>&nbsp;classifica\u00e7\u00e3o da sprint&nbsp;<\/strong>acontece \u00e0s 4h30 (de Bras\u00edlia, GMT-3). No s\u00e1bado, a prova curta ser\u00e1 meia-noite, com a&nbsp;<strong>classifica\u00e7\u00e3o<\/strong>&nbsp;\u00e0s 4h. No&nbsp;<strong>domingo, a largada<\/strong>&nbsp;est\u00e1 marcada para as 4h.<\/p>\n\n\n\n<p class=\"wp-block-paragraph\"><strong><img decoding=\"async\" src=\"https:\/\/a.slack-edge.com\/production-standard-emoji-assets\/14.0\/google-medium\/25b6-fe0f.png\" alt=\":seta_para_frente:\">&nbsp;Inscreva-se nos dois canais do GRANDE PR\u00caMIO no YouTube:&nbsp;<a href=\"https:\/\/www.youtube.com\/channel\/UC9OlHEgxoaY6QY6nWPoiqQg?sub_confirmation=1\" target=\"_blank\" rel=\"noreferrer noopener\">GP<\/a>&nbsp;|&nbsp;<a href=\"https:\/\/www.youtube.com\/channel\/UC9csiS6q_C3C0FYhyr1rnFA?sub_confirmation=1\" target=\"_blank\" rel=\"noreferrer noopener\">GP2<\/a><\/strong><br><strong><img decoding=\"async\" src=\"https:\/\/a.slack-edge.com\/production-standard-emoji-assets\/14.0\/google-medium\/25b6-fe0f.png\" alt=\":seta_para_frente:\">&nbsp;<a href=\"https:\/\/www.twitch.tv\/grandepremio\" target=\"_blank\" rel=\"noreferrer noopener\">Conhe\u00e7a o canal do GRANDE PR\u00caMIO na Twitch clicando aqui!<\/a><\/strong><\/p>\n\n\n\n<figure class=\"wp-block-embed is-type-video is-provider-youtube wp-block-embed-youtube wp-embed-aspect-16-9 wp-has-aspect-ratio\"><div class=\"wp-block-embed__wrapper\">\n<iframe loading=\"lazy\" title=\"SAINZ entre AUDI e RED BULL, HAMILTON mal-humorado e mais: tudo da F\u00d3RMULA 1 na China | WGP\" width=\"500\" height=\"281\" src=\"https:\/\/www.youtube.com\/embed\/NHiLCsAQxNY?feature=oembed\" frameborder=\"0\" allow=\"accelerometer; autoplay; clipboard-write; encrypted-media; gyroscope; picture-in-picture; web-share\" referrerpolicy=\"strict-origin-when-cross-origin\" allowfullscreen><\/iframe>\n<\/div><\/figure>\n","protected":false},"excerpt":{"rendered":"<p>Alpine confirmou que Pierre Gasly teve problemas com o sistema de recupera\u00e7\u00e3o de energia e por isso n\u00e3o conseguiu um bom desempenho no treino livre na China<\/p>\n","protected":false},"author":0,"featured_media":1000796791,"comment_status":"closed","ping_status":"closed","sticky":false,"template":"","format":"standard","meta":{"42wp_featured_image_caption":"","42wp_featured_image_credits":"","42wp_featured_video":"","42wp_featured_image_hidden":false,"42wp_authors_list":[],"footnotes":""},"categories":[2],"tags":[20491,441,5921,1390,222,1491,28285,676,223],"42wp_author":[47149],"class_list":["post-80969","post","type-post","status-publish","format-standard","has-post-thumbnail","hentry","category-f1","tag-alpine","tag-china","tag-corrida-sprint","tag-gasly","tag-gp-da-china","tag-grande-premio","tag-grandepremio","tag-pierre-gasly","tag-xangai","42wp_author-bernardo-castro"],"_links":{"self":[{"href":"https:\/\/grandepremio.com\/br\/wp-json\/wp\/v2\/posts\/80969","targetHints":{"allow":["GET"]}}],"collection":[{"href":"https:\/\/grandepremio.com\/br\/wp-json\/wp\/v2\/posts"}],"about":[{"href":"https:\/\/grandepremio.com\/br\/wp-json\/wp\/v2\/types\/post"}],"replies":[{"embeddable":true,"href":"https:\/\/grandepremio.com\/br\/wp-json\/wp\/v2\/comments?post=80969"}],"version-history":[{"count":0,"href":"https:\/\/grandepremio.com\/br\/wp-json\/wp\/v2\/posts\/80969\/revisions"}],"wp:featuredmedia":[{"embeddable":true,"href":"https:\/\/grandepremio.com\/br\/wp-json\/wp\/v2\/media\/1000796791"}],"wp:attachment":[{"href":"https:\/\/grandepremio.com\/br\/wp-json\/wp\/v2\/media?parent=80969"}],"wp:term":[{"taxonomy":"category","embeddable":true,"href":"https:\/\/grandepremio.com\/br\/wp-json\/wp\/v2\/categories?post=80969"},{"taxonomy":"post_tag","embeddable":true,"href":"https:\/\/grandepremio.com\/br\/wp-json\/wp\/v2\/tags?post=80969"},{"taxonomy":"42wp_author","embeddable":true,"href":"https:\/\/grandepremio.com\/br\/wp-json\/wp\/v2\/42wp_author?post=80969"}],"curies":[{"name":"wp","href":"https:\/\/api.w.org\/{rel}","templated":true}]}}