{"id":81031,"date":"2024-04-18T14:11:18","date_gmt":"2024-04-18T17:11:18","guid":{"rendered":"https:\/\/grandepremio.com\/br\/noticias\/kelvin-van-der-linde-volta-abt-cupra-substitui-nico-muller-berlim-formula-e\/"},"modified":"2024-04-19T12:49:59","modified_gmt":"2024-04-19T15:49:59","slug":"kelvin-van-der-linde-volta-abt-cupra-substitui-nico-muller-berlim-formula-e","status":"publish","type":"post","link":"https:\/\/grandepremio.com\/br\/formula-e\/kelvin-van-der-linde-volta-abt-cupra-substitui-nico-muller-berlim-formula-e\/","title":{"rendered":"Kelvin van der Linde volta \u00e0 ABT Cupra e substitui M\u00fcller no eP de Berlim da F\u00f3rmula E"},"content":{"rendered":"\n<p class=\"wp-block-paragraph\">Ap\u00f3s <strong><a href=\"https:\/\/www.grandepremio.com\/br\/formula-e\/noticias\/envision-resolve-vida-escala-joel-eriksson-paul-aron-vagas-sebastien-buemi-robin-frijns-berlim\/\">Envision<\/a><\/strong> e <strong>Mahindra<\/strong>, a <strong>ABT Cupra<\/strong> foi mais uma equipe que definiu quem ser\u00e1 o substituto do piloto que vai ficar de fora do grid na rodada dupla do <strong>eP de Berlim<\/strong>, por conta de conflito de datas com o <strong>WEC<\/strong>. <strong>Kelvin van der Linde<\/strong> foi o escolhido e ocupar\u00e1 o carro de <strong>Nico M\u00fcller<\/strong>, com <strong>Lucas Di Grassi<\/strong> como dupla, no evento do aeroporto de Tempelhof.<\/p>\n\n\n\n<p class=\"wp-block-paragraph\">Van der Linde \u00e9 um velho conhecido da equipe. Afinal, disputou tr\u00eas corridas na temporada 2023, enquanto o ent\u00e3o piloto <strong>Robin Frijns<\/strong> se recuperava de uma fratura na m\u00e3o. Embora n\u00e3o tenha chegado a pontuar, num momento em que a equipe amargava o pior carro do grid, impressionou o bastante para ser convidado de volta.<\/p>\n\n\n\n<p class=\"wp-block-paragraph\">&#8220;Nico est\u00e1 em grande fase no momento, ent\u00e3o claro que machuca um pouco perd\u00ea-lo por duas corridas&#8221;, afirmou o chefe da ABT Cupra, <strong>Thomas Biermaier<\/strong>. De qualquer maneira, n\u00e3o queremos colocar nenhum obst\u00e1culo no caminho do compromisso paralelo que tem com o WEC e demos a permiss\u00e3o oficial para que ele v\u00e1 [correr as 6 Horas de Spa]&#8221;, disse.<\/p>\n\n\n\n<p class=\"wp-block-paragraph\">&#8220;Com Kelvin, estamos numa posi\u00e7\u00e3o de sorte de contar com um piloto que est\u00e1 familiarizado com a F\u00f3rmula E e j\u00e1 correu tr\u00eas provas conosco. Estamos todos ansiosos por mais um fim de semana juntos&#8221;, completou.<\/p>\n\n\n\n<figure class=\"wp-block-image size-large\"><img decoding=\"async\" src=\"https:\/\/www.grandepremio.com\/br\/wp-content\/uploads\/2024\/01\/EPS1003_103827SMG_2850-2048x2048-1-1024x683.jpg\" alt=\"\" class=\"wp-image-773275\"\/><figcaption class=\"wp-element-caption\">Nico M\u00fcller pode estar de mudan\u00e7a fica fora do eP de Berlim (Foto: F\u00f3rmula E)<\/figcaption><\/figure>\n\n\n\n<p class=\"wp-block-paragraph\">J\u00e1 Van der Linde se mostrou animado com a oportunidade. O piloto esteve na classifica\u00e7\u00e3o das 24 Horas de N\u00fcrburgring, no fim de semana e vai para duas provas do DTM na sequ\u00eancia \u2014 nos dois casos pela pr\u00f3pria Abt \u2014, antes da F\u00f3rmula E. Sequ\u00eancia movimentada.<\/p>\n\n\n\n<p class=\"wp-block-paragraph\">&#8220;Estou bem ansioso para retornar \u00e0 F\u00f3rmula E, especialmente aos muitos f\u00e3s e ao lugar especial que \u00e9 Berlim. J\u00e1 passei muitas horas no simulador com a equipe e estive em eventos da categoria, mas claro que \u00e9 diferente guiar de verdade novamente&#8221;, falou.<\/p>\n\n\n\n<p class=\"wp-block-paragraph\">&#8220;Minha meta \u00e9 fazer a minha parte na rota ascendente da equipe no momento e talvez conseguir alguma surpresa. \u00c9 legal correr numa grande variedade de categorias em semanas seguidas. \u00c9 o que eu quero fazer enquanto piloto&#8221;, finalizou.<\/p>\n\n\n\n<p class=\"wp-block-paragraph\"><a href=\"https:\/\/www.grandepremio.com\/br\/formula-e\/\" target=\"_blank\" rel=\"noreferrer noopener\">F\u00f3rmula E<\/a>\u00a0e WEC correm, ambas, no fim de semana de 11 de maio: a categoria dos carros el\u00e9tricos, em\u00a0<a href=\"https:\/\/www.grandepremio.com\/br\/circuito\/berlim\/\" target=\"_blank\" rel=\"noreferrer noopener\">Berlim<\/a>, enquanto o endurance visita\u00a0<a href=\"https:\/\/www.grandepremio.com\/br\/circuito\/spa-francorchamps\/\" target=\"_blank\" rel=\"noreferrer noopener\">Spa-Francorchamps<\/a>, na B\u00e9lgica. Apesar da corrida do WEC estar marcada para o s\u00e1bado, h\u00e1 uma regra em vigor na F\u00f3rmula E que pro\u00edbe as equipes de escalarem pilotos diferentes nos dois eventos de uma rodada dupla, que \u00e9 o caso do eP de Berlim. Assim, se os titulares ficam fora no s\u00e1bado, precisam obrigatoriamente assistir de longe no domingo.<\/p>\n\n\n\n<p class=\"wp-block-paragraph\">V\u00e1rios pilotos do grid da&nbsp;<a href=\"https:\/\/www.grandepremio.com\/br\/formula-e\/\" target=\"_blank\" rel=\"noreferrer noopener\">F\u00f3rmula E<\/a>&nbsp;tamb\u00e9m guiam por uma equipe do WEC e, portanto, o conflito causar\u00e1 perdas nas duas categorias. Aqueles que tiverem contrato primordial com a equipe da F\u00f3rmula E, ficam fora das 6 Horas de Spa; os que t\u00eam contrato principal com o WEC, perdem o eP de&nbsp;<a href=\"https:\/\/www.grandepremio.com\/br\/circuito\/berlim\/\" target=\"_blank\" rel=\"noreferrer noopener\">Berlim<\/a>.<\/p>\n\n\n\n<p class=\"wp-block-paragraph\">A\u00a0<a href=\"https:\/\/www.grandepremio.com\/br\/formula-e\/\" target=\"_blank\" rel=\"noreferrer noopener\"><\/a><a href=\"https:\/\/www.grandepremio.com\/br\/formula-e\/\" target=\"_blank\" rel=\"noreferrer noopener\">F\u00f3rmula E<\/a>\u00a0retorna no dia\u00a0<strong>27 de abril<\/strong>, com a disputa da oitava etapa da temporada no\u00a0<strong>eP de\u00a0<a href=\"https:\/\/www.grandepremio.com\/br\/circuito\/monaco\/\" target=\"_blank\" rel=\"noreferrer noopener\">M\u00f4naco<\/a>\u00a0<\/strong>\u2014 que tem todas as suas quatro atividades previstas para o s\u00e1bado. O\u00a0<strong>GRANDE<\/strong>\u00a0<strong>PR\u00caMIO\u00a0<\/strong>transmite a temporada completa\u00a0<strong>AO VIVO\u00a0<\/strong>e\u00a0<strong>COM IMAGENS\u00a0<\/strong>no\u00a0<strong>YouTube<\/strong>.<\/p>\n\n\n\n<p class=\"wp-block-paragraph\"><strong><img decoding=\"async\" src=\"https:\/\/s.w.org\/images\/core\/emoji\/14.0.0\/svg\/25b6.svg\" alt=\"\u25b6\ufe0f\" style=\"width: 20px;\">\u00a0Inscreva-se nos dois canais do GRANDE PR\u00caMIO no YouTube:\u00a0<a href=\"https:\/\/www.youtube.com\/channel\/UC9OlHEgxoaY6QY6nWPoiqQg?sub_confirmation=1\" target=\"_blank\" rel=\"noreferrer noopener\">GP<\/a>\u00a0|\u00a0<a href=\"https:\/\/www.youtube.com\/channel\/UC9csiS6q_C3C0FYhyr1rnFA?sub_confirmation=1\" target=\"_blank\" rel=\"noreferrer noopener\">GP2<\/a><\/strong><br><strong><img decoding=\"async\" src=\"https:\/\/s.w.org\/images\/core\/emoji\/14.0.0\/svg\/25b6.svg\" alt=\"\u25b6\ufe0f\" style=\"width: 20px;\">\u00a0<a href=\"https:\/\/www.twitch.tv\/grandepremio\" target=\"_blank\" rel=\"noreferrer noopener\">Conhe\u00e7a o canal do GRANDE PR\u00caMIO na Twitch clicando aqui!<\/a><\/strong><\/p>\n\n\n\n<figure class=\"wp-block-embed is-type-video is-provider-youtube wp-block-embed-youtube wp-embed-aspect-16-9 wp-has-aspect-ratio\"><div class=\"wp-block-embed__wrapper\">\n<iframe loading=\"lazy\" title=\"SAINZ entre AUDI e RED BULL, HAMILTON mal-humorado e mais: tudo da F\u00d3RMULA 1 na China | WGP\" width=\"500\" height=\"281\" src=\"https:\/\/www.youtube.com\/embed\/NHiLCsAQxNY?feature=oembed\" frameborder=\"0\" allow=\"accelerometer; autoplay; clipboard-write; encrypted-media; gyroscope; picture-in-picture; web-share\" referrerpolicy=\"strict-origin-when-cross-origin\" allowfullscreen><\/iframe>\n<\/div><figcaption class=\"wp-element-caption\">SAINZ entre AUDI e RED BULL, HAMILTON mal-humorado e mais: tudo da F\u00d3RMULA 1 na China | WGP<\/figcaption><\/figure>\n","protected":false},"excerpt":{"rendered":"<p>Substituto de Robin Frijns durante 2023, Kelvin van der Linde retorna ao time para render Nico M\u00fcller na etapa de Berlim<\/p>\n","protected":false},"author":0,"featured_media":1000671517,"comment_status":"closed","ping_status":"closed","sticky":false,"template":"","format":"standard","meta":{"42wp_featured_image_caption":"","42wp_featured_image_credits":"","42wp_featured_video":"","42wp_featured_image_hidden":false,"42wp_authors_list":[],"footnotes":""},"categories":[19],"tags":[33642,34133,37542,37543,5050,37743,37744,5660,26410,37762,4981,35967,34647,37545,33841,37745,28399,966,2349],"42wp_author":[47120],"class_list":["post-81031","post","type-post","status-publish","format-standard","has-post-thumbnail","hentry","category-formula-e","tag-abt-cupra","tag-assistir-formula-e-ao-vivo","tag-assistir-formula-e-gratis","tag-assistir-formula-e-online","tag-berlim","tag-calendario-formula-e-2024","tag-calendario-formula-e-2024-horarios","tag-classificacao","tag-classificacao-da-formula-e","tag-classificacao-formula-e-2024","tag-ep-de-berlim","tag-formula-e-2024","tag-formula-e-ao-vivo","tag-formula-e-live","tag-formula-e-no-grande-premio","tag-formula-e-tv-2024","tag-kelvin-van-der-linde","tag-lucas-di-grassi","tag-nico-muller","42wp_author-pedro-henrique-marum"],"_links":{"self":[{"href":"https:\/\/grandepremio.com\/br\/wp-json\/wp\/v2\/posts\/81031","targetHints":{"allow":["GET"]}}],"collection":[{"href":"https:\/\/grandepremio.com\/br\/wp-json\/wp\/v2\/posts"}],"about":[{"href":"https:\/\/grandepremio.com\/br\/wp-json\/wp\/v2\/types\/post"}],"replies":[{"embeddable":true,"href":"https:\/\/grandepremio.com\/br\/wp-json\/wp\/v2\/comments?post=81031"}],"version-history":[{"count":0,"href":"https:\/\/grandepremio.com\/br\/wp-json\/wp\/v2\/posts\/81031\/revisions"}],"wp:featuredmedia":[{"embeddable":true,"href":"https:\/\/grandepremio.com\/br\/wp-json\/wp\/v2\/media\/1000671517"}],"wp:attachment":[{"href":"https:\/\/grandepremio.com\/br\/wp-json\/wp\/v2\/media?parent=81031"}],"wp:term":[{"taxonomy":"category","embeddable":true,"href":"https:\/\/grandepremio.com\/br\/wp-json\/wp\/v2\/categories?post=81031"},{"taxonomy":"post_tag","embeddable":true,"href":"https:\/\/grandepremio.com\/br\/wp-json\/wp\/v2\/tags?post=81031"},{"taxonomy":"42wp_author","embeddable":true,"href":"https:\/\/grandepremio.com\/br\/wp-json\/wp\/v2\/42wp_author?post=81031"}],"curies":[{"name":"wp","href":"https:\/\/api.w.org\/{rel}","templated":true}]}}