{"id":81154,"date":"2024-04-17T12:27:58","date_gmt":"2024-04-17T15:27:58","guid":{"rendered":"https:\/\/grandepremio.com\/br\/noticias\/jean-eric-vergne-celebra-recorde-pontos-formula-e-lembrete-quao-longe-cheguei\/"},"modified":"2024-04-17T12:35:33","modified_gmt":"2024-04-17T15:35:33","slug":"jean-eric-vergne-celebra-recorde-pontos-formula-e-lembrete-quao-longe-cheguei","status":"publish","type":"post","link":"https:\/\/grandepremio.com\/br\/formula-e\/jean-eric-vergne-celebra-recorde-pontos-formula-e-lembrete-quao-longe-cheguei\/","title":{"rendered":"Vergne celebra recorde de pontos na F\u00f3rmula E: &#8220;Lembrete de qu\u00e3o longe cheguei&#8221;"},"content":{"rendered":"\n<p class=\"wp-block-paragraph\"><strong>Jean-\u00c9ric Vergne<\/strong> n\u00e3o conseguiu executar um grande fim de semana nas duas corridas da <strong>F\u00f3rmula E<\/strong> em <strong>Misano<\/strong>, mas saiu com duas excelentes performances nas classifica\u00e7\u00f5es \u2014 chegando \u00e0 final em ambas \u2014 e <a href=\"https:\/\/www.grandepremio.com\/br\/formula-e\/noticias\/jean-eric-vergne-lucas-di-grassi-maior-pontuador-historia-7o-lugar-ep-de-misano-2\/\" target=\"_blank\" rel=\"noreferrer noopener\">se tornou o maior pontuador da hist\u00f3ria da categoria<\/a>, com <strong>1.047<\/strong> tentos, ultrapassando o brasileiro <strong>Lucas Di Grassi <\/strong>na lideran\u00e7a do ranking. Segundo o piloto da <strong>DS Penske<\/strong>, a nova marca mostra o sucesso que conseguiu atingir na carreira desde que entrou no grid dos monopostos el\u00e9tricos.<\/p>\n\n\n\n<p class=\"wp-block-paragraph\">&#8220;Obviamente, estou muito feliz por esse recorde e por ter coletado todos esses pontos&#8221;, celebrou Vergne. &#8220;\u00c9 um lembrete de qu\u00e3o longe cheguei desde que estreei na F\u00f3rmula E&#8221;, disse o piloto franc\u00eas, \u00fanico bicampe\u00e3o mundial da categoria.<\/p>\n\n\n\n<p class=\"wp-block-paragraph\">&#8220;Agora, o que me interessa e motiva mais do que qualquer coisa s\u00e3o os pontos que ainda vou marcar no futuro&#8221;, destacou. &#8220;Precisamos coletar muitos pontos a mais nas pr\u00f3ximas corridas&#8221;, prosseguiu Vergne.<\/p>\n\n\n\n<p class=\"wp-block-paragraph\">Apesar do grande desempenho nas duas classifica\u00e7\u00f5es do fim de semana, com dois segundos lugares, Vergne terminou a <strong><a href=\"https:\/\/www.youtube.com\/watch?v=UNLyFKQyAME\" target=\"_blank\" rel=\"noreferrer noopener\">corrida 1<\/a><\/strong> em <strong>sexto <\/strong>\u2014 depois de cruzar a linha de chegada em <strong>terceiro <\/strong>e ser punido com <strong>5s <\/strong>\u2014 e a <strong><a href=\"https:\/\/www.youtube.com\/watch?v=i0gxQ-4pKAs\" target=\"_blank\" rel=\"noreferrer noopener\">corrida 2<\/a><\/strong> em <strong>s\u00e9timo<\/strong>. Falando sobre a segunda prova, o franc\u00eas lamentou a perda de posi\u00e7\u00f5es no pelot\u00e3o e disse que a DS Penske vai analisar o que deu errado na estrat\u00e9gia escolhida para Misano.<\/p>\n\n\n\n<figure class=\"wp-block-image size-large\"><img decoding=\"async\" src=\"https:\/\/www.grandepremio.com\/br\/wp-content\/uploads\/2024\/04\/Vergne-1024x683.png\" alt=\"\" class=\"wp-image-799778\"\/><figcaption class=\"wp-element-caption\">Vergne elogiou ritmo de classifica\u00e7\u00e3o, mas disse que a DS Penske precisa somar mais pontos (Foto: Reprodu\u00e7\u00e3o)<\/figcaption><\/figure>\n\n\n\n<p class=\"wp-block-paragraph\">&#8220;Foi uma grande performance da equipe em ritmo de classifica\u00e7\u00e3o&#8221;, elogiou. &#8220;Claramente, demos um passo \u00e0 frente nessa \u00e1rea, e gostaria de parabenizar toda a equipe por isso. Sobre a corrida, precisamos entender o que aconteceu. N\u00e3o sei se erramos na estrat\u00e9gia do modo ataque, mas perdi muitas posi\u00e7\u00f5es em duas voltas e ca\u00ed no pelot\u00e3o&#8221;, lamentou.<\/p>\n\n\n\n<p class=\"wp-block-paragraph\">&#8220;Com a necessidade de gest\u00e3o de energia, n\u00e3o consegui recuperar as posi\u00e7\u00f5es. N\u00e3o sei se foi apenas azar, porque ainda acho que tomamos as decis\u00f5es certas naquele momento. No fim, um incidente na \u00faltima volta me custou ainda mais posi\u00e7\u00f5es, mas ainda pudemos marcar alguns pontos importantes mais uma vez&#8221;, finalizou Vergne.<\/p>\n\n\n\n<p class=\"wp-block-paragraph\">A\u00a0<a href=\"https:\/\/www.grandepremio.com\/br\/formula-e\/\" target=\"_blank\" rel=\"noreferrer noopener\"><\/a><a href=\"https:\/\/www.grandepremio.com\/br\/formula-e\/\" target=\"_blank\" rel=\"noreferrer noopener\">F\u00f3rmula E<\/a>\u00a0retorna no dia\u00a0<strong>27 de abril<\/strong>, com a disputa da oitava etapa da temporada no\u00a0<strong>eP de\u00a0<a href=\"https:\/\/www.grandepremio.com\/br\/circuito\/monaco\/\" target=\"_blank\" rel=\"noreferrer noopener\">M\u00f4naco<\/a>\u00a0<\/strong>\u2014 que tem todas as suas quatro atividades previstas para o s\u00e1bado. O\u00a0<strong>GRANDE<\/strong>\u00a0<strong>PR\u00caMIO\u00a0<\/strong>transmite a temporada completa\u00a0<strong>AO VIVO\u00a0<\/strong>e\u00a0<strong>COM IMAGENS\u00a0<\/strong>no\u00a0<strong>YouTube<\/strong>.<\/p>\n\n\n\n<p class=\"wp-block-paragraph\"><strong><img decoding=\"async\" src=\"https:\/\/s.w.org\/images\/core\/emoji\/14.0.0\/svg\/25b6.svg\" alt=\"\u25b6\ufe0f\" style=\"width: 20px;\">\u00a0Inscreva-se nos dois canais do GRANDE PR\u00caMIO no YouTube:\u00a0<a href=\"https:\/\/www.youtube.com\/channel\/UC9OlHEgxoaY6QY6nWPoiqQg?sub_confirmation=1\" target=\"_blank\" rel=\"noreferrer noopener\">GP<\/a>\u00a0|\u00a0<a href=\"https:\/\/www.youtube.com\/channel\/UC9csiS6q_C3C0FYhyr1rnFA?sub_confirmation=1\" target=\"_blank\" rel=\"noreferrer noopener\">GP2<\/a><\/strong><br><strong><img decoding=\"async\" src=\"https:\/\/s.w.org\/images\/core\/emoji\/14.0.0\/svg\/25b6.svg\" alt=\"\u25b6\ufe0f\" style=\"width: 20px;\">\u00a0<a href=\"https:\/\/www.twitch.tv\/grandepremio\" target=\"_blank\" rel=\"noreferrer noopener\">Conhe\u00e7a o canal do GRANDE PR\u00caMIO na Twitch clicando aqui!<\/a><\/strong><\/p>\n\n\n\n<figure class=\"wp-block-embed is-type-video is-provider-youtube wp-block-embed-youtube wp-embed-aspect-16-9 wp-has-aspect-ratio\"><div class=\"wp-block-embed__wrapper\">\n<iframe loading=\"lazy\" title=\"F\u00d3RMULA E 2024 - eP DE MISANO | 7\u00aa etapa | Corrida\" width=\"500\" height=\"281\" src=\"https:\/\/www.youtube.com\/embed\/i0gxQ-4pKAs?feature=oembed\" frameborder=\"0\" allow=\"accelerometer; autoplay; clipboard-write; encrypted-media; gyroscope; picture-in-picture; web-share\" referrerpolicy=\"strict-origin-when-cross-origin\" allowfullscreen><\/iframe>\n<\/div><\/figure>\n","protected":false},"excerpt":{"rendered":"<p>Com 14 pontos somados na rodada dupla do eP de Misano, Jean-\u00c9ric Vergne se tornou o maior pontuador da hist\u00f3ria da F\u00f3rmula E. Apesar da felicidade com o recorde, o franc\u00eas admitiu que saiu frustrado depois de perder posi\u00e7\u00f5es por motivo ainda desconhecido na corrida 2<\/p>\n","protected":false},"author":0,"featured_media":1000773251,"comment_status":"closed","ping_status":"closed","sticky":false,"template":"","format":"standard","meta":{"42wp_featured_image_caption":"","42wp_featured_image_credits":"","42wp_featured_video":"","42wp_featured_image_hidden":false,"42wp_authors_list":[],"footnotes":""},"categories":[19],"tags":[28679,6853,31465,37329,379,36881,840,35967,39009,1601,1491,30103,28285,851,966,39008,36219,14976],"42wp_author":[47142],"class_list":["post-81154","post","type-post","status-publish","format-standard","has-post-thumbnail","hentry","category-formula-e","tag-calendario-formula-e","tag-classificacao-formula-e","tag-ds-penske","tag-ep-de-misano","tag-fe","tag-fe-2024","tag-formula-e","tag-formula-e-2024","tag-formula-e-misano","tag-gen3","tag-grande-premio","tag-grande-premio-f1","tag-grandepremio","tag-jean-eric-vergne","tag-lucas-di-grassi","tag-misano-eprix","tag-onde-assistir-formula-e","tag-rookie-test","42wp_author-jp-nascimento"],"_links":{"self":[{"href":"https:\/\/grandepremio.com\/br\/wp-json\/wp\/v2\/posts\/81154","targetHints":{"allow":["GET"]}}],"collection":[{"href":"https:\/\/grandepremio.com\/br\/wp-json\/wp\/v2\/posts"}],"about":[{"href":"https:\/\/grandepremio.com\/br\/wp-json\/wp\/v2\/types\/post"}],"replies":[{"embeddable":true,"href":"https:\/\/grandepremio.com\/br\/wp-json\/wp\/v2\/comments?post=81154"}],"version-history":[{"count":0,"href":"https:\/\/grandepremio.com\/br\/wp-json\/wp\/v2\/posts\/81154\/revisions"}],"wp:featuredmedia":[{"embeddable":true,"href":"https:\/\/grandepremio.com\/br\/wp-json\/wp\/v2\/media\/1000773251"}],"wp:attachment":[{"href":"https:\/\/grandepremio.com\/br\/wp-json\/wp\/v2\/media?parent=81154"}],"wp:term":[{"taxonomy":"category","embeddable":true,"href":"https:\/\/grandepremio.com\/br\/wp-json\/wp\/v2\/categories?post=81154"},{"taxonomy":"post_tag","embeddable":true,"href":"https:\/\/grandepremio.com\/br\/wp-json\/wp\/v2\/tags?post=81154"},{"taxonomy":"42wp_author","embeddable":true,"href":"https:\/\/grandepremio.com\/br\/wp-json\/wp\/v2\/42wp_author?post=81154"}],"curies":[{"name":"wp","href":"https:\/\/api.w.org\/{rel}","templated":true}]}}