{"id":81208,"date":"2024-04-17T04:30:00","date_gmt":"2024-04-17T07:30:00","guid":{"rendered":"https:\/\/grandepremio.com\/br\/noticias\/pascal-wehrlein-pistas-muito-discrepantes-formula-e-gostaria-mais-equilibrio\/"},"modified":"2024-04-16T16:26:47","modified_gmt":"2024-04-16T19:26:47","slug":"pascal-wehrlein-pistas-muito-discrepantes-formula-e-gostaria-mais-equilibrio","status":"publish","type":"post","link":"https:\/\/grandepremio.com\/br\/formula-e\/pascal-wehrlein-pistas-muito-discrepantes-formula-e-gostaria-mais-equilibrio\/","title":{"rendered":"Wehrlein v\u00ea pistas &#8220;muito discrepantes&#8221; na F\u00f3rmula E: &#8220;Gostaria de mais equil\u00edbrio&#8221;"},"content":{"rendered":"\n<p class=\"wp-block-paragraph\">A estreia da <strong>F\u00f3rmula E<\/strong> em <strong>Misano<\/strong>, realizada no \u00faltimo fim de semana com uma rodada dupla, trouxe duas corridas de pelot\u00e3o marcadas por muitas ultrapassagens e, mais uma vez, certo n\u00edvel de caos na pista, j\u00e1 que os carros estavam sempre muito pr\u00f3ximos at\u00e9 o ter\u00e7o final da prova. O p\u00fablico foi agraciado com duas disputas emocionantes e decididas no final, mas alguns pilotos sa\u00edram incomodados com o n\u00edvel de &#8216;sorte&#8217; envolvido na disputa. <strong>Pascal Wehrlein <\/strong>comentou sobre o assunto com o <strong>GRANDE PR\u00caMIO <\/strong>ap\u00f3s vencer no fim de semana e analisou as discrep\u00e2ncias entre diferentes pistas da categoria.<\/p>\n\n\n\n<p class=\"wp-block-paragraph\">Segundo o alem\u00e3o, o calend\u00e1rio da F\u00f3rmula E traz pistas muito diferentes entre si neste momento, com corridas em que as ultrapassagens se tornam extremamente dif\u00edceis e outras em que \u00e9 muito f\u00e1cil executar as manobras. Para ele, esse equil\u00edbrio deveria ser maior no futuro.<\/p>\n\n\n\n<p class=\"wp-block-paragraph\">&#8220;Acho que, \u00e0s vezes, \u00e9 muito extremo. Fica muito dif\u00edcil de ultrapassar em alguns momentos e, em outros, \u00e9 f\u00e1cil demais&#8221;, disse Wehrlein ao <strong>GP<\/strong>. &#8220;Nessa temporada, j\u00e1 tivemos etapas em que a classifica\u00e7\u00e3o foi muito importante e n\u00e3o tivemos muitas ultrapassagens nas corridas, mas tamb\u00e9m tivemos corridas como Misano, e provavelmente <strong>Xangai<\/strong>, <strong>Portland <\/strong>e <strong>Berlim<\/strong>, muito extremas na outra dire\u00e7\u00e3o&#8221;, afirmou.<\/p>\n\n\n\n<p class=\"wp-block-paragraph\">&#8220;Para mim, seria bom encontrarmos no futuro um meio-termo melhor, que traria mais consist\u00eancia na temporada. Mas \u00e9 bom ter algumas exce\u00e7\u00f5es, algumas pistas mais dif\u00edceis de ultrapassar, como Londres \u2014 onde \u00e9 sempre complicado&#8221;, analisou.<\/p>\n\n\n\n<figure class=\"wp-block-image size-large\"><img decoding=\"async\" src=\"https:\/\/www.grandepremio.com\/br\/wp-content\/uploads\/2024\/04\/EPS1007_140316SMG_9991-2048x2048-1-1024x683.jpg\" alt=\"\" class=\"wp-image-801092\"\/><figcaption class=\"wp-element-caption\">Apesar do caos, Wehrlein venceu a corrida 2 em Misano (Foto: F\u00f3rmula E)<\/figcaption><\/figure>\n\n\n\n<p class=\"wp-block-paragraph\">Para a temporada atual, a F\u00f3rmula E ainda tem visitas agendadas a Xangai, na <strong>China<\/strong>, e Portland, nos <strong>Estados Unidos<\/strong>, que indicam um estilo de corrida parecido. Berlim, na <strong>Alemanha<\/strong>, tamb\u00e9m trouxe uma corrida de pelot\u00e3o animada em 2023, ainda que n\u00e3o seja um circuito permanente.<\/p>\n\n\n\n<p class=\"wp-block-paragraph\">Al\u00e9m disso, a F\u00f3rmula E ainda <a href=\"https:\/\/www.grandepremio.com\/br\/formula-e\/noticias\/formula-e-alternativa-londres-conversa-silverstone-etapa-abril\/\" target=\"_blank\" rel=\"noreferrer noopener\">estuda a mudan\u00e7a de Londres para <strong>Silverstone<\/strong><\/a><strong> <\/strong>a partir do ano que vem, justamente pela baixa quantidade de ultrapassagens permitidas pela <strong>ExCel Arena<\/strong>, que recebe a categoria desde 2021. Com o avan\u00e7o da tecnologia dos carros, os monopostos se tornaram muito r\u00e1pidos e oferecem um risco de seguran\u00e7a em pistas muito apertadas.<\/p>\n\n\n\n<p class=\"wp-block-paragraph\">&#8220;Apenas sinto que o equil\u00edbrio que temos agora entre pistas diferentes \u00e9 muito discrepante, e gostaria que consegu\u00edssemos aproximar mais os dois [estilos] no futuro&#8221;, completou Wehrlein.<\/p>\n\n\n\n<p class=\"wp-block-paragraph\">A&nbsp;<a href=\"https:\/\/www.grandepremio.com\/br\/formula-e\/\" target=\"_blank\" rel=\"noreferrer noopener\"><\/a><a href=\"https:\/\/www.grandepremio.com\/br\/formula-e\/\" target=\"_blank\" rel=\"noreferrer noopener\">F\u00f3rmula E<\/a>&nbsp;retorna no dia&nbsp;<strong>27 de abril<\/strong>, com a disputa da oitava etapa da temporada no&nbsp;<strong>eP de&nbsp;<a href=\"https:\/\/www.grandepremio.com\/br\/circuito\/monaco\/\" target=\"_blank\" rel=\"noreferrer noopener\">M\u00f4naco<\/a>&nbsp;<\/strong>\u2014 que tem todas as suas quatro atividades previstas para o s\u00e1bado. O&nbsp;<strong>GRANDE<\/strong>&nbsp;<strong>PR\u00caMIO&nbsp;<\/strong>transmite a temporada completa&nbsp;<strong>AO VIVO&nbsp;<\/strong>e&nbsp;<strong>COM IMAGENS&nbsp;<\/strong>no&nbsp;<strong>YouTube<\/strong>.<\/p>\n\n\n\n<p class=\"wp-block-paragraph\"><strong><img decoding=\"async\" src=\"https:\/\/s.w.org\/images\/core\/emoji\/14.0.0\/svg\/25b6.svg\" alt=\"\u25b6\ufe0f\" style=\"width: 20px;\">\u00a0Inscreva-se nos dois canais do GRANDE PR\u00caMIO no YouTube:\u00a0<a href=\"https:\/\/www.youtube.com\/channel\/UC9OlHEgxoaY6QY6nWPoiqQg?sub_confirmation=1\" target=\"_blank\" rel=\"noreferrer noopener\">GP<\/a>\u00a0|\u00a0<a href=\"https:\/\/www.youtube.com\/channel\/UC9csiS6q_C3C0FYhyr1rnFA?sub_confirmation=1\" target=\"_blank\" rel=\"noreferrer noopener\">GP2<\/a><\/strong><br><strong><img decoding=\"async\" src=\"https:\/\/s.w.org\/images\/core\/emoji\/14.0.0\/svg\/25b6.svg\" alt=\"\u25b6\ufe0f\" style=\"width: 20px;\">\u00a0<a href=\"https:\/\/www.twitch.tv\/grandepremio\" target=\"_blank\" rel=\"noreferrer noopener\">Conhe\u00e7a o canal do GRANDE PR\u00caMIO na Twitch clicando aqui!<\/a><\/strong><\/p>\n\n\n\n<figure class=\"wp-block-embed is-type-video is-provider-youtube wp-block-embed-youtube wp-embed-aspect-16-9 wp-has-aspect-ratio\"><div class=\"wp-block-embed__wrapper\">\n<iframe loading=\"lazy\" title=\"F\u00d3RMULA E 2024 - eP DE MISANO | 7\u00aa etapa | Corrida\" width=\"500\" height=\"281\" src=\"https:\/\/www.youtube.com\/embed\/i0gxQ-4pKAs?feature=oembed\" frameborder=\"0\" allow=\"accelerometer; autoplay; clipboard-write; encrypted-media; gyroscope; picture-in-picture; web-share\" referrerpolicy=\"strict-origin-when-cross-origin\" allowfullscreen><\/iframe>\n<\/div><\/figure>\n","protected":false},"excerpt":{"rendered":"<p>De acordo com Pascal Wehrlein, a F\u00f3rmula E tem pistas em que \u00e9 &#8220;muito dif\u00edcil&#8221; ultrapassar e outras em que \u00e9 &#8220;f\u00e1cil demais&#8221;. Em resposta ao GRANDE PR\u00caMIO, o ex-F1 disse que seria importante encontrar um equil\u00edbrio no calend\u00e1rio da categoria<\/p>\n","protected":false},"author":0,"featured_media":1000801059,"comment_status":"closed","ping_status":"closed","sticky":false,"template":"","format":"standard","meta":{"42wp_featured_image_caption":"","42wp_featured_image_credits":"","42wp_featured_video":"","42wp_featured_image_hidden":false,"42wp_authors_list":[],"footnotes":""},"categories":[19],"tags":[28679,6853,37329,379,36881,840,35967,39009,1601,1491,30103,28285,39008,36219,1194,736,14976],"42wp_author":[47142],"class_list":["post-81208","post","type-post","status-publish","format-standard","has-post-thumbnail","hentry","category-formula-e","tag-calendario-formula-e","tag-classificacao-formula-e","tag-ep-de-misano","tag-fe","tag-fe-2024","tag-formula-e","tag-formula-e-2024","tag-formula-e-misano","tag-gen3","tag-grande-premio","tag-grande-premio-f1","tag-grandepremio","tag-misano-eprix","tag-onde-assistir-formula-e","tag-pascal-wehrlein","tag-porsche","tag-rookie-test","42wp_author-jp-nascimento"],"_links":{"self":[{"href":"https:\/\/grandepremio.com\/br\/wp-json\/wp\/v2\/posts\/81208","targetHints":{"allow":["GET"]}}],"collection":[{"href":"https:\/\/grandepremio.com\/br\/wp-json\/wp\/v2\/posts"}],"about":[{"href":"https:\/\/grandepremio.com\/br\/wp-json\/wp\/v2\/types\/post"}],"replies":[{"embeddable":true,"href":"https:\/\/grandepremio.com\/br\/wp-json\/wp\/v2\/comments?post=81208"}],"version-history":[{"count":0,"href":"https:\/\/grandepremio.com\/br\/wp-json\/wp\/v2\/posts\/81208\/revisions"}],"wp:featuredmedia":[{"embeddable":true,"href":"https:\/\/grandepremio.com\/br\/wp-json\/wp\/v2\/media\/1000801059"}],"wp:attachment":[{"href":"https:\/\/grandepremio.com\/br\/wp-json\/wp\/v2\/media?parent=81208"}],"wp:term":[{"taxonomy":"category","embeddable":true,"href":"https:\/\/grandepremio.com\/br\/wp-json\/wp\/v2\/categories?post=81208"},{"taxonomy":"post_tag","embeddable":true,"href":"https:\/\/grandepremio.com\/br\/wp-json\/wp\/v2\/tags?post=81208"},{"taxonomy":"42wp_author","embeddable":true,"href":"https:\/\/grandepremio.com\/br\/wp-json\/wp\/v2\/42wp_author?post=81208"}],"curies":[{"name":"wp","href":"https:\/\/api.w.org\/{rel}","templated":true}]}}