{"id":81274,"date":"2024-04-16T10:58:55","date_gmt":"2024-04-16T13:58:55","guid":{"rendered":"https:\/\/grandepremio.com\/br\/noticias\/f1-relata-avanco-reducao-emissoes-carbono-segue-longe-meta-2030\/"},"modified":"2024-04-16T16:25:52","modified_gmt":"2024-04-16T19:25:52","slug":"f1-relata-avanco-reducao-emissoes-carbono-segue-longe-meta-2030","status":"publish","type":"post","link":"https:\/\/grandepremio.com\/br\/f1\/f1-relata-avanco-reducao-emissoes-carbono-segue-longe-meta-2030\/","title":{"rendered":"F1 relata avan\u00e7o em redu\u00e7\u00e3o das emiss\u00f5es de carbono, mas segue longe de meta para 2030"},"content":{"rendered":"\n<p class=\"wp-block-paragraph\">A <strong>F\u00f3rmula 1<\/strong>, atrav\u00e9s da campanha <strong>Net Zero 2030<\/strong>, tem como meta reduzir suas emiss\u00f5es de carbono em 50% at\u00e9 2030. E nesta ter\u00e7a-feira (16) a categoria divulgou um balan\u00e7o apresentando um avan\u00e7o em seu objetivo. De acordo com o relat\u00f3rio, entre 2018 e 2022 \u2014 os dados de 2023 ainda n\u00e3o foram apurados \u2014, o certame conseguiu reduzir suas emiss\u00f5es em 13%.<\/p>\n\n\n\n<p class=\"wp-block-paragraph\">A linha de base de 2018 foi confirmada em 2019, quando a F1 lan\u00e7ou a sua<a href=\"https:\/\/www.grandepremio.com\/br\/f1\/noticias\/calendario-logistica-cultura-como-formula-1-enxerga-meta-ser-carbono-neutro\/\"> estrat\u00e9gia de sustentabilidade <\/a>com o objetivo de atingir o <strong>Carbono Zero L\u00edquido<\/strong> at\u00e9 2030. Desde ent\u00e3o, a categoria assumiu o compromisso de reduzir as emiss\u00f5es de carbono em um m\u00ednimo de 50% em rela\u00e7\u00e3o a 2018, uma meta definida usando a ci\u00eancia do Painel Intergovernamental sobre Mudan\u00e7as Clim\u00e1ticas (IPCC) e sua defini\u00e7\u00e3o de emiss\u00f5es l\u00edquidas zero, e seguindo as orienta\u00e7\u00f5es estabelecidas pelo Protocolo de Gases de Efeito Estufa.<\/p>\n\n\n\n<p class=\"wp-block-paragraph\">Apesar do avan\u00e7o conquistado em 2022, a categoria ainda est\u00e1 distante de seu objetivo. A F1 estabeleceu a marca em 2019, depois de apurar que a temporada 2018 emitiu cerca de 256 mil toneladas de di\u00f3xido de carbono. Por isso, o foco da categoria \u00e9 reduzir esse n\u00famero para 128 mil toneladas at\u00e9 2030.<\/p>\n\n\n\n<p class=\"wp-block-paragraph\">Com os 13% de redu\u00e7\u00e3o anunciados, a F1 conseguiu uma baixa de aproximadamente 8,3 mil toneladas por ano. Seguindo nesse ritmo, o objetivo s\u00f3 seria alcan\u00e7ado em 2034, quando vai alcan\u00e7ar uma redu\u00e7\u00e3o de 133,1 mil toneladas.<\/p>\n\n\n\n<figure class=\"wp-block-image size-large\"><img decoding=\"async\" src=\"https:\/\/www.grandepremio.com\/br\/wp-content\/uploads\/2023\/06\/GPF1-4-1024x576.png\" alt=\"\" class=\"wp-image-694646\"\/><figcaption class=\"wp-element-caption\">F1 tem meta de ser companhia carbono neutro at\u00e9 2030 (Foto: F1)<\/figcaption><\/figure>\n\n\n\n<p class=\"wp-block-paragraph\">Apesar de ainda estar distante de atingir a meta, a F1 tem planos para acelerar a redu\u00e7\u00e3o de carbono e alcan\u00e7ar os outros 37% at\u00e9 2030. Para isso, o esporte j\u00e1 est\u00e1 se preparando para receber um novo regulamento de motores em 2026, que ser\u00e3o mais simples, eficientes, e abastecidos com combust\u00edvel sint\u00e9tico. Al\u00e9m disso, a categoria, as equipes e os promotores de corrida est\u00e3o utilizando mais energias renov\u00e1veis \u200b\u200be fazendo mudan\u00e7as log\u00edsticas para opera\u00e7\u00f5es remotas e fretes mar\u00edtimos.<\/p>\n\n\n\n<p class=\"wp-block-paragraph\">Para 2023, embora os dados coletados ainda n\u00e3o estejam completos, a F1 passou a contar com uma nova frota de caminh\u00f5es movidos a biocombust\u00edveis da DHL, que reduziu as emiss\u00f5es de carbono relacionadas com a log\u00edstica em uma m\u00e9dia de 83% durante a temporada europeia.<\/p>\n\n\n\n<p class=\"wp-block-paragraph\">Al\u00e9m disso, mais de 75% dos promotores utilizaram fontes de energia renov\u00e1veis em seus eventos em 2023, desde ativa\u00e7\u00f5es de teste at\u00e9 todo o fim de semana de corrida. Esse n\u00famero era de apenas 50% em 2022.<\/p>\n\n\n\n<p class=\"wp-block-paragraph\">A&nbsp;<a href=\"https:\/\/www.grandepremio.com\/br\/f1\/\"><\/a><a href=\"https:\/\/www.grandepremio.com\/br\/f1\/\" target=\"_blank\" rel=\"noreferrer noopener\">F1<\/a>&nbsp;volta entre os dias&nbsp;<strong>19<\/strong>&nbsp;e&nbsp;<strong>21&nbsp;<\/strong>de abril, para o GP da China, retorno da etapa ao calend\u00e1rio p\u00f3s-pandemia, com cobertura completa do&nbsp;<strong>GRANDE PR\u00caMIO<\/strong>.<\/p>\n\n\n\n<p class=\"wp-block-paragraph\">\u25b6\ufe0f Inscreva-se nos dois canais do GRANDE PR\u00caMIO no YouTube: <strong><a href=\"https:\/\/www.youtube.com\/channel\/UC9OlHEgxoaY6QY6nWPoiqQg?sub_confirmation=1\" target=\"_blank\" rel=\"noreferrer noopener\">GP<\/a>&nbsp;|&nbsp;<a href=\"https:\/\/www.youtube.com\/channel\/UC9csiS6q_C3C0FYhyr1rnFA?sub_confirmation=1\" target=\"_blank\" rel=\"noreferrer noopener\">GP2<\/a><\/strong><br>\u25b6\ufe0f <strong>&nbsp;<a href=\"https:\/\/www.twitch.tv\/grandepremio\" target=\"_blank\" rel=\"noreferrer noopener\">Conhe\u00e7a o canal do GRANDE PR\u00caMIO na Twitch clicando aqui!<\/a><\/strong><\/p>\n\n\n\n<figure class=\"wp-block-embed is-type-video is-provider-youtube wp-block-embed-youtube wp-embed-aspect-16-9 wp-has-aspect-ratio\"><div class=\"wp-block-embed__wrapper\">\n<iframe loading=\"lazy\" title=\"F1 na CHINA + SPRINT DE VOLTA + ALONSO FICA na ASTON MARTIN | Paddock GP #367\" width=\"500\" height=\"281\" src=\"https:\/\/www.youtube.com\/embed\/PKSb4yGXdIU?feature=oembed\" frameborder=\"0\" allow=\"accelerometer; autoplay; clipboard-write; encrypted-media; gyroscope; picture-in-picture; web-share\" referrerpolicy=\"strict-origin-when-cross-origin\" allowfullscreen><\/iframe>\n<\/div><\/figure>\n","protected":false},"excerpt":{"rendered":"<p>A F\u00f3rmula 1 divulgou um relat\u00f3rio confirmando que conseguiu reduzir sua emiss\u00e3o de carbono em 13% em rela\u00e7\u00e3o a 2018, mas ainda precisa de mais 37% para alcan\u00e7ar a meta at\u00e9 2030. A categoria j\u00e1 est\u00e1 promovendo mudan\u00e7as no setor de log\u00edstica e no regulamento esportivo para se tornar mais sustent\u00e1vel<\/p>\n","protected":false},"author":0,"featured_media":1000784215,"comment_status":"closed","ping_status":"closed","sticky":false,"template":"","format":"standard","meta":{"42wp_featured_image_caption":"","42wp_featured_image_credits":"","42wp_featured_video":"","42wp_featured_image_hidden":false,"42wp_authors_list":[],"footnotes":""},"categories":[2],"tags":[147,180,1491,28285,30904,2693],"42wp_author":[47149],"class_list":["post-81274","post","type-post","status-publish","format-standard","has-post-thumbnail","hentry","category-f1","tag-f1","tag-formula-1","tag-grande-premio","tag-grandepremio","tag-motores-f1","tag-novo-regulamento-f1","42wp_author-bernardo-castro"],"_links":{"self":[{"href":"https:\/\/grandepremio.com\/br\/wp-json\/wp\/v2\/posts\/81274","targetHints":{"allow":["GET"]}}],"collection":[{"href":"https:\/\/grandepremio.com\/br\/wp-json\/wp\/v2\/posts"}],"about":[{"href":"https:\/\/grandepremio.com\/br\/wp-json\/wp\/v2\/types\/post"}],"replies":[{"embeddable":true,"href":"https:\/\/grandepremio.com\/br\/wp-json\/wp\/v2\/comments?post=81274"}],"version-history":[{"count":0,"href":"https:\/\/grandepremio.com\/br\/wp-json\/wp\/v2\/posts\/81274\/revisions"}],"wp:featuredmedia":[{"embeddable":true,"href":"https:\/\/grandepremio.com\/br\/wp-json\/wp\/v2\/media\/1000784215"}],"wp:attachment":[{"href":"https:\/\/grandepremio.com\/br\/wp-json\/wp\/v2\/media?parent=81274"}],"wp:term":[{"taxonomy":"category","embeddable":true,"href":"https:\/\/grandepremio.com\/br\/wp-json\/wp\/v2\/categories?post=81274"},{"taxonomy":"post_tag","embeddable":true,"href":"https:\/\/grandepremio.com\/br\/wp-json\/wp\/v2\/tags?post=81274"},{"taxonomy":"42wp_author","embeddable":true,"href":"https:\/\/grandepremio.com\/br\/wp-json\/wp\/v2\/42wp_author?post=81274"}],"curies":[{"name":"wp","href":"https:\/\/api.w.org\/{rel}","templated":true}]}}