{"id":81322,"date":"2024-04-16T04:30:00","date_gmt":"2024-04-16T07:30:00","guid":{"rendered":"https:\/\/grandepremio.com\/br\/noticias\/5-coisas-que-aprendemos-ep-de-misano-6a-7a-etapas-formula-e-2024\/"},"modified":"2024-04-16T06:44:42","modified_gmt":"2024-04-16T09:44:42","slug":"5-coisas-que-aprendemos-ep-de-misano-6a-7a-etapas-formula-e-2024","status":"publish","type":"post","link":"https:\/\/grandepremio.com\/br\/formula-e\/5-coisas-que-aprendemos-ep-de-misano-6a-7a-etapas-formula-e-2024\/","title":{"rendered":"5 coisas que aprendemos no eP de Misano, 6\u00aa e 7\u00aa etapas da F\u00f3rmula E 2024"},"content":{"rendered":"\n<p class=\"wp-block-paragraph\">A <strong>F\u00f3rmula E<\/strong> passou por <strong>Misano <\/strong>neste fim de semana pela primeira em sua hist\u00f3ria, com duas corridas de pelot\u00e3o que guardaram o segredo sobre os vencedores at\u00e9 os \u00faltimos instantes. No fim, <strong>Oliver Rowland <\/strong><a href=\"https:\/\/www.youtube.com\/watch?v=UNLyFKQyAME\" target=\"_blank\" rel=\"noreferrer noopener\">herdou a vit\u00f3ria da corrida 1<\/a> ap\u00f3s a <a href=\"https:\/\/www.grandepremio.com\/br\/formula-e\/noticias\/punicao-antonio-felix-da-costa-mancha-estreia-misano-novo-capitulo-racha-porsche-fia\/\" target=\"_blank\" rel=\"noreferrer noopener\">desclassifica\u00e7\u00e3o pol\u00eamica<\/a> de <strong>Ant\u00f3nio F\u00e9lix<\/strong> <strong>da Costa<\/strong>, que cruzou a linha de chegada em primeiro, enquanto <strong>Pascal Wehrlein<\/strong> foi o grande <a href=\"https:\/\/www.youtube.com\/watch?v=i0gxQ-4pKAs\" target=\"_blank\" rel=\"noreferrer noopener\">vencedor da corrida 2<\/a>.<\/p>\n\n\n\n<p class=\"wp-block-paragraph\">O fim de semana acabou marcado por diversos assuntos al\u00e9m da pista, como as muitas multas dadas pela dire\u00e7\u00e3o de prova, a desclassifica\u00e7\u00e3o do portugu\u00eas \u2014 que fez duas corridas fort\u00edssimas e saiu zerado em pontos \u2014 e um problema bizarro da <strong>Nissan<\/strong>, que viu o painel de Rowland indicar incorretamente o n\u00famero de voltas da corrida 2, o que fez o brit\u00e2nico ficar sem bateria em plena \u00faltima volta \u2014 e enquanto liderava.<\/p>\n\n\n\n<p class=\"wp-block-paragraph\">Ainda assim, a etapa italiana deixou boas li\u00e7\u00f5es. A <strong>Porsche <\/strong>segue fort\u00edssima em ritmo de corrida devido a um trem de for\u00e7a extremamente eficiente, e Wehrlein, Da Costa e <strong>Jake Dennis<\/strong> \u2014 da cliente <strong>Andretti <\/strong>\u2014 comprovaram isso. Mais atr\u00e1s, a Nissan encosta cada vez mais e d\u00e1 sinais claro de que est\u00e1, sim, na batalha pelo t\u00edtulo. N\u00e3o fosse o abandono, Rowland teria uma vantagem importante na lideran\u00e7a neste momento.<\/p>\n\n\n\n<p class=\"wp-block-paragraph\"><strong>Nico M\u00fcller <\/strong>segue dando raz\u00e3o ao interesse da Porsche em seus servi\u00e7os e fez novamente uma grande corrida no domingo (14), o que tamb\u00e9m vale para <strong>S\u00e9rgio Sette<\/strong> <strong>C\u00e2mara<\/strong> \u2014 que foi aos pontos nas duas provas, ainda que <a href=\"https:\/\/www.grandepremio.com\/br\/formula-e\/noticias\/sergio-sette-camara-nova-punicao-excesso-energia-cai-7o-16o-misano\/\" target=\"_blank\" rel=\"noreferrer noopener\">tenha sido punido na primeira<\/a> e deixado o top-10 horas depois.<\/p>\n\n\n\n<p class=\"wp-block-paragraph\">Diante deste cen\u00e1rio, o <strong>GRANDE<\/strong> <strong>PR\u00caMIO <\/strong>aponta cinco coisas que aprendemos na <strong>sexta<\/strong> e na <strong>s\u00e9tima <\/strong>etapas da temporada da F\u00f3rmula E em 2024, em <strong>Misano<\/strong>:<\/p>\n\n\n\n<figure class=\"wp-block-image size-large\"><img decoding=\"async\" src=\"https:\/\/www.grandepremio.com\/br\/wp-content\/uploads\/2024\/04\/EPS1006_130533_AF25567-2048x2048-1-1024x683.jpg\" alt=\"\" class=\"wp-image-801058\"\/><figcaption class=\"wp-element-caption\">Misano foi imprevis\u00edvel do in\u00edcio ao fim (Foto: F\u00f3rmula E)<\/figcaption><\/figure>\n\n\n\n<h2 class=\"wp-block-heading\" id=\"h-porsche-segue-como-forca-a-ser-temida\">Porsche segue como for\u00e7a a ser temida<\/h2>\n\n\n\n<p class=\"wp-block-paragraph\">Que fim de semana da Porsche. Na pista, a equipe alem\u00e3 cruzou a linha de chegada em primeiro duas vezes, mas saiu zerada da primeira prova depois da desclassifica\u00e7\u00e3o de Da Costa. Ainda que a <a href=\"https:\/\/www.grandepremio.com\/br\/formula-e\/noticias\/punicao-antonio-felix-da-costa-mancha-estreia-misano-novo-capitulo-racha-porsche-fia\/\" target=\"_blank\" rel=\"noreferrer noopener\">falta de alinhamento com a <\/a><strong><a href=\"https:\/\/www.grandepremio.com\/br\/formula-e\/noticias\/punicao-antonio-felix-da-costa-mancha-estreia-misano-novo-capitulo-racha-porsche-fia\/\" target=\"_blank\" rel=\"noreferrer noopener\">FIA<\/a> <\/strong>continue, a montadora mostra que tem um trem de for\u00e7a extremamente eficiente e precisa estar sempre considerada entre as favoritas.<\/p>\n\n\n\n<p class=\"wp-block-paragraph\">Da Costa cruzou em primeiro na corrida 1 depois de largar em <strong>13\u00ba<\/strong>, enquanto Dennis, que tamb\u00e9m usa o motor alem\u00e3o na Andretti, saiu de <strong>18\u00ba<\/strong> e <strong>nono <\/strong>para chegar em segundo duas vezes. O time tomou a lideran\u00e7a do Mundial de Pilotos com Wehrlein e, n\u00e3o tivesse a desclassifica\u00e7\u00e3o do portugu\u00eas, teria tamb\u00e9m a ponta do Mundial de Equipes. Depois de ver a <strong>Jaguar <\/strong>dando as cartas no in\u00edcio do ano, a fabricante foi atr\u00e1s e segue no p\u00e1reo.<\/p>\n\n\n\n<h2 class=\"wp-block-heading\" id=\"h-jake-dennis-busca-bi-na-regularidade\">Jake Dennis busca bi na regularidade<\/h2>\n\n\n\n<p class=\"wp-block-paragraph\">Se conseguir conquistar o bicampeonato da F\u00f3rmula E ao fim da temporada, Jake Dennis ter\u00e1 o fim de semana do eP de Misano guardado em um lugar especial na trajet\u00f3ria. O brit\u00e2nico da Andretti teve um carro lento em todos os treinos livres e nas duas classifica\u00e7\u00f5es, nas quais terminou em <strong>18\u00ba <\/strong>e <strong>nono<\/strong>. Pois o piloto ignorou tudo isso e saiu da It\u00e1lia com <strong>36<\/strong> <strong>pontos <\/strong>na bagagem, a <strong>maior pontua\u00e7\u00e3o <\/strong>entre todos os competidores.<\/p>\n\n\n\n<p class=\"wp-block-paragraph\">Abusando da efici\u00eancia do trem de for\u00e7a Porsche, Dennis apostou tudo nas corridas e se deu bem. Mantendo-se longe de confus\u00f5es, o ingl\u00eas ganhou um n\u00famero absurdo de posi\u00e7\u00f5es ao longo das provas e se colocou entre os primeiros na reta final. Sofreu um pouco mais na segunda disputa com os pneus e a energia, mas segurou o segundo posto at\u00e9 o fim. Na base da regularidade, Jake j\u00e1 chega a <strong>tr\u00eas p\u00f3dios consecutivos<\/strong>. \u00c9 um dos mais consistentes do grid.<\/p>\n\n\n\n<figure class=\"wp-block-image size-large\"><img decoding=\"async\" src=\"https:\/\/www.grandepremio.com\/br\/wp-content\/uploads\/2024\/04\/EPS1007_141115SB2_4980-2048x2048-2-1024x683.jpg\" alt=\"\" class=\"wp-image-801066\"\/><figcaption class=\"wp-element-caption\">Dennis foi o maior pontuador do fim de semana de Misano (Foto: F\u00f3rmula E)<\/figcaption><\/figure>\n\n\n\n<h2 class=\"wp-block-heading\" id=\"h-buemi-completamente-perdido\">Buemi completamente perdido<\/h2>\n\n\n\n<p class=\"wp-block-paragraph\">Campe\u00e3o da segunda teporada da hist\u00f3ria da F\u00f3rmula E, <strong>S\u00e9bastien Buemi <\/strong>simplesmente n\u00e3o aparece em 2024. O eP de Misano trouxe um novo ponto baixo para a temporada do su\u00ed\u00e7o, em um ano inexplic\u00e1vel da atual campe\u00e3 <strong>Envision <\/strong>\u2014 que nem sequer consegue se aproximar da fabricante Jaguar.<\/p>\n\n\n\n<p class=\"wp-block-paragraph\">O veterano se colocou entre os primeiros na corrida 1 e deu sinais de que brigaria l\u00e1 na frente, mas perdeu terreno rapidamente e sumiu no fim de semana. A segunda prova foi ainda pior, com Buemi se arrastando no fundo do grid ao longo de todo o tempo e abandonando no fim. Ano muito dif\u00edcil, e \u00e9 raro at\u00e9 ver o su\u00ed\u00e7o aparecendo nas transmiss\u00f5es.<\/p>\n\n\n\n<h2 class=\"wp-block-heading\" id=\"h-abt-cupra-em-recuperacao-e-muller-iluminado\">Abt Cupra em recupera\u00e7\u00e3o e M\u00fcller iluminado<\/h2>\n\n\n\n<p class=\"wp-block-paragraph\">A <strong>Abt Cupra<\/strong> cresce. Assim como em 2023, o time alem\u00e3o supera sua fornecedora, a <strong>Mahindra<\/strong>, e mostra que est\u00e1 entre as que melhor operam na F\u00f3rmula E. \u00c9 curioso imaginar o que o time de <strong>Lucas Di Grassi <\/strong>e <strong>Nico M\u00fcller <\/strong>faria com motores competentes, porque consegue extrair muito mais potencial do que a pr\u00f3pria fabricante de seu trem de for\u00e7a de maneira regular. Fica a expectativa para saber como <a href=\"https:\/\/www.grandepremio.com\/br\/formula-e\/noticias\/abt-cupra-fecha-negocio-passa-usar-trem-forca-lola-yamaha-formula-e-2025\/\" target=\"_blank\" rel=\"noreferrer noopener\">sua futura fornecedora<\/a>, a <strong>Lola-Yamaha<\/strong>, chegar\u00e1 em 2025.<\/p>\n\n\n\n<figure class=\"wp-block-image size-large\"><img decoding=\"async\" src=\"https:\/\/www.grandepremio.com\/br\/wp-content\/uploads\/2024\/04\/EPS1007_134213SB1_4117-2048x2048-1-1024x683.jpg\" alt=\"\" class=\"wp-image-801068\"\/><figcaption class=\"wp-element-caption\">Atr\u00e1s de Wehrlein e Dennis, M\u00fcller perdeu p\u00f3dio para Cassidy na linha de chegada (Foto: F\u00f3rmula E)<\/figcaption><\/figure>\n\n\n\n<p class=\"wp-block-paragraph\">E o que dizer de <strong>M\u00fcller<\/strong>? Levou a equipe ao mata-mata da classifica\u00e7\u00e3o duas vezes e, em que pese n\u00e3o ter feito uma boa corrida 1, chegou simplesmente \u00e0 \u00faltima reta no <strong>p\u00f3dio <\/strong>da corrida 2. Perdeu o terceiro lugar em cima da linha de chegada, por <strong>0s050 <\/strong>para <strong>Nick<\/strong> <strong>Cassidy<\/strong>, porque a energia n\u00e3o aguentou. <a href=\"https:\/\/www.grandepremio.com\/br\/formula-e\/noticias\/porsche-analisa-mudanca-dupla-formula-e-teste-privado-nico-muller-almeria\/\" target=\"_blank\" rel=\"noreferrer noopener\">Mas justifica o interesse<\/a> da Porsche e, assim como sua equipe, levanta d\u00favidas sobre o que poderia fazer em um conjunto melhor.<\/p>\n\n\n\n<h2 class=\"wp-block-heading\" id=\"h-corridas-de-pelotao-entregam\">Corridas de pelot\u00e3o entregam<\/h2>\n\n\n\n<p class=\"wp-block-paragraph\">N\u00e3o tem jeito, as corridas de pelot\u00e3o entregam emo\u00e7\u00e3o, caos e finais arrebatadores. A primeira parte da prova pode parecer que n\u00e3o vale nada, com carros tirando o p\u00e9 e evitando liderar, mas \u00e9 exatamente o oposto: trata-se do momento <strong>mais<\/strong> <strong>importante <\/strong>da disputa. Para vencer uma corrida de pelot\u00e3o, n\u00e3o basta velocidade \u2014 tamb\u00e9m \u00e9 preciso ser <strong>inteligente<\/strong>.<\/p>\n\n\n\n<p class=\"wp-block-paragraph\">A estrat\u00e9gia \u00e9 mais importante do que nunca, porque \u00e9 necess\u00e1rio saber quando pisar fundo e quando aproveitar o v\u00e1cuo. \u00c9 algo parecido ao que se v\u00ea em alguns ovais, com pilotos guardando combust\u00edvel para o momento certo, mas em uma vers\u00e3o el\u00e9trica e totalmente ca\u00f3tica. Al\u00e9m da efici\u00eancia, os competidores precisam evitar as batidas e prestar aten\u00e7\u00e3o em tudo que acontece ao redor.<\/p>\n\n\n\n<p class=\"wp-block-paragraph\">\u00c9 claro que n\u00e3o d\u00e1 para a F\u00f3rmula E organizar uma temporada inteira de corridas assim, mas \u00e9 muito importante que elas existam. Uma mescla entre provas mais tradicionais como <strong>T\u00f3quio<\/strong>, <strong>Diriyah<\/strong> e <strong>Londres <\/strong>faz perfeito sentido em uma coexist\u00eancia com maluquices como <strong>Misano<\/strong>, <strong>Portland <\/strong>e provavelmente <strong>Xangai<\/strong>. \u00c9 diferente de tudo, imprevis\u00edvel at\u00e9 o fim e absurdamente exigente. O p\u00fablico agradece.<\/p>\n\n\n\n<p class=\"wp-block-paragraph\">A&nbsp;<a href=\"https:\/\/www.grandepremio.com\/br\/formula-e\/\" target=\"_blank\" rel=\"noreferrer noopener\"><\/a><a href=\"https:\/\/www.grandepremio.com\/br\/formula-e\/\" target=\"_blank\" rel=\"noreferrer noopener\">F\u00f3rmula E<\/a>&nbsp;retorna no dia&nbsp;<strong>27 de abril<\/strong>, com a disputa da oitava etapa da temporada no&nbsp;<strong>eP de&nbsp;<a href=\"https:\/\/www.grandepremio.com\/br\/circuito\/monaco\/\" target=\"_blank\" rel=\"noreferrer noopener\">M\u00f4naco<\/a>&nbsp;<\/strong>\u2014 que tem todas as suas quatro atividades previstas para o s\u00e1bado. O&nbsp;<strong>GRANDE<\/strong>&nbsp;<strong>PR\u00caMIO&nbsp;<\/strong>transmite a temporada completa&nbsp;<strong>AO VIVO&nbsp;<\/strong>e&nbsp;<strong>COM IMAGENS&nbsp;<\/strong>no&nbsp;<strong>YouTube<\/strong>.<\/p>\n\n\n\n<p class=\"wp-block-paragraph\"><strong><img decoding=\"async\" src=\"https:\/\/s.w.org\/images\/core\/emoji\/14.0.0\/svg\/25b6.svg\" alt=\"\u25b6\ufe0f\" style=\"width: 20px;\">&nbsp;Inscreva-se nos dois canais do GRANDE PR\u00caMIO no YouTube:&nbsp;<a href=\"https:\/\/www.youtube.com\/channel\/UC9OlHEgxoaY6QY6nWPoiqQg?sub_confirmation=1\" target=\"_blank\" rel=\"noreferrer noopener\">GP<\/a>&nbsp;|&nbsp;<a href=\"https:\/\/www.youtube.com\/channel\/UC9csiS6q_C3C0FYhyr1rnFA?sub_confirmation=1\" target=\"_blank\" rel=\"noreferrer noopener\">GP2<\/a><\/strong><br><strong><img decoding=\"async\" src=\"https:\/\/s.w.org\/images\/core\/emoji\/14.0.0\/svg\/25b6.svg\" alt=\"\u25b6\ufe0f\" style=\"width: 20px;\">&nbsp;<a href=\"https:\/\/www.twitch.tv\/grandepremio\" target=\"_blank\" rel=\"noreferrer noopener\">Conhe\u00e7a o canal do GRANDE PR\u00caMIO na Twitch clicando aqui!<\/a><\/strong><\/p>\n\n\n\n<figure class=\"wp-block-embed is-type-video is-provider-youtube wp-block-embed-youtube wp-embed-aspect-16-9 wp-has-aspect-ratio\"><div class=\"wp-block-embed__wrapper\">\n<iframe loading=\"lazy\" title=\"F\u00d3RMULA E 2024 - eP DE MISANO | 7\u00aa etapa | Corrida\" width=\"500\" height=\"281\" src=\"https:\/\/www.youtube.com\/embed\/i0gxQ-4pKAs?feature=oembed\" frameborder=\"0\" allow=\"accelerometer; autoplay; clipboard-write; encrypted-media; gyroscope; picture-in-picture; web-share\" referrerpolicy=\"strict-origin-when-cross-origin\" allowfullscreen><\/iframe>\n<\/div><\/figure>\n","protected":false},"excerpt":{"rendered":"<p>O eP de Misano trouxe duas corridas fant\u00e1sticas, a primeira vit\u00f3ria da Nissan na F\u00f3rmula E e uma nova declara\u00e7\u00e3o de for\u00e7a da Porsche. Confira cinco coisas que aprendemos na It\u00e1lia<\/p>\n","protected":false},"author":0,"featured_media":1000801086,"comment_status":"closed","ping_status":"closed","sticky":false,"template":"","format":"standard","meta":{"42wp_featured_image_caption":"","42wp_featured_image_credits":"","42wp_featured_video":"","42wp_featured_image_hidden":false,"42wp_authors_list":[],"footnotes":""},"categories":[19],"tags":[33214,28679,6853,37329,379,36881,840,35967,39009,1601,1491,30103,28285,39008,36219,14976],"42wp_author":[47142],"class_list":["post-81322","post","type-post","status-publish","format-standard","has-post-thumbnail","hentry","category-formula-e","tag-calendario-fe","tag-calendario-formula-e","tag-classificacao-formula-e","tag-ep-de-misano","tag-fe","tag-fe-2024","tag-formula-e","tag-formula-e-2024","tag-formula-e-misano","tag-gen3","tag-grande-premio","tag-grande-premio-f1","tag-grandepremio","tag-misano-eprix","tag-onde-assistir-formula-e","tag-rookie-test","42wp_author-jp-nascimento"],"_links":{"self":[{"href":"https:\/\/grandepremio.com\/br\/wp-json\/wp\/v2\/posts\/81322","targetHints":{"allow":["GET"]}}],"collection":[{"href":"https:\/\/grandepremio.com\/br\/wp-json\/wp\/v2\/posts"}],"about":[{"href":"https:\/\/grandepremio.com\/br\/wp-json\/wp\/v2\/types\/post"}],"replies":[{"embeddable":true,"href":"https:\/\/grandepremio.com\/br\/wp-json\/wp\/v2\/comments?post=81322"}],"version-history":[{"count":0,"href":"https:\/\/grandepremio.com\/br\/wp-json\/wp\/v2\/posts\/81322\/revisions"}],"wp:featuredmedia":[{"embeddable":true,"href":"https:\/\/grandepremio.com\/br\/wp-json\/wp\/v2\/media\/1000801086"}],"wp:attachment":[{"href":"https:\/\/grandepremio.com\/br\/wp-json\/wp\/v2\/media?parent=81322"}],"wp:term":[{"taxonomy":"category","embeddable":true,"href":"https:\/\/grandepremio.com\/br\/wp-json\/wp\/v2\/categories?post=81322"},{"taxonomy":"post_tag","embeddable":true,"href":"https:\/\/grandepremio.com\/br\/wp-json\/wp\/v2\/tags?post=81322"},{"taxonomy":"42wp_author","embeddable":true,"href":"https:\/\/grandepremio.com\/br\/wp-json\/wp\/v2\/42wp_author?post=81322"}],"curies":[{"name":"wp","href":"https:\/\/api.w.org\/{rel}","templated":true}]}}