{"id":81355,"date":"2024-04-15T12:43:44","date_gmt":"2024-04-15T15:43:44","guid":{"rendered":"https:\/\/grandepremio.com\/br\/noticias\/sergio-sette-camara-critica-punicao-besta-corrida-1-misano-resultado-tirado-de-nos\/"},"modified":"2024-04-15T16:59:20","modified_gmt":"2024-04-15T19:59:20","slug":"sergio-sette-camara-critica-punicao-besta-corrida-1-misano-resultado-tirado-de-nos","status":"publish","type":"post","link":"https:\/\/grandepremio.com\/br\/formula-e\/sergio-sette-camara-critica-punicao-besta-corrida-1-misano-resultado-tirado-de-nos\/","title":{"rendered":"Sette C\u00e2mara critica puni\u00e7\u00e3o &#8220;besta&#8221; na corrida 1 de Misano: &#8220;Resultado tirado de n\u00f3s&#8221;"},"content":{"rendered":"\n<p class=\"wp-block-paragraph\"><strong>S\u00e9rgio Sette C\u00e2mara <\/strong>teve dois dias parecidos na pista da <strong>F\u00f3rmula E<\/strong> durante o <strong>eP<\/strong> <strong>de<\/strong> <strong>Misano<\/strong>, disputado no \u00faltimo fim de semana, mas com resultados completamente diferentes. O brasileiro se viu na sexta posi\u00e7\u00e3o em ambas as corridas depois de a categoria aplicar as puni\u00e7\u00f5es aos concorrentes, mas acabou <a href=\"https:\/\/www.grandepremio.com\/br\/formula-e\/noticias\/sergio-sette-camara-nova-punicao-excesso-energia-cai-7o-16o-misano\/\" target=\"_blank\" rel=\"noreferrer noopener\">punido no s\u00e1bado (13) por uma infra\u00e7\u00e3o t\u00e9cnica<\/a> relacionada \u00e0 temperatura da bateria e despencou para <strong>15\u00ba<\/strong>.<\/p>\n\n\n\n<p class=\"wp-block-paragraph\">No domingo, o piloto da <strong>ERT <\/strong>novamente <a href=\"https:\/\/www.youtube.com\/watch?v=i0gxQ-4pKAs\" target=\"_blank\" rel=\"noreferrer noopener\">cruzou a linha de chegada em s\u00e9timo<\/a> e subiu para o sexto lugar ap\u00f3s a puni\u00e7\u00e3o de <strong>Jake<\/strong> <strong>Hughes<\/strong>, mas sem ser penalizado pela F\u00f3rmula E desta vez. Assim, somou mais <strong>oito pontos <\/strong>para a equipe no campeonato. Ap\u00f3s a prova, Sette C\u00e2mara demonstrou felicidade pelo desempenho e classificou a puni\u00e7\u00e3o de s\u00e1bado como &#8220;besta&#8221;.<\/p>\n\n\n\n<p class=\"wp-block-paragraph\">&#8220;Estou feliz, foi um bom resultado aqui em Misano. Comparando os resultados, parece id\u00eantico a s\u00e1bado: chego em s\u00e9timo na pista, mas sou promovido a sexto depois de as puni\u00e7\u00f5es serem aplicadas. Por\u00e9m, na verdade, a de domingo d\u00e1 uma sensa\u00e7\u00e3o muito melhor. Primeiro, porque n\u00e3o fui punido por um motivo besta, que n\u00e3o me trouxe vantagem nenhuma. Tivemos o resultado tirado de n\u00f3s&#8221;, criticou.<\/p>\n\n\n\n<p class=\"wp-block-paragraph\">&#8220;Mas tamb\u00e9m porque a corrida de hoje foi muito mais normal, linear. S\u00e1bado foi quase que uma loteria, o fator sorte [foi muito importante]. Foi o tempo inteiro aquela bagun\u00e7a, e voc\u00ea acelerava nas \u00faltimas quatro voltas. Ent\u00e3o, se a estrat\u00e9gia encaixasse, bem. Se n\u00e3o, &#8216;am\u00e9m'&#8221;, comentou.<\/p>\n\n\n\n<figure class=\"wp-block-image size-large\"><img decoding=\"async\" src=\"https:\/\/www.grandepremio.com\/br\/wp-content\/uploads\/2024\/04\/EPS1006_151153SMG_1351-2048x2048-1-1024x683.jpg\" alt=\"\" class=\"wp-image-801039\"\/><figcaption class=\"wp-element-caption\">Sette C\u00e2mara cruzou a linha de chegada no top-10 nas \u00faltimas tr\u00eas corridas (Foto: F\u00f3rmula E)<\/figcaption><\/figure>\n\n\n\n<p class=\"wp-block-paragraph\">Por conseguir pontos em uma corrida menos &#8216;maluca&#8217;, S\u00e9rgio disse que a sensa\u00e7\u00e3o de m\u00e9rito \u00e9 maior. Al\u00e9m disso, o piloto destacou o fato de ter cruzado a linha de chegada nos pontos em todas as \u00faltimas tr\u00eas corridas, um feito e tanto para o problem\u00e1tico carro da ERT.<\/p>\n\n\n\n<p class=\"wp-block-paragraph\">&#8220;Domingo trouxe uma corrida mais normal, tenho certeza que tivemos mais m\u00e9rito, e a sensa\u00e7\u00e3o de pontuar foi muito melhor. Ent\u00e3o, fico feliz por um lado, pela corrida de domingo, mas chateado por terem tirado um resultado de n\u00f3s no s\u00e1bado&#8221;, analisou.<\/p>\n\n\n\n<p class=\"wp-block-paragraph\">&#8220;Agora, \u00e9 focar em M\u00f4naco e continuar nesse bom ritmo. Se n\u00e3o fosse pela puni\u00e7\u00e3o de s\u00e1bado, eu estaria pontuando em tr\u00eas corridas seguidas. Pontuei em T\u00f3quio, na minha opini\u00e3o pontuei s\u00e1bado, e domingo tamb\u00e9m. Ent\u00e3o, vou tentar continuar nessa sequ\u00eancia em M\u00f4naco&#8221;, finalizou Sette C\u00e2mara.<\/p>\n\n\n\n<p class=\"wp-block-paragraph\">A&nbsp;<a href=\"https:\/\/www.grandepremio.com\/br\/formula-e\/\" target=\"_blank\" rel=\"noreferrer noopener\"><\/a><a href=\"https:\/\/www.grandepremio.com\/br\/formula-e\/\" target=\"_blank\" rel=\"noreferrer noopener\">F\u00f3rmula E<\/a>&nbsp;retorna no dia&nbsp;<strong>27 de abril<\/strong>, com a disputa da oitava etapa da temporada no&nbsp;<strong>eP de&nbsp;<a href=\"https:\/\/www.grandepremio.com\/br\/circuito\/monaco\/\" target=\"_blank\" rel=\"noreferrer noopener\">M\u00f4naco<\/a>&nbsp;<\/strong>\u2014 que tem todas as suas quatro atividades previstas para o s\u00e1bado. O&nbsp;<strong>GRANDE<\/strong>&nbsp;<strong>PR\u00caMIO&nbsp;<\/strong>transmite a temporada completa&nbsp;<strong>AO VIVO&nbsp;<\/strong>e&nbsp;<strong>COM IMAGENS&nbsp;<\/strong>no&nbsp;<strong>YouTube<\/strong>.<\/p>\n\n\n\n<p class=\"wp-block-paragraph\"><strong><img decoding=\"async\" src=\"https:\/\/s.w.org\/images\/core\/emoji\/14.0.0\/svg\/25b6.svg\" alt=\"\u25b6\ufe0f\" style=\"width: 20px;\">\u00a0Inscreva-se nos dois canais do GRANDE PR\u00caMIO no YouTube:\u00a0<a href=\"https:\/\/www.youtube.com\/channel\/UC9OlHEgxoaY6QY6nWPoiqQg?sub_confirmation=1\" target=\"_blank\" rel=\"noreferrer noopener\">GP<\/a>\u00a0|\u00a0<a href=\"https:\/\/www.youtube.com\/channel\/UC9csiS6q_C3C0FYhyr1rnFA?sub_confirmation=1\" target=\"_blank\" rel=\"noreferrer noopener\">GP2<\/a><\/strong><br><strong><img decoding=\"async\" src=\"https:\/\/s.w.org\/images\/core\/emoji\/14.0.0\/svg\/25b6.svg\" alt=\"\u25b6\ufe0f\" style=\"width: 20px;\">\u00a0<a href=\"https:\/\/www.twitch.tv\/grandepremio\" target=\"_blank\" rel=\"noreferrer noopener\">Conhe\u00e7a o canal do GRANDE PR\u00caMIO na Twitch clicando aqui!<\/a><\/strong><\/p>\n\n\n\n<figure class=\"wp-block-embed is-type-video is-provider-youtube wp-block-embed-youtube wp-embed-aspect-16-9 wp-has-aspect-ratio\"><div class=\"wp-block-embed__wrapper\">\n<iframe loading=\"lazy\" title=\"F\u00d3RMULA E 2024 - eP DE MISANO | 7\u00aa etapa | Corrida\" width=\"500\" height=\"281\" src=\"https:\/\/www.youtube.com\/embed\/i0gxQ-4pKAs?feature=oembed\" frameborder=\"0\" allow=\"accelerometer; autoplay; clipboard-write; encrypted-media; gyroscope; picture-in-picture; web-share\" referrerpolicy=\"strict-origin-when-cross-origin\" allowfullscreen><\/iframe>\n<\/div><\/figure>\n","protected":false},"excerpt":{"rendered":"<p>Punido por uma quest\u00e3o t\u00e9cnica referente \u00e0 temperatura da bateria, S\u00e9rgio Sette C\u00e2mara levou 50s e despencou de sexto para 15\u00ba na corrida 1 de Misano. No dia seguinte, por\u00e9m, repetiu o grande desempenho, pontuou e demonstrou felicidade pelo ritmo que vem alcan\u00e7ando<\/p>\n","protected":false},"author":0,"featured_media":1000801040,"comment_status":"closed","ping_status":"closed","sticky":false,"template":"","format":"standard","meta":{"42wp_featured_image_caption":"","42wp_featured_image_credits":"","42wp_featured_video":"","42wp_featured_image_hidden":false,"42wp_authors_list":[],"footnotes":""},"categories":[19],"tags":[28679,6853,37329,36858,379,36881,840,35967,39009,1601,1491,30103,28285,39008,36219,14976,1025],"42wp_author":[47142],"class_list":["post-81355","post","type-post","status-publish","format-standard","has-post-thumbnail","hentry","category-formula-e","tag-calendario-formula-e","tag-classificacao-formula-e","tag-ep-de-misano","tag-ert","tag-fe","tag-fe-2024","tag-formula-e","tag-formula-e-2024","tag-formula-e-misano","tag-gen3","tag-grande-premio","tag-grande-premio-f1","tag-grandepremio","tag-misano-eprix","tag-onde-assistir-formula-e","tag-rookie-test","tag-sergio-sette-camara","42wp_author-jp-nascimento"],"_links":{"self":[{"href":"https:\/\/grandepremio.com\/br\/wp-json\/wp\/v2\/posts\/81355","targetHints":{"allow":["GET"]}}],"collection":[{"href":"https:\/\/grandepremio.com\/br\/wp-json\/wp\/v2\/posts"}],"about":[{"href":"https:\/\/grandepremio.com\/br\/wp-json\/wp\/v2\/types\/post"}],"replies":[{"embeddable":true,"href":"https:\/\/grandepremio.com\/br\/wp-json\/wp\/v2\/comments?post=81355"}],"version-history":[{"count":0,"href":"https:\/\/grandepremio.com\/br\/wp-json\/wp\/v2\/posts\/81355\/revisions"}],"wp:featuredmedia":[{"embeddable":true,"href":"https:\/\/grandepremio.com\/br\/wp-json\/wp\/v2\/media\/1000801040"}],"wp:attachment":[{"href":"https:\/\/grandepremio.com\/br\/wp-json\/wp\/v2\/media?parent=81355"}],"wp:term":[{"taxonomy":"category","embeddable":true,"href":"https:\/\/grandepremio.com\/br\/wp-json\/wp\/v2\/categories?post=81355"},{"taxonomy":"post_tag","embeddable":true,"href":"https:\/\/grandepremio.com\/br\/wp-json\/wp\/v2\/tags?post=81355"},{"taxonomy":"42wp_author","embeddable":true,"href":"https:\/\/grandepremio.com\/br\/wp-json\/wp\/v2\/42wp_author?post=81355"}],"curies":[{"name":"wp","href":"https:\/\/api.w.org\/{rel}","templated":true}]}}