{"id":81363,"date":"2024-04-15T10:29:56","date_gmt":"2024-04-15T13:29:56","guid":{"rendered":"https:\/\/grandepremio.com\/br\/noticias\/jorge-martin-tudo-bem-ficar-4o-eua-nao-e-drama-perder-podio-primeira-vez\/"},"modified":"2024-04-15T10:30:47","modified_gmt":"2024-04-15T13:30:47","slug":"jorge-martin-tudo-bem-ficar-4o-eua-nao-e-drama-perder-podio-primeira-vez","status":"publish","type":"post","link":"https:\/\/grandepremio.com\/br\/motogp\/jorge-martin-tudo-bem-ficar-4o-eua-nao-e-drama-perder-podio-primeira-vez\/","title":{"rendered":"Mart\u00edn diz que \u201ctudo bem\u201d ficar em 4\u00ba nos EUA: \u201cN\u00e3o \u00e9 drama perder p\u00f3dio pela primeira vez!\u201d"},"content":{"rendered":"\n<p class=\"wp-block-paragraph\"><strong>Jorge Mart\u00edn<\/strong> avaliou que \u201cn\u00e3o \u00e9 um drama perder o p\u00f3dio pela primeira vez na temporada\u201d da <strong>MotoGP<\/strong> do <a href=\"https:\/\/www.grandepremio.com\/br\/motogp\/noticias\/maverick-vinales-vence-gp-americas-faz-historia-aprilia-motogp-marc-marquez-cai\/\">GP das <strong>Am\u00e9ricas <\/strong>de domingo (14)<\/a>. O espanhol destacou que o circuito de <strong>Austin <\/strong>\u00e9 \u201cbem complicado\u201d para ele e, por isso, entendeu que \u201ctudo bem ficar com a quarta coloca\u00e7\u00e3o\u201d.<\/p>\n\n\n\n<p class=\"wp-block-paragraph\"><a href=\"https:\/\/www.grandepremio.com\/br\/motogp\/noticias\/jorge-martin-mantem-vantagem-confortavel-motogp-austin-confira-classificacao\/\">L\u00edder do Mundial<\/a>, Mart\u00edn n\u00e3o deu conta de segurar <strong>Maverick Vi\u00f1ales<\/strong>, <strong>Pedro Acosta <\/strong>e <strong>Enea Bastianini<\/strong> e acabou com a quarta coloca\u00e7\u00e3o em <strong>Austin<\/strong>, 4s690 atr\u00e1s do piloto da <strong>Aprilia<\/strong>.<\/p>\n\n\n\n<p class=\"wp-block-paragraph\">O piloto da <strong>Pramac <\/strong>destacou, por\u00e9m, que, al\u00e9m de se tratar de uma pista complicada, as quedas que sofreu na classifica\u00e7\u00e3o deixaram uma consequ\u00eancia para domingo, j\u00e1 que ele teve de usar um pneu macio na traseira da <strong>Ducati<\/strong>.<\/p>\n\n\n\n<p class=\"wp-block-paragraph\">\u201cSabia desde ontem que seria uma corrida dif\u00edcil. Os rivais eram realmente fortes\u201d, disse Mart\u00edn. \u201cAs duas quedas que tive [na classifica\u00e7\u00e3o] me deu mais consequ\u00eancias na corrida de hoje, pois n\u00e3o tinha a chance de testar o composto m\u00e9dio, ent\u00e3o fui para a corrida com aquele que conhecia melhor: o macio\u201d, explicou.<\/p>\n\n\n\n<figure class=\"wp-block-image size-large\"><img decoding=\"async\" src=\"https:\/\/www.grandepremio.com\/br\/wp-content\/uploads\/2024\/04\/SI202404140603_hires_jpeg_24bit_rgb-1024x682.jpg\" alt=\"\" class=\"wp-image-800986\"\/><figcaption class=\"wp-element-caption\">Jorge Mart\u00edn n\u00e3o conseguiu segurar os rivais em Austin (Foto: Gold &amp; Goose\/ Red Bull Content Pool)<\/figcaption><\/figure>\n\n\n\n<p class=\"wp-block-paragraph\"><strong>\u25b6\ufe0f Inscreva-se nos dois canais do\u00a0GRANDE PR\u00caMIO\u00a0no YouTube:\u00a0<a href=\"https:\/\/www.youtube.com\/channel\/UC9OlHEgxoaY6QY6nWPoiqQg?sub_confirmation=1\">GP<\/a>\u00a0|\u00a0<a href=\"https:\/\/www.youtube.com\/channel\/UC9csiS6q_C3C0FYhyr1rnFA?sub_confirmation=1\">GP2<\/a><br>\u25b6\ufe0f\u00a0<a href=\"https:\/\/www.twitch.tv\/grandepremio\">Conhe\u00e7a o canal do\u00a0GRANDE PR\u00caMIO\u00a0na Twitch clicando aqui!<\/a><\/strong><\/p>\n\n\n\n<p class=\"wp-block-paragraph\">\u201cCometi um erro que permitiu que os meus rivais reduzissem a diferen\u00e7a. Naquele momento, era arriscado for\u00e7ar, ent\u00e3o tudo bem ficar com a quarta coloca\u00e7\u00e3o em uma pista bem complicada para mim. N\u00e3o \u00e9 um drama perder o p\u00f3dio pela primeira vez na temporada!\u201d, resumiu.<\/p>\n\n\n\n<p class=\"wp-block-paragraph\">A&nbsp;<strong><a href=\"https:\/\/grandepremio.com\/motovelocidade\/\" target=\"_blank\" rel=\"noreferrer noopener\"><\/a><a href=\"https:\/\/grandepremio.com\/motogp\/\" target=\"_blank\" rel=\"noreferrer noopener\">MotoGP<\/a>&nbsp;<\/strong>volta a acelerar entre 26 e 28 de abril, com o&nbsp;<strong>GP da&nbsp;<a href=\"https:\/\/es.grandepremio.com\/\" target=\"_blank\" rel=\"noreferrer noopener\">Espanha<\/a><\/strong>, em&nbsp;<strong>Jerez<\/strong>, para a quarta etapa do campeonato de 2024. O&nbsp;<strong>GRANDE PR\u00caMIO&nbsp;<\/strong>faz a cobertura completa do evento, assim como das outras classes do&nbsp;<strong>Mundial de Motovelocidade<\/strong>&nbsp;durante todo o ano.<\/p>\n\n\n\n<figure class=\"wp-block-embed is-type-rich is-provider-incorporar-manipulador wp-block-embed-incorporar-manipulador wp-embed-aspect-16-9 wp-has-aspect-ratio\"><div class=\"wp-block-embed__wrapper\">\nhttps:\/\/youtube.com\/watch?v=k3sUjpkkMdw%3Fversion%3D3%26rel%3D1%26showsearch%3D0%26showinfo%3D1%26iv_load_policy%3D1%26fs%3D1%26hl%3Dpt-BR%26autohide%3D2%26wmode%3Dtransparent\n<\/div><\/figure>\n","protected":false},"excerpt":{"rendered":"<p>Jorge Mart\u00edn contou que as quedas que sofreu na classifica\u00e7\u00e3o em Austin deixaram consequ\u00eancias para o GP das Am\u00e9ricas. Ainda assim, espanhol considerou o resultado positivo por se tratar de uma \u201cpista complicada\u201d<\/p>\n","protected":false},"author":0,"featured_media":1000800984,"comment_status":"closed","ping_status":"closed","sticky":false,"template":"","format":"standard","meta":{"42wp_featured_image_caption":"","42wp_featured_image_credits":"","42wp_featured_video":"","42wp_featured_image_hidden":false,"42wp_authors_list":[],"footnotes":""},"categories":[8],"tags":[1982,5214,131,896,1983,2327,32229,28285,3504,130,24704,132,79,78,34329,37693,37691,37692,25819,29345,28766,37694,26690,136,2610,172],"42wp_author":[47113],"class_list":["post-81363","post","type-post","status-publish","format-standard","has-post-thumbnail","hentry","category-motogp","tag-austin","tag-classificacao-motogp","tag-ducati","tag-estados-unidos","tag-eua","tag-francesco-bagnaia","tag-gasgas","tag-grandepremio","tag-gresini","tag-honda","tag-jorge-martin","tag-ktm","tag-moto-gp","tag-motogp","tag-motogp-2024","tag-motogp-2024-calendario","tag-motogp-calendario-2024","tag-motogp-classificacao-2024","tag-motogp-hoje","tag-motogp-horario","tag-motogp-standings","tag-onde-assistir-motogp-2024","tag-pilotos-motogp","tag-pramac","tag-texas","tag-yamaha","42wp_author-juliana-tesser"],"_links":{"self":[{"href":"https:\/\/grandepremio.com\/br\/wp-json\/wp\/v2\/posts\/81363","targetHints":{"allow":["GET"]}}],"collection":[{"href":"https:\/\/grandepremio.com\/br\/wp-json\/wp\/v2\/posts"}],"about":[{"href":"https:\/\/grandepremio.com\/br\/wp-json\/wp\/v2\/types\/post"}],"replies":[{"embeddable":true,"href":"https:\/\/grandepremio.com\/br\/wp-json\/wp\/v2\/comments?post=81363"}],"version-history":[{"count":0,"href":"https:\/\/grandepremio.com\/br\/wp-json\/wp\/v2\/posts\/81363\/revisions"}],"wp:featuredmedia":[{"embeddable":true,"href":"https:\/\/grandepremio.com\/br\/wp-json\/wp\/v2\/media\/1000800984"}],"wp:attachment":[{"href":"https:\/\/grandepremio.com\/br\/wp-json\/wp\/v2\/media?parent=81363"}],"wp:term":[{"taxonomy":"category","embeddable":true,"href":"https:\/\/grandepremio.com\/br\/wp-json\/wp\/v2\/categories?post=81363"},{"taxonomy":"post_tag","embeddable":true,"href":"https:\/\/grandepremio.com\/br\/wp-json\/wp\/v2\/tags?post=81363"},{"taxonomy":"42wp_author","embeddable":true,"href":"https:\/\/grandepremio.com\/br\/wp-json\/wp\/v2\/42wp_author?post=81363"}],"curies":[{"name":"wp","href":"https:\/\/api.w.org\/{rel}","templated":true}]}}