{"id":81443,"date":"2024-04-14T13:57:27","date_gmt":"2024-04-14T16:57:27","guid":{"rendered":"https:\/\/grandepremio.com\/br\/noticias\/jean-eric-vergne-lucas-di-grassi-maior-pontuador-historia-7o-lugar-ep-de-misano-2\/"},"modified":"2024-04-14T14:04:28","modified_gmt":"2024-04-14T17:04:28","slug":"jean-eric-vergne-lucas-di-grassi-maior-pontuador-historia-7o-lugar-ep-de-misano-2","status":"publish","type":"post","link":"https:\/\/grandepremio.com\/br\/formula-e\/jean-eric-vergne-lucas-di-grassi-maior-pontuador-historia-7o-lugar-ep-de-misano-2\/","title":{"rendered":"Vergne passa Di Grassi como maior pontuador da hist\u00f3ria ap\u00f3s 7\u00ba lugar no eP de Misano 2"},"content":{"rendered":"\n<p class=\"wp-block-paragraph\"><strong>Jean-\u00c9ric Vergne<\/strong> n\u00e3o conseguiu ir ao p\u00f3dio na <a href=\"https:\/\/www.youtube.com\/watch?v=i0gxQ-4pKAs\" target=\"_blank\" rel=\"noreferrer noopener\">corrida 2 do <strong>eP de Misano<\/strong><\/a>, mesmo largando na segunda posi\u00e7\u00e3o, mas finalizou o dia com dois recordes no bolso ap\u00f3s a passagem da categoria pela It\u00e1lia. Com os <strong>seis pontos <\/strong>somados pela <strong>s\u00e9tima coloca\u00e7\u00e3o<\/strong>, o franc\u00eas chegou a <strong>1.047 <\/strong>em sua carreira na <strong>F\u00f3rmula E<\/strong> e se tornou o maior pontuador da hist\u00f3ria, ultrapassando o brasileiro <strong>Lucas Di Grassi <\/strong>\u2014 que tem <strong>1.042<\/strong>.<\/p>\n\n\n\n<p class=\"wp-block-paragraph\">A marca de Vergne ainda acompanhou um segundo recorde, este assegurado na classifica\u00e7\u00e3o. Com o segundo posto do grid em Misano, o piloto chegou a duas largadas na primeira fila durante o fim de semana e <strong>25 <\/strong>no total, o que o fez ultrapassar <strong>S\u00e9bastien Buemi <\/strong>no ranking hist\u00f3rico do quesito. O su\u00ed\u00e7o segue com <strong>24<\/strong>.<\/p>\n\n\n\n<p class=\"wp-block-paragraph\">\u00danico bicampe\u00e3o da hist\u00f3ria da F\u00f3rmula E, nas temporadas 2017\/18 e 2018\/19, Vergne j\u00e1 completou <strong>121 <\/strong>corridas na categoria, com <strong>11 <\/strong>vit\u00f3rias, <strong>34 <\/strong>p\u00f3dios e <strong>15 <\/strong>poles. O piloto, inclusive, est\u00e1 a uma pole apenas de igualar Buemi tamb\u00e9m no quesito de mais largadas da posi\u00e7\u00e3o de honra na hist\u00f3ria. Na rodada dupla de Misano, o franc\u00eas bateu na trave duas vezes, perdendo as finais para <strong>Mitch Evans<\/strong> e <strong>Jake<\/strong> <strong>Hughes<\/strong>.<\/p>\n\n\n\n<p class=\"wp-block-paragraph\">Ap\u00f3s as duas corridas do eP de Misano, Vergne se encontra na <strong>sexta posi\u00e7\u00e3o <\/strong>do campeonato, com <strong>53 <\/strong>pontos conquistados. Em quarto, <strong>Maximilian G\u00fcnther <\/strong>tem <strong>63<\/strong>, enquanto <strong>Pascal Wehrlein <\/strong>lidera com <strong>89 <\/strong>\u2014 empatado com o atual campe\u00e3o <strong>Jake Dennis<\/strong>.<\/p>\n\n\n\n<p class=\"wp-block-paragraph\">A&nbsp;<a href=\"https:\/\/www.grandepremio.com\/br\/formula-e\/\" target=\"_blank\" rel=\"noreferrer noopener\">F\u00f3rmula E<\/a>&nbsp;retorna no dia&nbsp;<strong>27 de abril<\/strong>, com a disputa da oitava etapa da temporada no&nbsp;<strong>eP de&nbsp;<a href=\"https:\/\/www.grandepremio.com\/br\/circuito\/monaco\/\" target=\"_blank\" rel=\"noreferrer noopener\">M\u00f4naco<\/a>&nbsp;<\/strong>\u2014 que tem todas as suas quatro atividades previstas para o s\u00e1bado. O&nbsp;<strong>GRANDE<\/strong>&nbsp;<strong>PR\u00caMIO&nbsp;<\/strong>transmite a temporada completa&nbsp;<strong>AO VIVO&nbsp;<\/strong>e&nbsp;<strong>COM IMAGENS&nbsp;<\/strong>no&nbsp;<strong>YouTube<\/strong>.<\/p>\n\n\n\n<p class=\"wp-block-paragraph\"><strong><img decoding=\"async\" src=\"https:\/\/s.w.org\/images\/core\/emoji\/14.0.0\/svg\/25b6.svg\" alt=\"\u25b6\ufe0f\" style=\"width: 20px;\">\u00a0Inscreva-se nos dois canais do GRANDE PR\u00caMIO no YouTube:\u00a0<a href=\"https:\/\/www.youtube.com\/channel\/UC9OlHEgxoaY6QY6nWPoiqQg?sub_confirmation=1\" target=\"_blank\" rel=\"noreferrer noopener\">GP<\/a>\u00a0|\u00a0<a href=\"https:\/\/www.youtube.com\/channel\/UC9csiS6q_C3C0FYhyr1rnFA?sub_confirmation=1\" target=\"_blank\" rel=\"noreferrer noopener\">GP2<\/a><\/strong><br><strong><img decoding=\"async\" src=\"https:\/\/s.w.org\/images\/core\/emoji\/14.0.0\/svg\/25b6.svg\" alt=\"\u25b6\ufe0f\" style=\"width: 20px;\">\u00a0<a href=\"https:\/\/www.twitch.tv\/grandepremio\" target=\"_blank\" rel=\"noreferrer noopener\">Conhe\u00e7a o canal do GRANDE PR\u00caMIO na Twitch clicando aqui!<\/a><\/strong><\/p>\n\n\n\n<figure class=\"wp-block-image size-large\"><img decoding=\"async\" src=\"https:\/\/www.grandepremio.com\/br\/wp-content\/uploads\/2024\/04\/EPS1006_152840DSC_7047-2048x2048-1-1024x683.jpg\" alt=\"\" class=\"wp-image-800698\"\/><figcaption class=\"wp-element-caption\">Vergne chegou em s\u00e9timo na corrida 2, mas foi o suficiente para quebrar o recorde (Foto: F\u00f3rmula E)<\/figcaption><\/figure>\n\n\n\n<figure class=\"wp-block-embed is-type-video is-provider-youtube wp-block-embed-youtube wp-embed-aspect-4-3 wp-has-aspect-ratio\"><div class=\"wp-block-embed__wrapper\">\n<iframe loading=\"lazy\" title=\"F\u00d3RMULA E 2024 - eP DE MISANO | 7\u00aa etapa | Corrida\" width=\"500\" height=\"281\" src=\"https:\/\/www.youtube.com\/embed\/i0gxQ-4pKAs?feature=oembed\" frameborder=\"0\" allow=\"accelerometer; autoplay; clipboard-write; encrypted-media; gyroscope; picture-in-picture; web-share\" referrerpolicy=\"strict-origin-when-cross-origin\" allowfullscreen><\/iframe>\n<\/div><\/figure>\n","protected":false},"excerpt":{"rendered":"<p>Jean-\u00c9ric Vergne somou seis pontos com o s\u00e9timo lugar na corrida 2 do eP de Misano e ultrapassou Lucas Di Grassi como maior pontuador da hist\u00f3ria da F\u00f3rmula E<\/p>\n","protected":false},"author":0,"featured_media":1000800697,"comment_status":"closed","ping_status":"closed","sticky":false,"template":"","format":"standard","meta":{"42wp_featured_image_caption":"","42wp_featured_image_credits":"","42wp_featured_video":"","42wp_featured_image_hidden":false,"42wp_authors_list":[],"footnotes":""},"categories":[19],"tags":[28679,6853,31465,10437,37329,379,36881,840,35967,39009,1601,1491,30103,28285,851,966,39008,36219,14976,876],"42wp_author":[47142],"class_list":["post-81443","post","type-post","status-publish","format-standard","has-post-thumbnail","hentry","category-formula-e","tag-calendario-formula-e","tag-classificacao-formula-e","tag-ds-penske","tag-envision","tag-ep-de-misano","tag-fe","tag-fe-2024","tag-formula-e","tag-formula-e-2024","tag-formula-e-misano","tag-gen3","tag-grande-premio","tag-grande-premio-f1","tag-grandepremio","tag-jean-eric-vergne","tag-lucas-di-grassi","tag-misano-eprix","tag-onde-assistir-formula-e","tag-rookie-test","tag-sebastien-buemi","42wp_author-jp-nascimento"],"_links":{"self":[{"href":"https:\/\/grandepremio.com\/br\/wp-json\/wp\/v2\/posts\/81443","targetHints":{"allow":["GET"]}}],"collection":[{"href":"https:\/\/grandepremio.com\/br\/wp-json\/wp\/v2\/posts"}],"about":[{"href":"https:\/\/grandepremio.com\/br\/wp-json\/wp\/v2\/types\/post"}],"replies":[{"embeddable":true,"href":"https:\/\/grandepremio.com\/br\/wp-json\/wp\/v2\/comments?post=81443"}],"version-history":[{"count":0,"href":"https:\/\/grandepremio.com\/br\/wp-json\/wp\/v2\/posts\/81443\/revisions"}],"wp:featuredmedia":[{"embeddable":true,"href":"https:\/\/grandepremio.com\/br\/wp-json\/wp\/v2\/media\/1000800697"}],"wp:attachment":[{"href":"https:\/\/grandepremio.com\/br\/wp-json\/wp\/v2\/media?parent=81443"}],"wp:term":[{"taxonomy":"category","embeddable":true,"href":"https:\/\/grandepremio.com\/br\/wp-json\/wp\/v2\/categories?post=81443"},{"taxonomy":"post_tag","embeddable":true,"href":"https:\/\/grandepremio.com\/br\/wp-json\/wp\/v2\/tags?post=81443"},{"taxonomy":"42wp_author","embeddable":true,"href":"https:\/\/grandepremio.com\/br\/wp-json\/wp\/v2\/42wp_author?post=81443"}],"curies":[{"name":"wp","href":"https:\/\/api.w.org\/{rel}","templated":true}]}}