{"id":81448,"date":"2024-04-14T13:41:21","date_gmt":"2024-04-14T16:41:21","guid":{"rendered":"https:\/\/grandepremio.com\/br\/noticias\/david-alonso-domina-acidentado-gp-das-americas-vence-moto3\/"},"modified":"2024-04-14T14:03:55","modified_gmt":"2024-04-14T17:03:55","slug":"david-alonso-domina-acidentado-gp-das-americas-vence-moto3","status":"publish","type":"post","link":"https:\/\/grandepremio.com\/br\/motogp\/david-alonso-domina-acidentado-gp-das-americas-vence-moto3\/","title":{"rendered":"Alonso domina acidentado GP das Am\u00e9ricas de ponta a ponta e vence na Moto3"},"content":{"rendered":"\n<p class=\"wp-block-paragraph\">Foi um verdadeiro passeio de <strong>David Alonso<\/strong> em <strong>Austin<\/strong>, talvez at\u00e9 solit\u00e1rio demais. Neste domingo (14), o colombiano da <strong>CFMoto Aspar<\/strong> n\u00e3o teve dificuldades para liderar todas as voltas e faturar a vit\u00f3ria no <strong>GP das Am\u00e9ricas<\/strong>, a segunda na temporada 2024 da <strong>Moto3<\/strong>.<\/p>\n\n\n\n<p class=\"wp-block-paragraph\">A segunda posi\u00e7\u00e3o ficou com <strong>Daniel Holgado<\/strong>, que precisou segurar a forte press\u00e3o de <strong>\u00c1ngel Piqueras<\/strong> at\u00e9 a bandeira quadriculada e, assim, manter a lideran\u00e7a no campeonato. O novato da moto <strong>#36<\/strong> teve grande atua\u00e7\u00e3o e fechou o p\u00f3dio em Austin, seu primeiro na classe inferior do <strong>Mundial de Motovelocidade<\/strong>.<\/p>\n\n\n\n<p class=\"wp-block-paragraph\">Na quarta coloca\u00e7\u00e3o, <strong>Ryusei Yamanaka<\/strong> alcan\u00e7ou seus primeiros pontos na temporada e ficou \u00e0 frente de <strong>David Mu\u00f1oz<\/strong> que chegou em quinto. <strong>Tatsuki Suzuki, Joel Kelso<\/strong>, <strong>Jacob Roulstone<\/strong>, <strong>Joel Esteban<\/strong> e M<strong>atteo Bertelle<\/strong> completaram o top-10 no GP das Am\u00e9ricas.<\/p>\n\n\n\n<p class=\"wp-block-paragraph\">Um ponto que chamou a aten\u00e7\u00e3o na corrida foi o alto n\u00famero de acidentes. Logo no in\u00edcio, um enrosco entre <strong>Ivan Ortol\u00e1 <\/strong>e <strong>Stefano Nepa<\/strong>, foi destaque porque Ortol\u00e1 que errou a moto na hora de voltar \u00e0 pista norte-americana. Em outro momento, <strong>Collin Veijer<\/strong> caiu no meio do pelot\u00e3o e quase foi atropelado por seus rivais, mas escapou ileso.<\/p>\n\n\n\n<figure class=\"wp-block-image size-large\"><img decoding=\"async\" src=\"https:\/\/www.grandepremio.com\/br\/wp-content\/uploads\/2024\/04\/SI202404130311_hires_jpeg_24bit_rgb-1024x683.jpg\" alt=\"\" class=\"wp-image-800647\"\/><figcaption class=\"wp-element-caption\">David Alonso conquistou a segunda vit\u00f3ria na temporada 2024 (Foto: Red Bull Content Pool)<\/figcaption><\/figure>\n\n\n\n<p class=\"wp-block-paragraph\"><strong>\u25b6\ufe0f Inscreva-se nos dois canais do&nbsp;GRANDE PR\u00caMIO&nbsp;no YouTube:&nbsp;<a href=\"https:\/\/www.youtube.com\/channel\/UC9OlHEgxoaY6QY6nWPoiqQg?sub_confirmation=1\">GP<\/a>&nbsp;|&nbsp;<a href=\"https:\/\/www.youtube.com\/channel\/UC9csiS6q_C3C0FYhyr1rnFA?sub_confirmation=1\">GP2<\/a><br>\u25b6\ufe0f&nbsp;<a href=\"https:\/\/www.twitch.tv\/grandepremio\">Conhe\u00e7a o canal do&nbsp;GRANDE PR\u00caMIO&nbsp;na Twitch clicando aqui!<\/a><\/strong><\/p>\n\n\n\n<p class=\"wp-block-paragraph\">A&nbsp;<strong><a href=\"https:\/\/grandepremio.com\/motovelocidade\/\" target=\"_blank\" rel=\"noreferrer noopener\"><\/a><a href=\"https:\/\/grandepremio.com\/motogp\/\" target=\"_blank\" rel=\"noreferrer noopener\">Moto3<\/a>&nbsp;<\/strong>volta a acelerar entre 26 e 28 de abril, com o&nbsp;<strong>GP da Espanha<\/strong>, em&nbsp;<strong>Jerez<\/strong>, para a quarta etapa do campeonato de 2024. O&nbsp;<strong>GRANDE PR\u00caMIO&nbsp;<\/strong>faz a cobertura completa do evento, assim como das outras classes do&nbsp;<strong>Mundial de Motovelocidade<\/strong>&nbsp;durante todo o ano.<\/p>\n\n\n\n<h2 class=\"wp-block-heading\" id=\"h-confira-como-foi-o-gp-das-americas-de-moto3\"><strong>Confira como foi o GP das Am\u00e9ricas de Moto3:<\/strong><\/h2>\n\n\n\n<p class=\"wp-block-paragraph\">Com tempo nublado e amea\u00e7a de chuva em Austin, os term\u00f4metros marcavam 22\u00baC no ar e 27\u00baC na pista, al\u00e9m de ventos de 2 km\/h.<\/p>\n\n\n\n<p class=\"wp-block-paragraph\">Na largada, David Alonso largou bem e manteve a lideran\u00e7a, com Matteo Bertelle saltando para segundo e acompanhado de Collin Veijer. O primeiro acidente foi na curva 1, com Filippo Farioli caindo no meio do pelot\u00e3o.<\/p>\n\n\n\n<figure class=\"wp-block-video\"><video class=\"video-js vjs-big-play-centered\" data-gp-vjs=\"1\" controls src=\"https:\/\/www.grandepremio.com\/br\/wp-content\/uploads\/2024\/04\/moto3-austin-farioli.mp4\"><\/video><figcaption class=\"wp-element-caption\">Logo na curva 1, Farioli j\u00e1 foi parar no ch\u00e3o em Austin (V\u00eddeo: MotoGP)<\/figcaption><\/figure>\n\n\n\n<p class=\"wp-block-paragraph\">Na curva 9, Joel Kelso tentou passar Daniel Holgado na briga pela quarta posi\u00e7\u00e3o e errou, caindo para 15\u00ba. O espanhol, por outro lado, se aproveitou do v\u00e1cuo na reta oposta e passou Veijer, tomando o terceiro lugar.<\/p>\n\n\n\n<p class=\"wp-block-paragraph\">Ainda na primeira curva, mais um acidente. Ivan Ortol\u00e1 colocou por dentro contra Veijer na curva 15, errou a frenagem e tocou em Stefano Nepa, causando a queda dos dois. A dupla rapidamente se levantou e seguiu na etapa americana.<\/p>\n\n\n\n<p class=\"wp-block-paragraph\">Distante das confus\u00f5es, Alonso rapidamente abriu mais de dois segundos de vantagem, com Bertelle cumprindo puni\u00e7\u00e3o de volta longa. O novato \u00c1ngel Piqueras, assim, assumiu a segunda coloca\u00e7\u00e3o acompanhado por Taiyo Furusato.<\/p>\n\n\n\n<p class=\"wp-block-paragraph\">O dia realmente estava dif\u00edcil para Ortol\u00e1. Na segunda volta, o espanhol caiu na curva 11, mas novamente conseguiu voltar para a disputa.<\/p>\n\n\n\n<figure class=\"wp-block-video\"><video class=\"video-js vjs-big-play-centered\" data-gp-vjs=\"1\" controls src=\"https:\/\/www.grandepremio.com\/br\/wp-content\/uploads\/2024\/04\/moto3-austin-ortola-nepa.mp4\"><\/video><figcaption class=\"wp-element-caption\">Ortol\u00e1 e Nepa se acharam ainda na primeira volta do GP das Am\u00e9ricas (V\u00eddeo: MotoGP)<\/figcaption><\/figure>\n\n\n\n<p class=\"wp-block-paragraph\">Ap\u00f3s certa dificuldade, Holgado superou Piqueras e Furusato, subindo para a segunda coloca\u00e7\u00e3o. Kelso iniciou a recupera\u00e7\u00e3o e j\u00e1 aparecia em sexto ap\u00f3s apenas 4 voltas.<\/p>\n\n\n\n<p class=\"wp-block-paragraph\">O quarto giro ainda reservaria mais uma queda. Na curva 15, Furusato tocou na traseira de Veijer e foi ejetado da moto, deixando a disputa do GP das Am\u00e9ricas de maneira precoce. L\u00e1 na frente, Alonso voltou a fazer a melhora volta.<\/p>\n\n\n\n<p class=\"wp-block-paragraph\">No giro seguinte, Veijer se aproveitou do v\u00e1cuo na reta oposta e superou Piqueras, assumindo a terceira posi\u00e7\u00e3o. Neste momento, um grupo de cinco pilotos disputava o p\u00f3dio em Austin: Holgado, Veijer, Piqueras, Yamanaka e Kelso. E o l\u00edder? J\u00e1 abria quatro segundos de vantagem.<\/p>\n\n\n\n<figure class=\"wp-block-video\"><video class=\"video-js vjs-big-play-centered\" data-gp-vjs=\"1\" controls src=\"https:\/\/www.grandepremio.com\/br\/wp-content\/uploads\/2024\/04\/moto3-austin-furusato.mp4\"><\/video><figcaption class=\"wp-element-caption\">Furusato perdeu a moto e est\u00e1 fora da prova em Austin (V\u00eddeo: MotoGP)<\/figcaption><\/figure>\n\n\n\n<p class=\"wp-block-paragraph\">A sexta volta proporcionou novas mudan\u00e7as. Veijer e Yamanaka usaram o v\u00e1cuo da reta oposta e superaram Holgado. Ao mesmo tempo, o quinteto diminuiu a vantagem de Alonso para 3s6.<\/p>\n\n\n\n<p class=\"wp-block-paragraph\">Depois de cair, Scott Ogden foi chamado pelos comiss\u00e1rios para os boxes e recebeu uma bandeira preta.<\/p>\n\n\n\n<p class=\"wp-block-paragraph\">L\u00e1 na frente, a vantagem de Alonso caiu para 3s1. Enquanto isso, Holgado superou Yamanaka e retomou a terceira posi\u00e7\u00e3o.<\/p>\n\n\n\n<p class=\"wp-block-paragraph\">No in\u00edcio da 10\u00aa volta, o GP das Am\u00e9ricas virou uma grande decep\u00e7\u00e3o para Kelso. O australiano errou no fim da reta principal, caiu, mas se recuperou e foi capaz e voltar para a corrida na oitava coloca\u00e7\u00e3o.<\/p>\n\n\n\n<p class=\"wp-block-paragraph\">A quatro voltas para o fim, Veijer perdeu a traseira da moto sozinho na curva 4, foi ejetado e caiu com for\u00e7a no ch\u00e3o. Yamanaka e Holgado precisaram sair da pista, colocando Piqueras na segunda posi\u00e7\u00e3o. Apesar do susto, o neerland\u00eas retornou para a corrida em 16\u00ba.<\/p>\n\n\n\n<figure class=\"wp-block-video\"><video class=\"video-js vjs-big-play-centered\" data-gp-vjs=\"1\" controls src=\"https:\/\/www.grandepremio.com\/br\/wp-content\/uploads\/2024\/04\/moto3-austin-veijer.mp4\"><\/video><figcaption class=\"wp-element-caption\">Queda bem feia de Collin Veijer, que por pouco n\u00e3o \u00e9 atropelado (V\u00eddeo: MotoGP)<\/figcaption><\/figure>\n\n\n\n<p class=\"wp-block-paragraph\">Com o susto do segundo pelot\u00e3o, Alonso se aproveitou para ampliar a vantagem e voltou a liderar com 4s7 de folga. Mais atr\u00e1s, Holgado passou Yamanaka no in\u00edcio da volta 12, mas logo levou o troco.<\/p>\n\n\n\n<p class=\"wp-block-paragraph\">No mesmo giro 12, Holgado voou na reta oporta e novamente superou o rival japon\u00eas, tomando a terceira coloca\u00e7\u00e3o.<\/p>\n\n\n\n<p class=\"wp-block-paragraph\">Na pen\u00faltima volta, Holgado superou Piqueras por dentro na curva 1 e subiu para segundo. Depois, foi a vez de Yamanaka passar o estreante da temporada 2024 e subir para terceiro.<\/p>\n\n\n\n<p class=\"wp-block-paragraph\">Na curva 15, Piqueras mergulhou sem medo contra Yamanaka, superou o rival e alcan\u00e7ou a terceira posi\u00e7\u00e3o novamente.<\/p>\n\n\n\n<p class=\"wp-block-paragraph\">A \u00faltima volta ainda proporcionou um grande momento. Piqueras pegou o v\u00e1cuo na reta oposta e, mesmo espremido por Holgado, tomou a segunda posi\u00e7\u00e3o. O piloto da Tech3, por\u00e9m, ainda foi por dentro na curva 19 e retomou o posto por apenas 0s013.<\/p>\n\n\n\n<p class=\"wp-block-paragraph\">Alonso recebeu a bandeirada com 5s1 de vantagem, Holgado e Piqueras fecharam o p\u00f3dio enquanto Yamanaka brigou at\u00e9 o fim, mas ficou no quarto lugar.<\/p>\n\n\n\n<h2 class=\"wp-block-heading\" id=\"h-moto3-2024-gp-das-americas-austin-resultado-final\"><em><strong>Moto3 2024, GP das Am\u00e9ricas, Austin, Resultado Final:<\/strong><\/em><\/h2>\n\n\n\n<figure class=\"wp-block-table\"><table><tbody><tr><td>POS<\/td><td>Moto<\/td><td>Piloto<\/td><td>Equipe<\/td><td>Diff<\/td><\/tr><tr><td>1<\/td><td>80<\/td><td>D ALONSO<\/td><td>CFMOTO ASPAR<\/td><td>14 voltas<\/td><\/tr><tr><td>2<\/td><td>96<\/td><td>D HOLGADO<\/td><td>RB KTM TECH 3<\/td><td>+ 5.163<\/td><\/tr><tr><td>3<\/td><td>36<\/td><td>A PIQUERAS<\/td><td>LEOPARD RACING HONDA<\/td><td>+ 5.176<\/td><\/tr><tr><td>4<\/td><td>6<\/td><td>R YAMANAKA<\/td><td>MSi KTM<\/td><td>+ 5.676<\/td><\/tr><tr><td>5<\/td><td>64<\/td><td>D MU\u00d1OZ<\/td><td>BO\u00c9 KTM<\/td><td>+ 13.285<\/td><\/tr><tr><td>6<\/td><td>24<\/td><td>T SUZUKI<\/td><td>HUSQVARNA INTACT GP<\/td><td>+ 13.730<\/td><\/tr><tr><td>7<\/td><td>66<\/td><td>J KELSO<\/td><td>BO\u00c9 KTM<\/td><td>+ 16.963<\/td><\/tr><tr><td>8<\/td><td>12<\/td><td>J ROULSTONE<\/td><td>RB KTM TECH 3<\/td><td>+ 19.126<\/td><\/tr><tr><td>9<\/td><td>78<\/td><td>J ESTEBAN<\/td><td>CFMOTO ASPAR<\/td><td>+ 19.325<\/td><\/tr><tr><td>10<\/td><td>18<\/td><td>M BERTELLE<\/td><td>RIVACOLD HONDA<\/td><td>+ 20.657<\/td><\/tr><tr><td>11<\/td><td>31<\/td><td>A FERN\u00c1NDEZ<\/td><td>LEOPARD RACING HONDA<\/td><td>+ 20.689<\/td><\/tr><tr><td>12<\/td><td>10<\/td><td>N CARRARO<\/td><td>MTA TEAM KTM<\/td><td>+ 22.785<\/td><\/tr><tr><td>13<\/td><td>85<\/td><td>X ZURUTUZA<\/td><td>RED BULL KTM AJO<\/td><td>+ 22.869<\/td><\/tr><tr><td>14<\/td><td>55<\/td><td>N DETTWILER<\/td><td>CIP GP KTM<\/td><td>+ 27.575<\/td><\/tr><tr><td>15<\/td><td>7<\/td><td>F FARIOLI<\/td><td>SIC58 SQUADRA HONDA<\/td><td>+ 32.147<\/td><\/tr><tr><td>16<\/td><td>54<\/td><td>R ROSSI<\/td><td>CIP GP KTM<\/td><td>+ 38.953<\/td><\/tr><tr><td>17<\/td><td>70<\/td><td>J WHATLEY<\/td><td>MLAV HONDA<\/td><td>+ 44.924<\/td><\/tr><tr><td>18<\/td><td>82<\/td><td>S NEPA<\/td><td>MTA TEAM KTM<\/td><td>+ 45.075<\/td><\/tr><tr><td>19<\/td><td>58<\/td><td>L LUNETTA<\/td><td>SIC58 SQUADRA HONDA<\/td><td>+ 1:19.752<\/td><\/tr><tr><td>20<\/td><td>95<\/td><td>C VEIJER<\/td><td>HUSQVARNA INTACT GP<\/td><td>Abandonou<\/td><\/tr><tr><td>21<\/td><td>48<\/td><td>I ORTOL\u00c1<\/td><td>MSi KTM<\/td><td>Abandonou<\/td><\/tr><tr><td>22<\/td><td>72<\/td><td>T FURUSATO<\/td><td>HONDA TEAM ASIA<\/td><td>Abandonou<\/td><\/tr><tr><td>23<\/td><td>22<\/td><td>S OGDEN<\/td><td>MLAV HONDA<\/td><td>DSQ<\/td><\/tr><\/tbody><\/table><\/figure>\n\n\n\n<h2 class=\"wp-block-heading\" id=\"h-a-classificacao-da-moto3-apos-tres-etapas\"><em><strong>A classifica\u00e7\u00e3o da Moto3 ap\u00f3s tr\u00eas etapas:<\/strong><\/em><\/h2>\n\n\n\n<figure class=\"wp-block-table\"><table><tbody><tr><td>Pos.<\/td><td>Moto<\/td><td>Piloto<\/td><td>Equipe<\/td><td>PTS<\/td><\/tr><tr><td>1<\/td><td>96<\/td><td>D HOLGADO<\/td><td>RB KTM TECH 3<\/td><td>65<\/td><\/tr><tr><td>2<\/td><td>80<\/td><td>D ALONSO<\/td><td>CFMOTO ASPAR<\/td><td>63<\/td><\/tr><tr><td>3<\/td><td>66<\/td><td>J KELSO<\/td><td>BO\u00c9 KTM<\/td><td>28<\/td><\/tr><tr><td>4<\/td><td>48<\/td><td>I ORTOL\u00c1<\/td><td>MSi KTM<\/td><td>23<\/td><\/tr><tr><td>5<\/td><td>24<\/td><td>T SUZUKI<\/td><td>HUSQVARNA INTACT GP<\/td><td>22<\/td><\/tr><tr><td>6<\/td><td>95<\/td><td>C VEIJER<\/td><td>HUSQVARNA INTACT GP<\/td><td>21<\/td><\/tr><tr><td>7<\/td><td>99<\/td><td>JA RUEDA<\/td><td>RED BULL KTM AJO<\/td><td>20<\/td><\/tr><tr><td>8<\/td><td>36<\/td><td>A PIQUERAS<\/td><td>LEOPARD RACING HONDA<\/td><td>20<\/td><\/tr><tr><td>9<\/td><td>78<\/td><td>J ESTEBAN<\/td><td>CFMOTO ASPAR<\/td><td>20<\/td><\/tr><tr><td>10<\/td><td>12<\/td><td>J ROULSTONE<\/td><td>RB KTM TECH 3<\/td><td>19<\/td><\/tr><tr><td>11<\/td><td>82<\/td><td>S NEPA<\/td><td>MTA TEAM KTM<\/td><td>19<\/td><\/tr><tr><td>12<\/td><td>64<\/td><td>D MU\u00d1OZ<\/td><td>BO\u00c9 KTM<\/td><td>18<\/td><\/tr><tr><td>13<\/td><td>72<\/td><td>T FURUSATO<\/td><td>HONDA TEAM ASIA<\/td><td>16<\/td><\/tr><tr><td>14<\/td><td>54<\/td><td>R ROSSI<\/td><td>CIP GP KTM<\/td><td>13<\/td><\/tr><tr><td>15<\/td><td>6<\/td><td>R YAMANAKA<\/td><td>MSi KTM<\/td><td>13<\/td><\/tr><tr><td>16<\/td><td>31<\/td><td>A FERN\u00c1NDEZ<\/td><td>LEOPARD RACING HONDA<\/td><td>11<\/td><\/tr><tr><td>17<\/td><td>18<\/td><td>M BERTELLE<\/td><td>RIVACOLD HONDA<\/td><td>10<\/td><\/tr><tr><td>18<\/td><td>10<\/td><td>N CARRARO<\/td><td>MTA TEAM KTM<\/td><td>6<\/td><\/tr><tr><td>19<\/td><td>19<\/td><td>S OGDEN<\/td><td>MLAV HONDA<\/td><td>4<\/td><\/tr><tr><td>20<\/td><td>85<\/td><td>X ZURUTUZA<\/td><td>RED BULL KTM AJO<\/td><td>3<\/td><\/tr><tr><td>21<\/td><td>55<\/td><td>N DETTWILER<\/td><td>CIP GP KTM<\/td><td>2<\/td><\/tr><tr><td>22<\/td><td>21<\/td><td>V P\u00c9REZ<\/td><td>RED BULL KTM AJO<\/td><td>2<\/td><\/tr><tr><td>23<\/td><td>58<\/td><td>L LUNETTA<\/td><td>SIC58 SQUADRA HONDA<\/td><td>1<\/td><\/tr><tr><td>24<\/td><td>7<\/td><td>F FARIOLI<\/td><td>SIC58 SQUADRA HONDA<\/td><td>1<\/td><\/tr><tr><td>25<\/td><td>70<\/td><td>J WHATLEY<\/td><td>MLAV HONDA<\/td><td>0<\/td><\/tr><tr><td>26<\/td><td>5<\/td><td>T BUASRI<\/td><td>HONDA TEAM ASIA<\/td><td>0<\/td><\/tr><tr><td>27<\/td><td>71<\/td><td>H AL SAHOUTI<\/td><td>RIVACOLD HONDA<\/td><td>0<\/td><\/tr><tr><td>28<\/td><td>22<\/td><td>D ALMANSA<\/td><td>RIVACOLD HONDA<\/td><td>0<\/td><\/tr><\/tbody><\/table><\/figure>\n\n\n\n<figure class=\"wp-block-embed is-type-video is-provider-youtube wp-block-embed-youtube wp-embed-aspect-16-9 wp-has-aspect-ratio\"><div class=\"wp-block-embed__wrapper\">\n<iframe loading=\"lazy\" title=\"MOTOGP precisa de um DRIVE TO SURVIVE para chamar de SEU? | GP \u00e0s 10\" width=\"500\" height=\"281\" src=\"https:\/\/www.youtube.com\/embed\/k3sUjpkkMdw?feature=oembed\" frameborder=\"0\" allow=\"accelerometer; autoplay; clipboard-write; encrypted-media; gyroscope; picture-in-picture; web-share\" referrerpolicy=\"strict-origin-when-cross-origin\" allowfullscreen><\/iframe>\n<\/div><\/figure>\n","protected":false},"excerpt":{"rendered":"<p>David Alonso brilhou de ponta a ponta, sumiu na lideran\u00e7a e venceu o GP das Am\u00e9ricas de Moto3 com folga. Daniel Holgado sofreu com o novato \u00c1ngel Piqueras at\u00e9 a \u00faltima curva, mas terminou em segundo<\/p>\n","protected":false},"author":0,"featured_media":1000800648,"comment_status":"closed","ping_status":"closed","sticky":false,"template":"","format":"standard","meta":{"42wp_featured_image_caption":"","42wp_featured_image_credits":"","42wp_featured_video":"","42wp_featured_image_hidden":false,"42wp_authors_list":[],"footnotes":""},"categories":[8],"tags":[37615,1982,38580,24853,7547,5214,36348,34422,35986,896,1983,25450,1491,28285,38579,5455,36349,1809,37081,78,34329,847,38578,34187,38021],"42wp_author":[47128,47135],"class_list":["post-81448","post","type-post","status-publish","format-standard","has-post-thumbnail","hentry","category-motogp","tag-angel-piqueras","tag-austin","tag-calendario-moto3","tag-calendario-motogp","tag-classificacao-moto3","tag-classificacao-motogp","tag-collin-veijer","tag-daniel-holgado","tag-david-alonso","tag-estados-unidos","tag-eua","tag-gp-das-americas","tag-grande-premio","tag-grandepremio","tag-horarios-moto3","tag-horarios-motogp","tag-ivan-ortola","tag-moto3","tag-moto3-2024","tag-motogp","tag-motogp-2024","tag-mundial-de-motovelocidade","tag-onde-assistir-moto3","tag-onde-assistir-motogp","tag-temporada-2024-da-motogp","42wp_author-guilherme-bloisi","42wp_author-pedro-luis-cuenca"],"_links":{"self":[{"href":"https:\/\/grandepremio.com\/br\/wp-json\/wp\/v2\/posts\/81448","targetHints":{"allow":["GET"]}}],"collection":[{"href":"https:\/\/grandepremio.com\/br\/wp-json\/wp\/v2\/posts"}],"about":[{"href":"https:\/\/grandepremio.com\/br\/wp-json\/wp\/v2\/types\/post"}],"replies":[{"embeddable":true,"href":"https:\/\/grandepremio.com\/br\/wp-json\/wp\/v2\/comments?post=81448"}],"version-history":[{"count":0,"href":"https:\/\/grandepremio.com\/br\/wp-json\/wp\/v2\/posts\/81448\/revisions"}],"wp:featuredmedia":[{"embeddable":true,"href":"https:\/\/grandepremio.com\/br\/wp-json\/wp\/v2\/media\/1000800648"}],"wp:attachment":[{"href":"https:\/\/grandepremio.com\/br\/wp-json\/wp\/v2\/media?parent=81448"}],"wp:term":[{"taxonomy":"category","embeddable":true,"href":"https:\/\/grandepremio.com\/br\/wp-json\/wp\/v2\/categories?post=81448"},{"taxonomy":"post_tag","embeddable":true,"href":"https:\/\/grandepremio.com\/br\/wp-json\/wp\/v2\/tags?post=81448"},{"taxonomy":"42wp_author","embeddable":true,"href":"https:\/\/grandepremio.com\/br\/wp-json\/wp\/v2\/42wp_author?post=81448"}],"curies":[{"name":"wp","href":"https:\/\/api.w.org\/{rel}","templated":true}]}}