{"id":8147,"date":"2026-06-03T10:48:30","date_gmt":"2026-06-03T13:48:30","guid":{"rendered":"https:\/\/grandepremio.com\/br\/2026\/06\/03\/nico-rosberg-assume-amizade-comprometida-lewis-hamilton-mercedes-guerra\/"},"modified":"2026-06-03T10:54:15","modified_gmt":"2026-06-03T13:54:15","slug":"nico-rosberg-assume-amizade-comprometida-lewis-hamilton-mercedes-guerra","status":"publish","type":"post","link":"https:\/\/grandepremio.com\/br\/f1\/nico-rosberg-assume-amizade-comprometida-lewis-hamilton-mercedes-guerra\/","title":{"rendered":"Rosberg assume &#8220;amizade comprometida&#8221; com Hamilton na Mercedes: &#8220;S\u00f3 guerra&#8221;"},"content":{"rendered":"\n<p class=\"wp-block-paragraph\"><strong>Nico Rosberg<\/strong> relembrou a intensa rivalidade com <strong>Lewis Hamilton<\/strong> nos anos de dom\u00ednio da <strong>Mercedes<\/strong> na <strong>F\u00f3rmula 1<\/strong> e afirmou que a rela\u00e7\u00e3o entre os dois deixou de existir durante a disputa pelos t\u00edtulos mundiais. Campe\u00e3o em 2016, o alem\u00e3o descreveu o per\u00edodo como uma verdadeira guerra e admitiu que a amizade constru\u00edda na inf\u00e2ncia acabou sacrificada pela busca do principal objetivo da carreira.<\/p>\n\n\n\n<p class=\"wp-block-paragraph\">Rosberg e Hamilton se conhecem desde os tempos do kart e chegaram \u00e0 F1 carregando uma rela\u00e7\u00e3o pr\u00f3xima. Quando o brit\u00e2nico deixou a <strong>McLaren <\/strong>para substituir <strong>Michael Schumacher<\/strong> na Mercedes, em 2013, a expectativa era de que a parceria reaproximasse os dois amigos de longa data.<\/p>\n\n\n\n<figure class=\"wp-block-embed is-type-video is-provider-youtube wp-block-embed-youtube wp-embed-aspect-16-9 wp-has-aspect-ratio\"><div class=\"wp-block-embed__wrapper\">\n<iframe loading=\"lazy\" title=\"SURPRESAS EM M\u00d4NACO? POR QUE F1 PODE TER A MELHOR CORRIDA L\u00c1 | Paddock GP [grande premio]\" width=\"500\" height=\"281\" src=\"https:\/\/www.youtube.com\/embed\/WKJPRHKAmAg?feature=oembed\" frameborder=\"0\" allow=\"accelerometer; autoplay; clipboard-write; encrypted-media; gyroscope; picture-in-picture; web-share\" referrerpolicy=\"strict-origin-when-cross-origin\" allowfullscreen><\/iframe>\n<\/div><\/figure>\n\n\n\n<p class=\"wp-block-paragraph\">O cen\u00e1rio, por\u00e9m, mudou completamente quando a Mercedes assumiu o controle da categoria, a partir de 2014, com a introdu\u00e7\u00e3o dos motores h\u00edbridos. Com o carro dominante do grid, as vit\u00f3rias passaram a ser disputadas quase exclusivamente entre Rosberg e Hamilton, transformando a conviv\u00eancia em uma batalha permanente.<\/p>\n\n\n\n<p class=\"wp-block-paragraph\">&#8220;N\u00e3o existia rela\u00e7\u00e3o, era guerra de verdade. Guerra. Nenhuma rela\u00e7\u00e3o. N\u00e3o convers\u00e1vamos. Apenas guerra&#8221;, resumiu Rosberg durante participa\u00e7\u00e3o no podcast <em>High Performance<\/em>.<\/p>\n\n\n\n<figure class=\"wp-block-image size-large\"><img decoding=\"async\" src=\"https:\/\/www.grandepremio.com\/br\/wp-content\/uploads\/2026\/06\/DhP7-sutton-2013-dcd1422ju159-1200x800.png\" alt=\"\" class=\"wp-image-1094274\"\/><figcaption class=\"wp-element-caption\">Lewis Hamilton e Nico Rosberg dominaram a disputa pelo t\u00edtulo entre 2014 e 2016 (Foto: F1)<\/figcaption><\/figure>\n\n\n\n<p class=\"wp-block-paragraph\">Hamilton conquistou os t\u00edtulos de 2014 e 2015, enquanto Rosberg respondeu em 2016, em uma temporada marcada por diversos epis\u00f3dios de tens\u00e3o entre os companheiros. O mais emblem\u00e1tico aconteceu no <strong>GP da Espanha<\/strong> daquele ano, quando os dois se tocaram ainda na primeira volta e abandonaram a corrida.<\/p>\n\n\n\n<p class=\"wp-block-paragraph\">Apesar de reconhecer a amizade constru\u00edda na juventude, Rosberg afirmou que a disputa pelo Mundial inevitavelmente coloca qualquer relacionamento em segundo plano. Segundo o alem\u00e3o, a pr\u00f3pria natureza da disputa pelo t\u00edtulo exige uma postura agressiva e deixa pouco espa\u00e7o para concess\u00f5es dentro da pista.<\/p>\n\n\n\n<p class=\"wp-block-paragraph\">&#8220;Sim, \u00e9ramos grandes amigos, mas quando voc\u00ea luta por um t\u00edtulo mundial, sempre vai comprometer a amizade para conquistar o t\u00edtulo. \u00c9 um sonho t\u00e3o grande que voc\u00ea acaba escolhendo o campeonato em vez da amizade. E nem \u00e9ramos melhores amigos naquele momento. Fomos melhores amigos quando crian\u00e7as, mas seguimos caminhos diferentes ao longo da carreira. Nos d\u00e1vamos bem, mas j\u00e1 n\u00e3o \u00e9ramos t\u00e3o pr\u00f3ximos&#8221;, explicou.<\/p>\n\n\n\n<p class=\"wp-block-paragraph\">&#8220;Entre se dar bem com algu\u00e9m e ganhar um mundial, voc\u00ea escolhe ganhar o t\u00edtulo. Para ser campe\u00e3o, \u00e9 preciso explorar constantemente as zonas cinzentas. Em disputas roda a roda, voc\u00ea n\u00e3o pode ser o cara bonzinho. Precisa se impor, defender posi\u00e7\u00e3o e ir at\u00e9 o limite, porque o outro piloto tamb\u00e9m vai fazer isso&#8221;, seguiu.<\/p>\n\n\n\n<figure class=\"wp-block-image size-large\"><img decoding=\"async\" src=\"https:\/\/www.grandepremio.com\/br\/wp-content\/uploads\/2026\/06\/rosberg-hamilton-2016-podium-1200x675.png\" alt=\"\" class=\"wp-image-1094275\"\/><figcaption class=\"wp-element-caption\">Intensa disputa pelos t\u00edtulos mundiais destruiu amizade de Lewis Hamilton e Nico Rosberg (Foto: F1)<\/figcaption><\/figure>\n\n\n\n<p class=\"wp-block-paragraph\">Rosberg tamb\u00e9m destacou que a conviv\u00eancia di\u00e1ria dentro da Mercedes tornava o ambiente especialmente desgastante. Compartilhando reuni\u00f5es, briefings e praticamente toda a rotina de um fim de semana de corrida, os dois eram obrigados a trabalhar juntos mesmo em meio ao clima de hostilidade.<\/p>\n\n\n\n<p class=\"wp-block-paragraph\">&#8220;Como voc\u00ea pode imaginar, n\u00e3o era exatamente o ambiente mais confort\u00e1vel&#8221;, admitiu.<\/p>\n\n\n\n<p class=\"wp-block-paragraph\">O alem\u00e3o encerrou a carreira logo ap\u00f3s conquistar o t\u00edtulo de 2016, derrotando Hamilton por apenas cinco pontos. A decis\u00e3o surpreendeu a F1 na \u00e9poca, mas marcou o fim de uma das rivalidades mais intensas da era moderna da categoria.<\/p>\n\n\n\n<p class=\"wp-block-paragraph\">A&nbsp;<strong>F\u00f3rmula 1<\/strong>&nbsp;volta neste fim de semana, de&nbsp;<strong>5 a 7 de junho<\/strong>, com o&nbsp;<strong>GP de M\u00f4naco<\/strong>, sexta etapa da temporada 2026. O&nbsp;<strong>GRANDE PR\u00caMIO<\/strong>&nbsp;acompanha todas as atividades<a href=\"https:\/\/www.grandepremio.com\/br\/ao-vivo\/f1\/\">&nbsp;<strong>AO VIVO E EM&nbsp;<\/strong><\/a><strong><a href=\"https:\/\/www.grandepremio.com\/br\/ao-vivo\/\" target=\"_blank\" rel=\"noreferrer noopener\">TEMPO REAL<\/a><\/strong>,&nbsp;<a href=\"https:\/\/www.youtube.com\/@GrandePremio1\/streams\">al\u00e9m de classifica\u00e7\u00e3o e corrida em&nbsp;<strong>SEGUNDA TELA&nbsp;<\/strong>no YouTube<\/a>, em parceria com a&nbsp;<strong>Voz do Esporte<\/strong>. O&nbsp;<strong>Briefing&nbsp;<\/strong>chega para analisar ap\u00f3s o fim de cada dia de atividades nas redes sociais e na&nbsp;<strong>GPTV<\/strong>.<\/p>\n\n\n\n<h2 class=\"wp-block-heading\" id=\"h-gp-de-monaco-de-f1-veja-os-horarios-em-brasil-cabo-verde-nbsp-portugal-angola-e-mocambique\"><strong>GP de M\u00f4naco de F1: veja os hor\u00e1rios em Brasil, Cabo Verde,&nbsp;<a href=\"https:\/\/grandepremio.pt\/\" target=\"_blank\" rel=\"noreferrer noopener\">Portugal<\/a>, Angola e Mo\u00e7ambique:<\/strong><\/h2>\n\n\n\n<figure class=\"wp-block-table\"><table class=\"has-fixed-layout\"><tbody><tr><td class=\"has-text-align-left\" data-align=\"left\"><strong>Sess\u00e3o<\/strong><\/td><td class=\"has-text-align-left\" data-align=\"left\"><strong>BRA*<\/strong><\/td><td class=\"has-text-align-left\" data-align=\"left\"><strong>CBV<\/strong><\/td><td class=\"has-text-align-left\" data-align=\"left\"><strong>POR<\/strong><br><strong>ANG<\/strong><\/td><td class=\"has-text-align-left\" data-align=\"left\"><strong>MOZ<\/strong><\/td><\/tr><tr><td class=\"has-text-align-left\" data-align=\"left\">Treino livre 1<\/td><td class=\"has-text-align-left\" data-align=\"left\">08:30<\/td><td class=\"has-text-align-left\" data-align=\"left\">10:30<\/td><td class=\"has-text-align-left\" data-align=\"left\">12:30<\/td><td class=\"has-text-align-left\" data-align=\"left\">13:30<\/td><\/tr><tr><td class=\"has-text-align-left\" data-align=\"left\">Treino livre 2<\/td><td class=\"has-text-align-left\" data-align=\"left\">12:00<\/td><td class=\"has-text-align-left\" data-align=\"left\">14:00<\/td><td class=\"has-text-align-left\" data-align=\"left\">16:00<\/td><td class=\"has-text-align-left\" data-align=\"left\">17:00<\/td><\/tr><tr><td class=\"has-text-align-left\" data-align=\"left\">Treino livre 3<\/td><td class=\"has-text-align-left\" data-align=\"left\">07:30<\/td><td class=\"has-text-align-left\" data-align=\"left\">09:30<\/td><td class=\"has-text-align-left\" data-align=\"left\">11:30<\/td><td class=\"has-text-align-left\" data-align=\"left\">12:30<\/td><\/tr><tr><td class=\"has-text-align-left\" data-align=\"left\">Classifica\u00e7\u00e3o<\/td><td class=\"has-text-align-left\" data-align=\"left\">11:00<\/td><td class=\"has-text-align-left\" data-align=\"left\">13:00<\/td><td class=\"has-text-align-left\" data-align=\"left\">15:00<\/td><td class=\"has-text-align-left\" data-align=\"left\">16:00<\/td><\/tr><tr><td class=\"has-text-align-left\" data-align=\"left\">Corrida<\/td><td class=\"has-text-align-left\" data-align=\"left\">10:00<\/td><td class=\"has-text-align-left\" data-align=\"left\">12:00<\/td><td class=\"has-text-align-left\" data-align=\"left\">14:00<\/td><td class=\"has-text-align-left\" data-align=\"left\">15:00<\/td><\/tr><\/tbody><\/table><\/figure>\n\n\n\n<p class=\"wp-block-paragraph\"><em>*Hor\u00e1rio de Bras\u00edlia<\/em><\/p>\n\n\n\n<p class=\"wp-block-paragraph\">\u25b6\ufe0f\u00a0<strong>F1:\u00a0<a href=\"https:\/\/www.grandepremio.com\/br\/f1\/calendario\/\">confira o calend\u00e1rio completo de 2026<\/a><\/strong><br>\u25b6\ufe0f\u00a0<strong>Inscreva-se nos dois canais do GRANDE PR\u00caMIO no YouTube:\u00a0<a href=\"https:\/\/www.youtube.com\/channel\/UC9OlHEgxoaY6QY6nWPoiqQg?sub_confirmation=1\">GP<\/a>\u00a0|\u00a0<a href=\"https:\/\/www.youtube.com\/channel\/UC9csiS6q_C3C0FYhyr1rnFA?sub_confirmation=1\">GPTV<\/a><\/strong><\/p>\n\n\n\n<h2 class=\"wp-block-heading\" id=\"h-f1-hoje-saiba-aqui-as-noticias-mais-importantes-do-dia-da-formula-1\"><strong>F1 hoje: saiba aqui as not\u00edcias mais importantes do dia da F\u00f3rmula 1<\/strong><\/h2>\n\n\n\n<p class=\"wp-block-paragraph\">A reda\u00e7\u00e3o do&nbsp;<strong>GRANDE PR\u00caMIO<\/strong>&nbsp;selecionou as not\u00edcias mais importantes das \u00faltimas horas para voc\u00ea ficar por dentro de tudo que acontece na F1.<\/p>\n\n\n\n<p class=\"wp-block-paragraph\"><strong>\u25b6\ufe0f <a href=\"https:\/\/www.grandepremio.com\/br\/web-stories\/f1\/momentos-mais-marcantes-gp-de-monaco\/\">Momentos mais marcantes do GP de M\u00f4naco<\/a><br>\u25b6\ufe0f <a href=\"https:\/\/www.grandepremio.com\/br\/f1\/noticias\/max-verstappen-projeta-gp-de-monaco-ve-red-bull-mais-proxima-onde-deve-estar\/\">Verstappen projeta GP de M\u00f4naco e v\u00ea Red Bull \u201cmais pr\u00f3xima de onde deve estar\u201d<\/a><br>\u25b6\ufe0f <a href=\"https:\/\/www.grandepremio.com\/br\/f1\/noticias\/ferrari-destaca-objetivo-mutuo-valoriza-renovacao-charles-leclerc-vimos-crescer\/\">Ferrari destaca objetivo m\u00fatuo e valoriza renova\u00e7\u00e3o com Leclerc: \u201cVimos crescer\u201d<\/a><br>\u25b6\ufe0f <a href=\"https:\/\/www.grandepremio.com\/br\/f1\/noticias\/charles-leclerc-valoriza-novo-contrato-ferrari-reforca-objetivo-trazer-titulo\/\">Leclerc valoriza novo contrato com Ferrari e refor\u00e7a objetivo: \u201cTrazer o t\u00edtulo\u201d<\/a><br>\u25b6\ufe0f <a href=\"https:\/\/www.grandepremio.com\/br\/f1\/noticias\/aston-martin-afasta-verde-pintura-especial-rochosa-gp-de-monaco\/\">Aston Martin se afasta do verde e lan\u00e7a pintura especial rochosa para GP de M\u00f4naco<\/a><\/strong><\/p>\n","protected":false},"excerpt":{"rendered":"<p>Nico Rosberg afirmou que disputa pelos t\u00edtulos da F\u00f3rmula 1 destruiu qualquer rela\u00e7\u00e3o com Lewis Hamilton durante os anos de dom\u00ednio da Mercedes e revelou detalhes do dia a dia<\/p>\n","protected":false},"author":0,"featured_media":1001094276,"comment_status":"closed","ping_status":"closed","sticky":false,"template":"","format":"standard","meta":{"42wp_featured_image_caption":"","42wp_featured_image_credits":"","42wp_featured_video":"","42wp_featured_image_hidden":false,"42wp_authors_list":[],"footnotes":""},"categories":[2],"tags":[26271,5273,147,29516,29148,180,31425,28995,1491,28285,30840,87,82,254,35129,31470],"42wp_author":[47164],"class_list":["post-8147","post","type-post","status-publish","format-standard","has-post-thumbnail","hentry","category-f1","tag-calendario-f1","tag-classificacao-f1","tag-f1","tag-f1-2026","tag-f1-hoje","tag-formula-1","tag-formula-1-2026","tag-formula-1-hoje","tag-grande-premio","tag-grandepremio","tag-horarios-f1","tag-lewis-hamilton","tag-mercedes","tag-nico-rosberg","tag-onde-assistir-f1","tag-temporada-2026-f1","42wp_author-marcos-gil-ribeiro"],"_links":{"self":[{"href":"https:\/\/grandepremio.com\/br\/wp-json\/wp\/v2\/posts\/8147","targetHints":{"allow":["GET"]}}],"collection":[{"href":"https:\/\/grandepremio.com\/br\/wp-json\/wp\/v2\/posts"}],"about":[{"href":"https:\/\/grandepremio.com\/br\/wp-json\/wp\/v2\/types\/post"}],"replies":[{"embeddable":true,"href":"https:\/\/grandepremio.com\/br\/wp-json\/wp\/v2\/comments?post=8147"}],"version-history":[{"count":1,"href":"https:\/\/grandepremio.com\/br\/wp-json\/wp\/v2\/posts\/8147\/revisions"}],"predecessor-version":[{"id":139074,"href":"https:\/\/grandepremio.com\/br\/wp-json\/wp\/v2\/posts\/8147\/revisions\/139074"}],"wp:featuredmedia":[{"embeddable":true,"href":"https:\/\/grandepremio.com\/br\/wp-json\/wp\/v2\/media\/1001094276"}],"wp:attachment":[{"href":"https:\/\/grandepremio.com\/br\/wp-json\/wp\/v2\/media?parent=8147"}],"wp:term":[{"taxonomy":"category","embeddable":true,"href":"https:\/\/grandepremio.com\/br\/wp-json\/wp\/v2\/categories?post=8147"},{"taxonomy":"post_tag","embeddable":true,"href":"https:\/\/grandepremio.com\/br\/wp-json\/wp\/v2\/tags?post=8147"},{"taxonomy":"42wp_author","embeddable":true,"href":"https:\/\/grandepremio.com\/br\/wp-json\/wp\/v2\/42wp_author?post=8147"}],"curies":[{"name":"wp","href":"https:\/\/api.w.org\/{rel}","templated":true}]}}