{"id":81471,"date":"2024-04-14T11:40:17","date_gmt":"2024-04-14T14:40:17","guid":{"rendered":"https:\/\/grandepremio.com\/br\/noticias\/pascal-wehrlein-celebra-acerto-estrategia-vitoria-misano-tudo-bem-executado\/"},"modified":"2024-04-14T11:50:24","modified_gmt":"2024-04-14T14:50:24","slug":"pascal-wehrlein-celebra-acerto-estrategia-vitoria-misano-tudo-bem-executado","status":"publish","type":"post","link":"https:\/\/grandepremio.com\/br\/formula-e\/pascal-wehrlein-celebra-acerto-estrategia-vitoria-misano-tudo-bem-executado\/","title":{"rendered":"Wehrlein celebra &#8220;acerto na estrat\u00e9gia&#8221; ap\u00f3s vit\u00f3ria em Misano: &#8220;Tudo bem executado&#8221;"},"content":{"rendered":"\n<p class=\"wp-block-paragraph\"><strong>Pascal Wehrlein<\/strong> conquistou uma <a href=\"https:\/\/www.grandepremio.com\/br\/formula-e\/noticias\/pascal-wehrlein-vence-ep-misano-2-formula-e-apos-apagao-oliver-rowland-ultima-volta\/\">vit\u00f3ria importante<\/a> para a <strong>Porsche<\/strong> neste domingo (14), na corrida 2 do <strong>eP de Misano<\/strong> da <strong>F\u00f3rmula E<\/strong>, e voltou \u00e0 lideran\u00e7a do <strong>Mundial de Pilotos<\/strong>. A vit\u00f3ria do alem\u00e3o veio ap\u00f3s <strong>Oliver Rowland<\/strong>, da <strong>Nissan<\/strong>, que liderava a prova, ficar sem energia na bateria do carro, &#8216;apagar&#8217; e &#8216;entregar&#8217; o primeiro lugar.<\/p>\n\n\n\n<p class=\"wp-block-paragraph\">Largando na terceira posi\u00e7\u00e3o, Wehrlein soube se defender dos rivais e usar a estrat\u00e9gia certa com o consumo de energia, chegando com <strong>1s933<\/strong> de vantagem em rela\u00e7\u00e3o ao segundo colocado,&nbsp;<strong>Jake Dennis<\/strong>, da <strong>Andretti<\/strong>. <strong>Nick Cassidy<\/strong>, da <strong>Jaguar<\/strong>, fechou o p\u00f3dio em terceiro lugar.<\/p>\n\n\n\n<p class=\"wp-block-paragraph\">&#8220;Achei que ontem seria melhor, mas estou muito feliz com a vit\u00f3ria de hoje. Houve uma confus\u00e3o no come\u00e7o, at\u00e9 a metade da corrida, perto do fim, eu n\u00e3o sabia se deveria ficar na lideran\u00e7a ou entregar para o Rowland. Ele parecia r\u00e1pido demais, ent\u00e3o esperei. Fiquei surpreso com a energia que ele ainda tinha, n\u00e3o sabia se tinha a informa\u00e7\u00e3o correta ou n\u00e3o, mas acertamos na estrat\u00e9gia. No fim, sobrou muita energia e foi tudo muito bem executado&#8221;, disse ap\u00f3s a corrida.<\/p>\n\n\n\n<p class=\"wp-block-paragraph\">&#8220;T\u00ednhamos ritmo para ganhar as duas corridas neste fim de semana. Ontem acabei sendo v\u00edtima, infelizmente. Quebrei a asa dianteira, ca\u00ed para o fim do grid, mas hoje tivemos uma grande reden\u00e7\u00e3o e vencemos. Ainda preciso ver [com rela\u00e7\u00e3o \u00e0 inspe\u00e7\u00e3o dos carros ap\u00f3s as corridas], mas acho que vai ficar tudo bem&#8221;, continuou.<\/p>\n\n\n\n<figure class=\"wp-block-image size-large\"><img decoding=\"async\" src=\"https:\/\/www.grandepremio.com\/br\/wp-content\/uploads\/2023\/03\/EPS906_103317_V6A0531-2048x2048-1-1024x683.jpg\" alt=\"\" class=\"wp-image-665321\"\/><figcaption class=\"wp-element-caption\">Wehrlein se coloca como candidato ao t\u00edtulo ap\u00f3s vit\u00f3ria em Misano (Foto: F\u00f3rmula E)<\/figcaption><\/figure>\n\n\n\n<p class=\"wp-block-paragraph\">A vit\u00f3ria coloca Wehrlein de vez na briga pelo t\u00edtulo da F\u00f3rmula E. E tamb\u00e9m \u00e9 uma conquista importante para a Porsche, ap\u00f3s <a href=\"https:\/\/www.grandepremio.com\/br\/formula-e\/noticias\/porsche-dispara-fia-punicao-antonio-felix-da-costa-trata-equipes-formas-diferentes\/\">o imbr\u00f3glio envolvendo o outro piloto da equipe<\/a>, <strong>Ant\u00f3nio F\u00e9lix da Costa<\/strong>, que venceu a corrida 1 de Misano, mas <a href=\"https:\/\/www.grandepremio.com\/br\/formula-e\/noticias\/antonio-felix-da-costa-desclassificado-oliver-rowland-herda-vitoria-corrida-1-ep-misano\/\">foi desclassificado<\/a> pelo uso de uma pe\u00e7a fora do regulamento da <strong>FIA (Federa\u00e7\u00e3o Internacional de Automobilismo)<\/strong>.<\/p>\n\n\n\n<p class=\"wp-block-paragraph\">A&nbsp;<strong><a href=\"https:\/\/www.grandepremio.com\/br\/formula-e\/\" target=\"_blank\" rel=\"noreferrer noopener\">F\u00f3rmula E<\/a><\/strong>&nbsp;volta a acelerar <a href=\"https:\/\/www.grandepremio.com\/br\/formula-e\/calendario\/\">daqui a duas semanas<\/a>, nos dias <strong>26<\/strong> e <strong>27<\/strong> de abril, no <strong>eP de M\u00f4naco<\/strong>. O&nbsp;<strong>GRANDE PR\u00caMIO<\/strong>, emissora oficial da categoria no Brasil, transmite treinos livres, classifica\u00e7\u00e3o e corrida&nbsp;<strong>AO VIVO&nbsp;<\/strong>e&nbsp;<strong>COM IMAGENS&nbsp;<\/strong>no&nbsp;<strong>YouTube<\/strong>.<\/p>\n\n\n\n<p class=\"wp-block-paragraph\"><strong>\u25b6\ufe0f&nbsp;Inscreva-se nos dois canais do GRANDE PR\u00caMIO no YouTube:&nbsp;<a href=\"https:\/\/www.youtube.com\/channel\/UC9OlHEgxoaY6QY6nWPoiqQg?sub_confirmation=1\" target=\"_blank\" rel=\"noreferrer noopener\">GP<\/a>&nbsp;|&nbsp;<a href=\"https:\/\/www.youtube.com\/channel\/UC9csiS6q_C3C0FYhyr1rnFA?sub_confirmation=1\" target=\"_blank\" rel=\"noreferrer noopener\">GP2<\/a><\/strong><br><strong>\u25b6\ufe0f&nbsp;<a href=\"https:\/\/www.twitch.tv\/grandepremio\" target=\"_blank\" rel=\"noreferrer noopener\">Conhe\u00e7a o canal do GRANDE PR\u00caMIO na Twitch clicando aqui!<\/a><\/strong><\/p>\n\n\n\n<figure class=\"wp-block-embed is-type-video is-provider-youtube wp-block-embed-youtube wp-embed-aspect-4-3 wp-has-aspect-ratio\"><div class=\"wp-block-embed__wrapper\">\n<iframe loading=\"lazy\" title=\"F\u00d3RMULA E 2024 - eP DE MISANO | 7\u00aa etapa | Corrida\" width=\"500\" height=\"281\" src=\"https:\/\/www.youtube.com\/embed\/i0gxQ-4pKAs?feature=oembed\" frameborder=\"0\" allow=\"accelerometer; autoplay; clipboard-write; encrypted-media; gyroscope; picture-in-picture; web-share\" referrerpolicy=\"strict-origin-when-cross-origin\" allowfullscreen><\/iframe>\n<\/div><\/figure>\n","protected":false},"excerpt":{"rendered":"<p>Pascal Wehrlein conseguiu vit\u00f3ria importante na corrida 2 do eP de Misano e trouxe a Porsche novamente \u00e0 disputa do t\u00edtulo da F\u00f3rmula E<\/p>\n","protected":false},"author":0,"featured_media":1000769720,"comment_status":"closed","ping_status":"closed","sticky":false,"template":"","format":"standard","meta":{"42wp_featured_image_caption":"","42wp_featured_image_credits":"","42wp_featured_video":"","42wp_featured_image_hidden":false,"42wp_authors_list":[],"footnotes":""},"categories":[19],"tags":[28679,6853,37329,840,35967,1491,28285,35442,894,965,36219,736,37653],"42wp_author":[47161],"class_list":["post-81471","post","type-post","status-publish","format-standard","has-post-thumbnail","hentry","category-formula-e","tag-calendario-formula-e","tag-classificacao-formula-e","tag-ep-de-misano","tag-formula-e","tag-formula-e-2024","tag-grande-premio","tag-grandepremio","tag-horarios-formula-e","tag-nissan","tag-oliver-rowland","tag-onde-assistir-formula-e","tag-porsche","tag-temporada-2024-da-formula-e","42wp_author-kaio-esteves"],"_links":{"self":[{"href":"https:\/\/grandepremio.com\/br\/wp-json\/wp\/v2\/posts\/81471","targetHints":{"allow":["GET"]}}],"collection":[{"href":"https:\/\/grandepremio.com\/br\/wp-json\/wp\/v2\/posts"}],"about":[{"href":"https:\/\/grandepremio.com\/br\/wp-json\/wp\/v2\/types\/post"}],"replies":[{"embeddable":true,"href":"https:\/\/grandepremio.com\/br\/wp-json\/wp\/v2\/comments?post=81471"}],"version-history":[{"count":0,"href":"https:\/\/grandepremio.com\/br\/wp-json\/wp\/v2\/posts\/81471\/revisions"}],"wp:featuredmedia":[{"embeddable":true,"href":"https:\/\/grandepremio.com\/br\/wp-json\/wp\/v2\/media\/1000769720"}],"wp:attachment":[{"href":"https:\/\/grandepremio.com\/br\/wp-json\/wp\/v2\/media?parent=81471"}],"wp:term":[{"taxonomy":"category","embeddable":true,"href":"https:\/\/grandepremio.com\/br\/wp-json\/wp\/v2\/categories?post=81471"},{"taxonomy":"post_tag","embeddable":true,"href":"https:\/\/grandepremio.com\/br\/wp-json\/wp\/v2\/tags?post=81471"},{"taxonomy":"42wp_author","embeddable":true,"href":"https:\/\/grandepremio.com\/br\/wp-json\/wp\/v2\/42wp_author?post=81471"}],"curies":[{"name":"wp","href":"https:\/\/api.w.org\/{rel}","templated":true}]}}