{"id":81676,"date":"2024-04-12T10:24:50","date_gmt":"2024-04-12T13:24:50","guid":{"rendered":"https:\/\/grandepremio.com\/br\/noticias\/taylor-barnard-leva-mclaren-ao-topo-treino-livre-novatos-formula-e-misano\/"},"modified":"2024-04-12T10:59:10","modified_gmt":"2024-04-12T13:59:10","slug":"taylor-barnard-leva-mclaren-ao-topo-treino-livre-novatos-formula-e-misano","status":"publish","type":"post","link":"https:\/\/grandepremio.com\/br\/formula-e\/taylor-barnard-leva-mclaren-ao-topo-treino-livre-novatos-formula-e-misano\/","title":{"rendered":"Barnard leva McLaren ao topo no treino livre de novatos da F\u00f3rmula E em Misano"},"content":{"rendered":"\n<p class=\"wp-block-paragraph\">A <strong>F\u00f3rmula E<\/strong> desembarcou em <strong>Misano<\/strong> pela primeira vez na hist\u00f3ria. Na manh\u00e3 desta sexta-feira (12), a categoria realizou a sua primeira sess\u00e3o em solo italiano, com o <strong>treino livre 0<\/strong>, <a href=\"https:\/\/www.grandepremio.com\/br\/formula-e\/noticias\/formula-e-programa-treino-livre-exclusivo-para-novatos-no-ep-de-misano\/\">dedicado exclusivamente a pilotos sem experi\u00eancia na categoria<\/a>, enquanto que os titulares v\u00e3o \u00e0 pista pela primeira vez daqui a pouco, para o <strong>TL1<\/strong>, \u00e0s 11h45.<\/p>\n\n\n\n<p class=\"wp-block-paragraph\"><strong>Taylor Barnard<\/strong>, vestindo o laranja-papaia da <strong>McLaren<\/strong>, mostrou bom ritmo durante toda sess\u00e3o e acabou cruzando a linha de chegada nos momentos finais com o melhor tempo, cravando 1min18s762 e superando <strong>Robert Shwartzman<\/strong>, na <strong>DS Penske<\/strong>, por 0s154. <strong>Zane Maloney<\/strong> foi o terceiro colocado, pela <strong>Andretti<\/strong>.<\/p>\n\n\n\n<p class=\"wp-block-paragraph\">\u00danico brasileiro a marcar presen\u00e7a no teste desta sexta-feira, pela <strong>Nissan<\/strong>, <strong>Caio Collet<\/strong> demorou a sair dos boxes e n\u00e3o conseguiu fechar muitas voltas, terminando o <strong>TL0<\/strong> apenas em d\u00e9cimo, mais de 2s345 atr\u00e1s do primeiro colocado.<\/p>\n\n\n\n<figure class=\"wp-block-image size-large\"><img decoding=\"async\" src=\"https:\/\/www.grandepremio.com\/br\/wp-content\/uploads\/2024\/01\/1-1024x683.jpg\" alt=\"\" class=\"wp-image-768172\"\/><figcaption class=\"wp-element-caption\">Taylor Barnard liderou o treino de novatos pela McLaren em Misano (Foto: McLaren)<\/figcaption><\/figure>\n\n\n\n<p class=\"wp-block-paragraph\">A pr\u00f3xima etapa da&nbsp;<strong><a href=\"https:\/\/www.grandepremio.com\/br\/formula-e\/\" target=\"_blank\" rel=\"noreferrer noopener\">F\u00f3rmula E<\/a><\/strong>&nbsp;est\u00e1 programada para acontecer entre os dias 12 e 14 de abril, com a rodada dupla de estreia do&nbsp;<strong>eP de Misano<\/strong>. O&nbsp;<strong>GRANDE PR\u00caMIO<\/strong>&nbsp;<a href=\"https:\/\/www.grandepremio.com\/br\/formula-e\/noticias\/onde-assistir-ep-de-misano-formula-e-2024\/\">transmite todas as atividades de pista<\/a>&nbsp;<strong>AO VIVO<\/strong>&nbsp;e&nbsp;<strong>COM IMAGENS<\/strong>&nbsp;no&nbsp;<strong>YouTube<\/strong>.<\/p>\n\n\n\n<p class=\"wp-block-paragraph\"><strong><img decoding=\"async\" src=\"https:\/\/a.slack-edge.com\/production-standard-emoji-assets\/14.0\/google-medium\/25b6-fe0f.png\" alt=\":seta_para_frente:\">&nbsp;Inscreva-se nos dois canais do GRANDE PR\u00caMIO no YouTube:&nbsp;<a href=\"https:\/\/www.youtube.com\/channel\/UC9OlHEgxoaY6QY6nWPoiqQg?sub_confirmation=1\" target=\"_blank\" rel=\"noreferrer noopener\">GP<\/a>&nbsp;|&nbsp;<a href=\"https:\/\/www.youtube.com\/channel\/UC9csiS6q_C3C0FYhyr1rnFA?sub_confirmation=1\" target=\"_blank\" rel=\"noreferrer noopener\">GP2<\/a><\/strong><br><strong><img decoding=\"async\" src=\"https:\/\/a.slack-edge.com\/production-standard-emoji-assets\/14.0\/google-medium\/25b6-fe0f.png\" alt=\":seta_para_frente:\"><a href=\"https:\/\/www.twitch.tv\/grandepremio\" target=\"_blank\" rel=\"noreferrer noopener\">Conhe\u00e7a o canal do GRANDE PR\u00caMIO na Twitch clicando aqui!<\/a><\/strong><\/p>\n\n\n\n<figure class=\"wp-block-embed is-type-video is-provider-youtube wp-block-embed-youtube wp-embed-aspect-16-9 wp-has-aspect-ratio\"><div class=\"wp-block-embed__wrapper\">\n<iframe loading=\"lazy\" title=\"F\u00d3RMULA E 2024 - eP DE MISANO | 6\u00aa etapa | Teste de Novatos com Caio Collet na pista\" width=\"500\" height=\"281\" src=\"https:\/\/www.youtube.com\/embed\/jM96qp_vEnM?feature=oembed\" frameborder=\"0\" allow=\"accelerometer; autoplay; clipboard-write; encrypted-media; gyroscope; picture-in-picture; web-share\" referrerpolicy=\"strict-origin-when-cross-origin\" allowfullscreen><\/iframe>\n<\/div><\/figure>\n\n\n\n<p class=\"has-large-font-size wp-block-paragraph\">Saiba como foi o TL0 dos novatos em Misano:<\/p>\n\n\n\n<p class=\"wp-block-paragraph\">A&nbsp;<strong>F\u00f3rmula E<\/strong>&nbsp;finalmente chegou a <strong>Misano<\/strong> para competir no circuito italiano pela primeira vez na hist\u00f3ria da categoria. Pontualmente \u00e0s 9h30 da sexta-feira (12), os onze novatos foram os primeiros a irem para a pista no fim de semana para o <strong>treino livre 0<\/strong>. Entre os participantes, o brasileiro <strong>Caio Collet<\/strong> assumiu o carro da <strong>Nissan<\/strong>.<\/p>\n\n\n\n<p class=\"wp-block-paragraph\">Logo que as luzes verdes acenderam, os novatos foram \u00e0 pista para aproveitar ao m\u00e1ximo os <strong>30 minutos<\/strong> dispon\u00edveis que tiveram para mostrar servi\u00e7o para as equipes. Com dois minutos de sess\u00e3o, a categoria realizou o j\u00e1 tradicional teste de bandeira amarela.<\/p>\n\n\n\n<p class=\"wp-block-paragraph\">Ap\u00f3s as primeiras voltas, <strong>Robert Shwartzman<\/strong>, que assumiu o b\u00f3lido da <strong>DS Penske<\/strong>, ocupou a primeira posi\u00e7\u00e3o, mas acabou sendo superado instantes depois pelo alem\u00e3o <strong>Tim Tramnitz<\/strong>, na <strong>Abt Cupra<\/strong>. No entanto, os tempos de volta estavam muito acima do esperado, j\u00e1 que os pilotos ainda se acostumavam com o circuito e com as condi\u00e7\u00f5es de pista.<\/p>\n\n\n\n<figure class=\"wp-block-image size-large\"><img decoding=\"async\" src=\"https:\/\/www.grandepremio.com\/br\/wp-content\/uploads\/2024\/04\/GPF1-3-1024x682.jpg\" alt=\"\" class=\"wp-image-799719\"\/><figcaption class=\"wp-element-caption\">Taylor Barnard liderou o treino de novatos da F\u00f3rmula E em Misano (Foto: McLaren)<\/figcaption><\/figure>\n\n\n\n<p class=\"wp-block-paragraph\">Participando do <strong>TL0<\/strong> pela <strong>McLaren<\/strong>, <strong>Taylor Barnard<\/strong> liderava a sess\u00e3o ap\u00f3s os primeiros dez minutos, com o tempo de 1min21s142. Logo atr\u00e1s, <strong>Paul Aron<\/strong>, com o carro verde da <strong>Envision<\/strong>, tamb\u00e9m mostrava bom ritmo, enquanto que Collet ocupava a \u00faltima posi\u00e7\u00e3o, sem tempo marcado.<\/p>\n\n\n\n<p class=\"wp-block-paragraph\">Quando metade da sess\u00e3o j\u00e1 havia ficado para tr\u00e1s, Aron mostrou que tamb\u00e9m estava se sentindo confort\u00e1vel e superou Barnard, ao marcar 1min20s952 e ficar \u00e0 frente do brit\u00e2nico por apenas 0s096. Em terceiro, o australiano <strong>Matt Campbell<\/strong>, com a <strong>Porsche<\/strong>, se aproximava dos l\u00edderes, mas ainda precisava superar uma desvantagem de 0s123.<\/p>\n\n\n\n<p class=\"wp-block-paragraph\">Collet foi para a pista pela primeira vez quando restavam 14 minutos para o fim do treino livre e acabou cometendo um erro quando tentava completar sua volta r\u00e1pida, saindo da pista e tendo de diminuir o ritmo. Enquanto isso, Campbell assumia a ponta ao fechar a volta em 1min20s265 e superar o piloto da Academia <strong>Ferrari<\/strong>, Shwartzman.<\/p>\n\n\n\n<figure class=\"wp-block-image size-large\"><img decoding=\"async\" src=\"https:\/\/www.grandepremio.com\/br\/wp-content\/uploads\/2024\/03\/TCM_1804-1024x683.jpg\" alt=\"\" class=\"wp-image-789203\"\/><figcaption class=\"wp-element-caption\">Pela Nissan, Caio Collet encerrou a sess\u00e3o apenas em d\u00e9cimo (Foto: Guilherme Bloisi\/GRANDE PR\u00caMIO)<\/figcaption><\/figure>\n\n\n\n<p class=\"wp-block-paragraph\">Quando os dez minutos finais iniciaram, <strong>Zane Maloney<\/strong>, o atual l\u00edder da <strong>F\u00f3rmula 2<\/strong> e que vestiu o macac\u00e3o da <strong>Andretti<\/strong>, chegou a ficar momentaneamente na primeira posi\u00e7\u00e3o, mas viu Shwartzman ser o primeiro a chegar \u00e0 casa de 1min19s e superar o barbadiano por 0s534. Collet completou a primeira volta cronometrada e subiu para oitavo, mas ainda 1s630 atr\u00e1s do ponteiro.<\/p>\n\n\n\n<p class=\"wp-block-paragraph\">Com sete minutos para o fim, <strong>Sheldon van der Linde<\/strong> sofreu com problemas na bateria da <strong>Jaguar<\/strong> e teve de abandonar. O sul-africano era apenas o d\u00e9cimo colocado quando foi aos boxes, 2s219 atr\u00e1s de Barnard, que neste momento j\u00e1 havia superado Robert ao cravar 1min19s572, 0s114 \u00e0 frente do israelense.<\/p>\n\n\n\n<p class=\"wp-block-paragraph\">A ordem de for\u00e7as n\u00e3o mudou muito nos minutos finais. Barnard at\u00e9 saiu de traseira quando completava a sua \u00faltima volta r\u00e1pida do dia, mas n\u00e3o o suficiente para perder a ponta, encerrando a sess\u00e3o em primeiro com o tempo de 1min18s762. Shwartzman superou Maloney no \u00faltimo momento e cruzou a linha de chegada em segundo, 0s154 atr\u00e1s do l\u00edder, enquanto que o barbadiano foi o terceiro, com 0s584 de desvantagem para o jovem da McLaren. Collet foi apenas o d\u00e9cimo colocado, ficando mais de 2s3 distante do brit\u00e2nico.<\/p>\n\n\n\n<h2 class=\"wp-block-heading\" id=\"h-formula-e-2024-treino-livre-de-novatos-misano\">F\u00f3rmula E 2024, Treino Livre de Novatos, Misano:<\/h2>\n\n\n\n<figure class=\"wp-block-table\"><table><tbody><tr><td>1<\/td><td>T BARNARD<\/td><td>McLaren<\/td><td>1:18.762<\/td><td>&nbsp;<\/td><\/tr><tr><td>2<\/td><td>R SHWARTZMAN<\/td><td>DS Penske<\/td><td>1:18.916<\/td><td>+0.154<\/td><\/tr><tr><td>3<\/td><td>Z MALONEY<\/td><td>Andretti<\/td><td>1:19.346<\/td><td>+0.584<\/td><\/tr><tr><td>4<\/td><td>T TRAMNITZ<\/td><td>Abt Cupra<\/td><td>1:19.759<\/td><td>+0.997<\/td><\/tr><tr><td>5<\/td><td>M CAMPBELL<\/td><td>Porsche<\/td><td>1:20.265<\/td><td>+1.503<\/td><\/tr><tr><td>6<\/td><td>M AZCONA<\/td><td>ERT<\/td><td>1:20.296<\/td><td>+1.534<\/td><\/tr><tr><td>7<\/td><td>J KING<\/td><td>Mahindra<\/td><td>1:20.401<\/td><td>+1.639<\/td><\/tr><tr><td>8<\/td><td>P ARON<\/td><td>Envision<\/td><td>1:20.883<\/td><td>+2.121<\/td><\/tr><tr><td>9<\/td><td>Y EHRLACHER<\/td><td>Maserati<\/td><td>1:20.902<\/td><td>+2.140<\/td><\/tr><tr><td>10<\/td><td>C COLLET<\/td><td>Nissan<\/td><td>1:21.107<\/td><td>+2.345<\/td><\/tr><tr><td>11<\/td><td>S VAN DER LINDE<\/td><td>Jaguar<\/td><td>1:21.791<\/td><td>+3.029<\/td><\/tr><\/tbody><\/table><\/figure>\n","protected":false},"excerpt":{"rendered":"<p>A primeira atividade do fim de semana do eP de Misano da F\u00f3rmula E foi dedicada aos novatos. Taylor Barnard mostrou bom ritmo durante toda a sess\u00e3o e terminou em primeiro, enquanto Caio Collet, o \u00fanico brasileiro presente no teste, foi apenas o d\u00e9cimo<\/p>\n","protected":false},"author":0,"featured_media":1000799718,"comment_status":"closed","ping_status":"closed","sticky":false,"template":"","format":"standard","meta":{"42wp_featured_image_caption":"","42wp_featured_image_credits":"","42wp_featured_video":"","42wp_featured_image_hidden":false,"42wp_authors_list":[],"footnotes":""},"categories":[19],"tags":[448,5660,31465,10437,37329,35967,34647,37545,33841,37745,910,90,3464,894,25439,736,32748,28107],"42wp_author":[47160],"class_list":["post-81676","post","type-post","status-publish","format-standard","has-post-thumbnail","hentry","category-formula-e","tag-caio-collet","tag-classificacao","tag-ds-penske","tag-envision","tag-ep-de-misano","tag-formula-e-2024","tag-formula-e-ao-vivo","tag-formula-e-live","tag-formula-e-no-grande-premio","tag-formula-e-tv-2024","tag-jaguar","tag-mclaren","tag-misano","tag-nissan","tag-paul-aron","tag-porsche","tag-taylor-barnard","tag-zane-maloney","42wp_author-vicente-soella"],"_links":{"self":[{"href":"https:\/\/grandepremio.com\/br\/wp-json\/wp\/v2\/posts\/81676","targetHints":{"allow":["GET"]}}],"collection":[{"href":"https:\/\/grandepremio.com\/br\/wp-json\/wp\/v2\/posts"}],"about":[{"href":"https:\/\/grandepremio.com\/br\/wp-json\/wp\/v2\/types\/post"}],"replies":[{"embeddable":true,"href":"https:\/\/grandepremio.com\/br\/wp-json\/wp\/v2\/comments?post=81676"}],"version-history":[{"count":0,"href":"https:\/\/grandepremio.com\/br\/wp-json\/wp\/v2\/posts\/81676\/revisions"}],"wp:featuredmedia":[{"embeddable":true,"href":"https:\/\/grandepremio.com\/br\/wp-json\/wp\/v2\/media\/1000799718"}],"wp:attachment":[{"href":"https:\/\/grandepremio.com\/br\/wp-json\/wp\/v2\/media?parent=81676"}],"wp:term":[{"taxonomy":"category","embeddable":true,"href":"https:\/\/grandepremio.com\/br\/wp-json\/wp\/v2\/categories?post=81676"},{"taxonomy":"post_tag","embeddable":true,"href":"https:\/\/grandepremio.com\/br\/wp-json\/wp\/v2\/tags?post=81676"},{"taxonomy":"42wp_author","embeddable":true,"href":"https:\/\/grandepremio.com\/br\/wp-json\/wp\/v2\/42wp_author?post=81676"}],"curies":[{"name":"wp","href":"https:\/\/api.w.org\/{rel}","templated":true}]}}