{"id":8170,"date":"2026-06-02T13:07:16","date_gmt":"2026-06-02T16:07:16","guid":{"rendered":"https:\/\/grandepremio.com\/br\/2026\/06\/02\/f1-expande-pre-temporada-2027-limita-locais-testes-carros-antigos\/"},"modified":"2026-06-12T18:35:27","modified_gmt":"2026-06-12T21:35:27","slug":"f1-expande-pre-temporada-2027-limita-locais-testes-carros-antigos","status":"publish","type":"post","link":"https:\/\/grandepremio.com\/br\/f1\/f1-expande-pre-temporada-2027-limita-locais-testes-carros-antigos\/","title":{"rendered":"F1 expande pr\u00e9-temporada em 2027 e limita locais para testes de carros antigos"},"content":{"rendered":"\n<p class=\"wp-block-paragraph\">A <strong>Comiss\u00e3o da F1<\/strong> se reuniu nesta ter\u00e7a-feira (2) no escrit\u00f3rio da <strong>FIA<\/strong>, em Londres, na Inglaterra, e acertou mudan\u00e7as para o regulamento esportivo e t\u00e9cnico da <strong>F\u00f3rmula 1<\/strong> para 2027. Entre as principais, est\u00e3o o aumento no n\u00famero de dias da pr\u00e9-temporada de 3 para 4, al\u00e9m de uma altera\u00e7\u00e3o nos circuitos que podem receber os testes de carros anteriores.<\/p>\n\n\n\n<p class=\"wp-block-paragraph\">A reuni\u00e3o foi sancionada por <strong>Nikolas Tombazis<\/strong>, diretor de monopostos da FIA, al\u00e9m de <strong>Stefano Domenicali<\/strong>, presidente da F\u00f3rmula One Management e CEO do Liberty Media. Todas as mudan\u00e7as regulat\u00f3rias est\u00e3o sujeitas a aprova\u00e7\u00e3o do Conselho Mundial do Esporte a Motor.<\/p>\n\n\n\n<figure class=\"wp-block-embed is-type-video is-provider-youtube wp-block-embed-youtube wp-embed-aspect-16-9 wp-has-aspect-ratio\"><div class=\"wp-block-embed__wrapper\">\n<iframe loading=\"lazy\" title=\"SURPRESAS EM M\u00d4NACO? POR QUE F1 PODE TER A MELHOR CORRIDA L\u00c1 | Paddock GP [grande premio]\" width=\"500\" height=\"281\" src=\"https:\/\/www.youtube.com\/embed\/WKJPRHKAmAg?start=1213&amp;feature=oembed\" frameborder=\"0\" allow=\"accelerometer; autoplay; clipboard-write; encrypted-media; gyroscope; picture-in-picture; web-share\" referrerpolicy=\"strict-origin-when-cross-origin\" allowfullscreen><\/iframe>\n<\/div><\/figure>\n\n\n\n<p class=\"wp-block-paragraph\">A partir de 2027, a pr\u00e9-temporada da F\u00f3rmula 1 ser\u00e1 ampliada de tr\u00eas para quatro dias. Em 2026, ano de estreia do novo regulamento de motores, os testes oficiais foram divididos em duas etapas no Bahrein, realizadas entre 11 e 13 e entre 18 e 20 de fevereiro. Antes disso, uma atividade privada ocorreu em janeiro, em Barcelona, ao longo de cinco dias, com cada equipe limitada a, no m\u00e1ximo, tr\u00eas jornadas de pista.<\/p>\n\n\n\n<p class=\"wp-block-paragraph\">Outra mudan\u00e7a impactante \u00e9 em rela\u00e7\u00e3o aos testes em carros anteriores. Apesar de n\u00e3o detalhar, a comiss\u00e3o determinou que, a partir de 2027, existir\u00e3o limita\u00e7\u00f5es \u00e0 respeito de testes em circuitos que v\u00e3o receber GPs da F\u00f3rmula 1 no ano seguinte. Para finalizar, pequenas mudan\u00e7as foram acordadas a respeito de componentes aerodin\u00e2micos e de carenagem.<\/p>\n\n\n\n<figure class=\"wp-block-image size-large\"><img decoding=\"async\" src=\"https:\/\/www.grandepremio.com\/br\/wp-content\/uploads\/2026\/05\/canada-corrida-f1-2026-haas-esteban-ocon-02-1200x800.jpg\" alt=\"\" class=\"wp-image-1091300\"\/><figcaption class=\"wp-element-caption\">Esteban Ocon (Foto: Haas F1 Team)<\/figcaption><\/figure>\n\n\n\n<p class=\"wp-block-paragraph\">A&nbsp;<strong>F\u00f3rmula 1<\/strong>&nbsp;volta neste fim de semana, de&nbsp;<strong>5 a 7 de junho<\/strong>, com o&nbsp;<strong>GP de M\u00f4naco<\/strong>, sexta etapa da temporada 2026. O&nbsp;<strong>GRANDE PR\u00caMIO<\/strong>&nbsp;acompanha todas as atividades<a href=\"https:\/\/www.grandepremio.com\/br\/ao-vivo\/f1\/\">&nbsp;<strong>AO VIVO E EM&nbsp;<\/strong><\/a><strong><a href=\"https:\/\/www.grandepremio.com\/br\/ao-vivo\/\" target=\"_blank\" rel=\"noreferrer noopener\">TEMPO REAL<\/a><\/strong>,&nbsp;<a href=\"https:\/\/www.youtube.com\/@GrandePremio1\/streams\">al\u00e9m de classifica\u00e7\u00e3o e corrida em&nbsp;<strong>SEGUNDA TELA&nbsp;<\/strong>no YouTube<\/a>, em parceria com a&nbsp;<strong>Voz do Esporte<\/strong>. O&nbsp;<strong>Briefing&nbsp;<\/strong>chega para analisar ap\u00f3s o fim de cada dia de atividades nas redes sociais e na&nbsp;<strong>GPTV<\/strong>.<\/p>\n\n\n\n<h2 class=\"wp-block-heading\" id=\"h-gp-de-monaco-de-f1-veja-os-horarios-em-brasil-cabo-verde-nbsp-portugal-angola-e-mocambique\"><strong>GP de M\u00f4naco de F1: veja os hor\u00e1rios em Brasil, Cabo Verde,&nbsp;<a href=\"https:\/\/grandepremio.pt\/\" target=\"_blank\" rel=\"noreferrer noopener\">Portugal<\/a>, Angola e Mo\u00e7ambique:<\/strong><\/h2>\n\n\n\n<figure class=\"wp-block-table\"><table class=\"has-fixed-layout\"><tbody><tr><td class=\"has-text-align-left\" data-align=\"left\"><strong>Sess\u00e3o<\/strong><\/td><td class=\"has-text-align-left\" data-align=\"left\"><strong>BRA*<\/strong><\/td><td class=\"has-text-align-left\" data-align=\"left\"><strong>CBV<\/strong><\/td><td class=\"has-text-align-left\" data-align=\"left\"><strong>POR<\/strong><br><strong>ANG<\/strong><\/td><td class=\"has-text-align-left\" data-align=\"left\"><strong>MOZ<\/strong><\/td><\/tr><tr><td class=\"has-text-align-left\" data-align=\"left\">Treino livre 1<\/td><td class=\"has-text-align-left\" data-align=\"left\">08:30<\/td><td class=\"has-text-align-left\" data-align=\"left\">10:30<\/td><td class=\"has-text-align-left\" data-align=\"left\">12:30<\/td><td class=\"has-text-align-left\" data-align=\"left\">13:30<\/td><\/tr><tr><td class=\"has-text-align-left\" data-align=\"left\">Treino livre 2<\/td><td class=\"has-text-align-left\" data-align=\"left\">12:00<\/td><td class=\"has-text-align-left\" data-align=\"left\">14:00<\/td><td class=\"has-text-align-left\" data-align=\"left\">16:00<\/td><td class=\"has-text-align-left\" data-align=\"left\">17:00<\/td><\/tr><tr><td class=\"has-text-align-left\" data-align=\"left\">Treino livre 3<\/td><td class=\"has-text-align-left\" data-align=\"left\">07:30<\/td><td class=\"has-text-align-left\" data-align=\"left\">09:30<\/td><td class=\"has-text-align-left\" data-align=\"left\">11:30<\/td><td class=\"has-text-align-left\" data-align=\"left\">12:30<\/td><\/tr><tr><td class=\"has-text-align-left\" data-align=\"left\">Classifica\u00e7\u00e3o<\/td><td class=\"has-text-align-left\" data-align=\"left\">11:00<\/td><td class=\"has-text-align-left\" data-align=\"left\">13:00<\/td><td class=\"has-text-align-left\" data-align=\"left\">15:00<\/td><td class=\"has-text-align-left\" data-align=\"left\">16:00<\/td><\/tr><tr><td class=\"has-text-align-left\" data-align=\"left\">Corrida<\/td><td class=\"has-text-align-left\" data-align=\"left\">10:00<\/td><td class=\"has-text-align-left\" data-align=\"left\">12:00<\/td><td class=\"has-text-align-left\" data-align=\"left\">14:00<\/td><td class=\"has-text-align-left\" data-align=\"left\">15:00<\/td><\/tr><\/tbody><\/table><\/figure>\n\n\n\n<p class=\"wp-block-paragraph\"><em>*Hor\u00e1rio de Bras\u00edlia<\/em><\/p>\n\n\n\n<p class=\"wp-block-paragraph\">\u25b6\ufe0f&nbsp;<strong>F1:&nbsp;<a href=\"https:\/\/www.grandepremio.com\/br\/f1\/calendario\/\">confira o calend\u00e1rio completo de 2026<\/a><\/strong><\/p>\n","protected":false},"excerpt":{"rendered":"<p>A partir de 2027, pr\u00e9-temporada da F\u00f3rmula 1 ter\u00e1 a dura\u00e7\u00e3o expandida de 3 para 4 dias. Pistas que recebem o Mundial v\u00e3o ter limita\u00e7\u00f5es a respeito dos testes de carros antigos<\/p>\n","protected":false},"author":0,"featured_media":1001092122,"comment_status":"closed","ping_status":"closed","sticky":false,"template":"","format":"standard","meta":{"42wp_featured_image_caption":"","42wp_featured_image_credits":"","42wp_featured_video":"","42wp_featured_image_hidden":false,"42wp_authors_list":[],"footnotes":""},"categories":[2],"tags":[26271,5273,147,29516,29148,180,31425,28995,5100,1491,28285,30840,35129,2717,31470],"42wp_author":[47119],"class_list":["post-8170","post","type-post","status-publish","format-standard","has-post-thumbnail","hentry","category-f1","tag-calendario-f1","tag-classificacao-f1","tag-f1","tag-f1-2026","tag-f1-hoje","tag-formula-1","tag-formula-1-2026","tag-formula-1-hoje","tag-gp-de-monaco","tag-grande-premio","tag-grandepremio","tag-horarios-f1","tag-onde-assistir-f1","tag-pre-temporada","tag-temporada-2026-f1","42wp_author-gabriel-carvalho"],"_links":{"self":[{"href":"https:\/\/grandepremio.com\/br\/wp-json\/wp\/v2\/posts\/8170","targetHints":{"allow":["GET"]}}],"collection":[{"href":"https:\/\/grandepremio.com\/br\/wp-json\/wp\/v2\/posts"}],"about":[{"href":"https:\/\/grandepremio.com\/br\/wp-json\/wp\/v2\/types\/post"}],"replies":[{"embeddable":true,"href":"https:\/\/grandepremio.com\/br\/wp-json\/wp\/v2\/comments?post=8170"}],"version-history":[{"count":1,"href":"https:\/\/grandepremio.com\/br\/wp-json\/wp\/v2\/posts\/8170\/revisions"}],"predecessor-version":[{"id":139097,"href":"https:\/\/grandepremio.com\/br\/wp-json\/wp\/v2\/posts\/8170\/revisions\/139097"}],"wp:featuredmedia":[{"embeddable":true,"href":"https:\/\/grandepremio.com\/br\/wp-json\/wp\/v2\/media\/1001092122"}],"wp:attachment":[{"href":"https:\/\/grandepremio.com\/br\/wp-json\/wp\/v2\/media?parent=8170"}],"wp:term":[{"taxonomy":"category","embeddable":true,"href":"https:\/\/grandepremio.com\/br\/wp-json\/wp\/v2\/categories?post=8170"},{"taxonomy":"post_tag","embeddable":true,"href":"https:\/\/grandepremio.com\/br\/wp-json\/wp\/v2\/tags?post=8170"},{"taxonomy":"42wp_author","embeddable":true,"href":"https:\/\/grandepremio.com\/br\/wp-json\/wp\/v2\/42wp_author?post=8170"}],"curies":[{"name":"wp","href":"https:\/\/api.w.org\/{rel}","templated":true}]}}