{"id":81739,"date":"2024-04-11T14:15:00","date_gmt":"2024-04-11T17:15:00","guid":{"rendered":"https:\/\/grandepremio.com\/br\/noticias\/quais-horarios-gp-americas-motogp-2024\/"},"modified":"2024-04-10T11:23:40","modified_gmt":"2024-04-10T14:23:40","slug":"quais-horarios-gp-americas-motogp-2024","status":"publish","type":"post","link":"https:\/\/grandepremio.com\/br\/motogp\/quais-horarios-gp-americas-motogp-2024\/","title":{"rendered":"Quais os hor\u00e1rios do GP das Am\u00e9ricas da MotoGP 2024"},"content":{"rendered":"\n<p class=\"wp-block-paragraph\">A <strong>MotoGP <\/strong>disputa neste fim de semana a terceira etapa da temporada <strong>2024<\/strong>: o GP das <strong>Am\u00e9ricas<\/strong>. Al\u00e9m da classe rainha do <strong>Mundial de Motovelocidade<\/strong>, a pista de <strong>Austin <\/strong>recebe tamb\u00e9m <strong>Moto3 <\/strong>e <strong>Moto2<\/strong>.<\/p>\n\n\n\n<p class=\"wp-block-paragraph\">A programa\u00e7\u00e3o do fim de semana come\u00e7a pela Moto3, que realiza um treino livre de 35 minutos \u00e0s 11h (de <strong>Bras\u00edlia<\/strong>). Na sequ\u00eancia, a Moto2 entra na pista, tamb\u00e9m para uma sess\u00e3o livre. A MotoGP faz o treino livre 1 a partir de 12h45.<\/p>\n\n\n\n<p class=\"wp-block-paragraph\">A Moto3 volta \u00e0 ativa \u00e0s 15h15, seguida pela Moto2. A MotoGP faz o treino que define os dez pilotos que v\u00e3o direto \u00e0 fase final da classifica\u00e7\u00e3o a partir das 17h.<\/p>\n\n\n\n<p class=\"wp-block-paragraph\">No s\u00e1bado, a Moto3 abre os trabalhos a partir de 10h40, seguida por Moto2. A MotoGP tem um \u00faltimo treino livre, de meia hora, ao 12h10. A classifica\u00e7\u00e3o da classe rainha come\u00e7a 12h50. A defini\u00e7\u00e3o do grid da Moto3 acontece a partir de 14h50, com a classifica\u00e7\u00e3o da Moto2 agendada para 15h45. A corrida sprint de Austin tem a largada prevista para 17h.<\/p>\n\n\n\n<figure class=\"wp-block-image size-large\"><img decoding=\"async\" src=\"https:\/\/www.grandepremio.com\/br\/wp-content\/uploads\/2021\/09\/lg4_3234-1024x682.jpg\" alt=\"\" class=\"wp-image-513507\"\/><figcaption class=\"wp-element-caption\">Austin recebe a MotoGP neste fim de semana (Foto: Michelin)<\/figcaption><\/figure>\n\n\n\n<p class=\"wp-block-paragraph\"><strong>\u25b6\ufe0f Inscreva-se nos dois canais do\u00a0GRANDE PR\u00caMIO\u00a0no YouTube:\u00a0<a href=\"https:\/\/www.youtube.com\/channel\/UC9OlHEgxoaY6QY6nWPoiqQg?sub_confirmation=1\">GP<\/a>\u00a0|\u00a0<a href=\"https:\/\/www.youtube.com\/channel\/UC9csiS6q_C3C0FYhyr1rnFA?sub_confirmation=1\">GP2<\/a><br>\u25b6\ufe0f\u00a0<a href=\"https:\/\/www.twitch.tv\/grandepremio\">Conhe\u00e7a o canal do\u00a0GRANDE PR\u00caMIO\u00a0na Twitch clicando aqui!<\/a><\/strong><\/p>\n\n\n\n<p class=\"wp-block-paragraph\">No domingo, a MotoGP faz um warm-up de dez minutos \u00e0s 11h40. A largada da Moto3 est\u00e1 agendada para 13h. A Moto2 larga 14h15, com a MotoGP iniciando o GP das Am\u00e9ricas \u00e0s 16h.<\/p>\n\n\n\n<p class=\"wp-block-paragraph\">A <strong>ESPN 4<\/strong> e o servi\u00e7o de streaming <strong>Star+ <\/strong>exibem o Mundial de Motovelocidade no Brasil. A narra\u00e7\u00e3o na ESPN fica por conta de <strong>Hamilton Rodrigues<\/strong>, com coment\u00e1rios de <strong>Fausto Macieira <\/strong>e <strong>Juliana Tesser<\/strong>.<\/p>\n\n\n\n<p class=\"wp-block-paragraph\">O f\u00e3 da MotoGP tamb\u00e9m tem a possibilidade de assistir todas as sess\u00f5es, ao vivo, por meio do servi\u00e7o de streaming oficial da categoria, o <strong>VideoPass<\/strong>, em ingl\u00eas. O pacote anual custa \u20ac 139,99 (cerca de R$ 762). O plano mensal, sem cronometragem, sai por \u20ac 29,99 (por volta de R$ 163).<\/p>\n\n\n\n<p class=\"wp-block-paragraph\">O\u00a0<strong>GRANDE PR\u00caMIO\u00a0<\/strong>faz a cobertura completa do evento, assim como das outras classes do\u00a0<strong>Mundial de Motovelocidade<\/strong>\u00a0durante todo o ano.<\/p>\n\n\n\n<h3 class=\"wp-block-heading\" id=\"h-confira-a-programacao-do-gp-das-americas\">Confira a programa\u00e7\u00e3o do GP das Am\u00e9ricas:<\/h3>\n\n\n\n<figure class=\"wp-block-table\"><table><tbody><tr><td><strong>DIA<\/strong><\/td><td><strong>CATEGORIA<\/strong><\/td><td><strong>SESS\u00c3O<\/strong><\/td><td><strong>HORA<\/strong><\/td><td><strong>NA TV<\/strong><\/td><\/tr><tr><td><strong>Sexta<\/strong><\/td><td>Moto3<\/td><td>Treino livre<\/td><td>11h &#8211; 11h35<\/td><td>&nbsp;<\/td><\/tr><tr><td><strong>Sexta<\/strong><\/td><td>Moto2<\/td><td>Treino livre<\/td><td>11h50 &#8211; 12h30<\/td><td>&nbsp;<\/td><\/tr><tr><td><strong>Sexta<\/strong><\/td><td>MotoGP<\/td><td>Treino livre 1<\/td><td>12h45 &#8211; 13h30<\/td><td>&nbsp;<\/td><\/tr><tr><td><strong>Sexta<\/strong><\/td><td>Moto3<\/td><td>Treino 1<\/td><td>15h15 &#8211; 15h50<\/td><td>\u2705<\/td><\/tr><tr><td><strong>Sexta<\/strong><\/td><td>Moto2<\/td><td>Treino 1<\/td><td>16h05 &#8211; 16h45<\/td><td>\u2705<\/td><\/tr><tr><td><strong>Sexta<\/strong><\/td><td>MotoGP<\/td><td>Treino<\/td><td>17h &#8211; 18h<\/td><td>\u2705<\/td><\/tr><tr><td><strong>S\u00e1bado<\/strong><\/td><td>Moto3<\/td><td>Treino 2<\/td><td>10h40 &#8211; 11h10<\/td><td>&nbsp;<\/td><\/tr><tr><td><strong>S\u00e1bado<\/strong><\/td><td>Moto2<\/td><td>Treino 2<\/td><td>11h25 &#8211; 11h55<\/td><td>&nbsp;<\/td><\/tr><tr><td><strong>S\u00e1bado<\/strong><\/td><td>MotoGP<\/td><td>Treino livre 2<\/td><td>12h10 &#8211; 12h40<\/td><td>\u2705<\/td><\/tr><tr><td><strong>S\u00e1bado<\/strong><\/td><td>MotoGP<\/td><td>Q1<\/td><td>12h50 &#8211; 13h05<\/td><td>\u2705<\/td><\/tr><tr><td><strong>S\u00e1bado<\/strong><\/td><td>MotoGP<\/td><td>Q2<\/td><td>13h15 &#8211; 13h30<\/td><td>\u2705<\/td><\/tr><tr><td><strong>S\u00e1bado<\/strong><\/td><td>Moto3<\/td><td>Q1<\/td><td>14h50 &#8211; 15h05<\/td><td>\u2705<\/td><\/tr><tr><td><strong>S\u00e1bado<\/strong><\/td><td>Moto3<\/td><td>Q2<\/td><td>15h15 &#8211; 15h30<\/td><td>\u2705<\/td><\/tr><tr><td><strong>S\u00e1bado<\/strong><\/td><td>Moto2<\/td><td>Q1<\/td><td>15h45 &#8211; 16h<\/td><td>\u2705<\/td><\/tr><tr><td><strong>S\u00e1bado<\/strong><\/td><td>Moto2<\/td><td>Q2<\/td><td>16h10 &#8211; 16h25<\/td><td>\u2705<\/td><\/tr><tr><td><strong>S\u00e1bado<\/strong><\/td><td>MotoGP<\/td><td>Corrida sprint (10 voltas)<\/td><td>17h<\/td><td>\u2705<\/td><\/tr><tr><td><strong>Domingo<\/strong><\/td><td>MotoGP<\/td><td>Warm-Up<\/td><td>11h40 &#8211; 11h50<\/td><td>&nbsp;<\/td><\/tr><tr><td><strong>Domingo<\/strong><\/td><td>Moto3<\/td><td>GP (14 voltas)<\/td><td>13h<\/td><td>\u2705<\/td><\/tr><tr><td><strong>Domingo<\/strong><\/td><td>Moto2<\/td><td>GP (16 voltas)<\/td><td>14h15<\/td><td>\u2705<\/td><\/tr><tr><td><strong>Domingo<\/strong><\/td><td>MotoGP<\/td><td>GP (20 voltas)<\/td><td>16h<\/td><td>\u2705<\/td><\/tr><\/tbody><\/table><\/figure>\n\n\n\n<figure class=\"wp-block-embed is-type-video is-provider-youtube wp-block-embed-youtube wp-embed-aspect-16-9 wp-has-aspect-ratio\"><div class=\"wp-block-embed__wrapper\">\n<iframe loading=\"lazy\" title=\"Quartararo RENOVA com Yamaha na MotoGP: APOSTA no projeto ou FALTA DE OP\u00c7\u00c3O? | GP \u00e0s 10\" width=\"500\" height=\"281\" src=\"https:\/\/www.youtube.com\/embed\/DoC0tMEtETE?feature=oembed\" frameborder=\"0\" allow=\"accelerometer; autoplay; clipboard-write; encrypted-media; gyroscope; picture-in-picture; web-share\" referrerpolicy=\"strict-origin-when-cross-origin\" allowfullscreen><\/iframe>\n<\/div><\/figure>\n","protected":false},"excerpt":{"rendered":"<p>Terceira etapa da temporada 2024, o GP das Am\u00e9ricas acontece neste fim de semana, em Austin<\/p>\n","protected":false},"author":0,"featured_media":1000513506,"comment_status":"closed","ping_status":"closed","sticky":false,"template":"","format":"standard","meta":{"42wp_featured_image_caption":"","42wp_featured_image_credits":"","42wp_featured_video":"","42wp_featured_image_hidden":false,"42wp_authors_list":[],"footnotes":""},"categories":[8],"tags":[28417,1982,5214,131,896,1983,2327,32229,28285,3504,130,132,79,78,34329,37693,37691,37692,25819,29345,28766,37694,26690,136,2610,172],"42wp_author":[47109],"class_list":["post-81739","post","type-post","status-publish","format-standard","has-post-thumbnail","hentry","category-motogp","tag-americas","tag-austin","tag-classificacao-motogp","tag-ducati","tag-estados-unidos","tag-eua","tag-francesco-bagnaia","tag-gasgas","tag-grandepremio","tag-gresini","tag-honda","tag-ktm","tag-moto-gp","tag-motogp","tag-motogp-2024","tag-motogp-2024-calendario","tag-motogp-calendario-2024","tag-motogp-classificacao-2024","tag-motogp-hoje","tag-motogp-horario","tag-motogp-standings","tag-onde-assistir-motogp-2024","tag-pilotos-motogp","tag-pramac","tag-texas","tag-yamaha","42wp_author-redacao-gp"],"_links":{"self":[{"href":"https:\/\/grandepremio.com\/br\/wp-json\/wp\/v2\/posts\/81739","targetHints":{"allow":["GET"]}}],"collection":[{"href":"https:\/\/grandepremio.com\/br\/wp-json\/wp\/v2\/posts"}],"about":[{"href":"https:\/\/grandepremio.com\/br\/wp-json\/wp\/v2\/types\/post"}],"replies":[{"embeddable":true,"href":"https:\/\/grandepremio.com\/br\/wp-json\/wp\/v2\/comments?post=81739"}],"version-history":[{"count":0,"href":"https:\/\/grandepremio.com\/br\/wp-json\/wp\/v2\/posts\/81739\/revisions"}],"wp:featuredmedia":[{"embeddable":true,"href":"https:\/\/grandepremio.com\/br\/wp-json\/wp\/v2\/media\/1000513506"}],"wp:attachment":[{"href":"https:\/\/grandepremio.com\/br\/wp-json\/wp\/v2\/media?parent=81739"}],"wp:term":[{"taxonomy":"category","embeddable":true,"href":"https:\/\/grandepremio.com\/br\/wp-json\/wp\/v2\/categories?post=81739"},{"taxonomy":"post_tag","embeddable":true,"href":"https:\/\/grandepremio.com\/br\/wp-json\/wp\/v2\/tags?post=81739"},{"taxonomy":"42wp_author","embeddable":true,"href":"https:\/\/grandepremio.com\/br\/wp-json\/wp\/v2\/42wp_author?post=81739"}],"curies":[{"name":"wp","href":"https:\/\/api.w.org\/{rel}","templated":true}]}}