{"id":81743,"date":"2024-04-11T14:00:48","date_gmt":"2024-04-11T17:00:48","guid":{"rendered":"https:\/\/grandepremio.com\/br\/noticias\/lucas-di-grassi-comemora-evolucao-da-abt-cupra-e-diz-que-principal-objetivo-e-pontuar-em-misano\/"},"modified":"2024-04-11T19:12:46","modified_gmt":"2024-04-11T22:12:46","slug":"lucas-di-grassi-comemora-evolucao-da-abt-cupra-e-diz-que-principal-objetivo-e-pontuar-em-misano","status":"publish","type":"post","link":"https:\/\/grandepremio.com\/br\/formula-e\/lucas-di-grassi-comemora-evolucao-da-abt-cupra-e-diz-que-principal-objetivo-e-pontuar-em-misano\/","title":{"rendered":"Di Grassi comemora evolu\u00e7\u00e3o da ABT Cupra e diz que objetivo \u00e9 pontuar em Misano"},"content":{"rendered":"\n<p class=\"wp-block-paragraph\"><strong>Lucas di Grassi<\/strong> est\u00e1 confiante na ca\u00e7ada pelos primeiros pontos da temporada de 2024 da <strong>F\u00f3rmula E<\/strong> no <a href=\"https:\/\/www.grandepremio.com\/br\/formula-e\/noticias\/onde-assistir-ep-de-misano-formula-e-2024\/\">neste fim de seman<\/a><a href=\"https:\/\/www.grandepremio.com\/br\/formula-e\/noticias\/quais-os-horarios-ep-de-misano-formula-e-2024\/\">a<\/a>, em <strong>Misano<\/strong>, na <strong>It\u00e1lia<\/strong>. O piloto brasileiro da <strong>ABT Cupra<\/strong>, que ainda est\u00e1 zerado na temporada, acabou abandonando&nbsp;o <strong>ePrix do Jap\u00e3o<\/strong>, ap\u00f3s ser tocado por <strong>Nyck de Vries<\/strong>, da <strong>Mahindra<\/strong>, que tamb\u00e9m n\u00e3o conseguiu continuar na pista.<\/p>\n\n\n\n<p class=\"wp-block-paragraph\">Mesmo assim, Di Grassi comemorou o desempenho do seu companheiro de equipe, o su\u00ed\u00e7o <strong>Nico M\u00fcller<\/strong>, que terminou a corrida em s\u00e9timo e somou os seis primeiros pontos da equipe alem\u00e3 na temporada. O resultado fez a marca subir duas posi\u00e7\u00f5es no Mundial de Equipes. Agora, a escuderia est\u00e1 em nono lugar, \u00e0 frente de <strong>ERT<\/strong> e <strong>Mahindra<\/strong> \u2014 sua fornecedora.<\/p>\n\n\n\n<p class=\"wp-block-paragraph\">\u201cO mais importante \u00e9 que podemos ver que o nosso trabalho est\u00e1 valendo a pena e que agora conseguimos ultrapassar e competir. Vamos levar esse impulso para as pr\u00f3ximas corridas\u201d, disse.<\/p>\n\n\n\n<p class=\"wp-block-paragraph\">Di Grassi tamb\u00e9m falou sobre a diferen\u00e7a entre o circuito japon\u00eas e o italiano e destacou a import\u00e2ncia da gest\u00e3o de energia dos carros na pr\u00f3xima etapa.<\/p>\n\n\n\n<figure class=\"wp-block-image size-large\"><img decoding=\"async\" src=\"https:\/\/www.grandepremio.com\/br\/wp-content\/uploads\/2024\/01\/EPS1002_153019SB1_3394-2048x2048-2-1024x683.jpg\" alt=\"\" class=\"wp-image-773222\"\/><figcaption class=\"wp-element-caption\">Di Grassi espera pontuar na rodada dupla de Misano, neste final de semana (Foto: F\u00f3rmula E)<\/figcaption><\/figure>\n\n\n\n<p class=\"wp-block-paragraph\">\u201cA diferen\u00e7a entre T\u00f3quio e Misano dificilmente poderia ser maior: vamos para uma pista normal, sem bumps, lisa. A gest\u00e3o de energia e a estrat\u00e9gia v\u00e3o desempenhar um papel importante. Meu principal objetivo para o fim de semana \u00e9 finalmente marcar os primeiros pontos da temporada\u201d.<\/p>\n\n\n\n<p class=\"wp-block-paragraph\">Ap\u00f3s as etapas da Cidade do M\u00e9xico, Diriyah (rodada dupla), S\u00e3o Paulo e T\u00f3quio, o campeonato \u00e9 liderado por <strong>Pascal Wehrlein<\/strong>, da <strong>Porsche<\/strong>, com 63 pontos, seguido do australiano <strong>Nick Cassidy<\/strong>, da <strong>Jaguar<\/strong>, com 61, e <strong>Oliver Rowland<\/strong>, da <strong>Nissan<\/strong>, que conquistou 54 tentos. O outro brasileiro do grid, <strong>S\u00e9rgio Sette C\u00e2mara<\/strong>, da <strong>ERT<\/strong>, soma 3 pontos e ocupa a d\u00e9cima s\u00e9tima posi\u00e7\u00e3o.<\/p>\n\n\n\n<p class=\"wp-block-paragraph\">A pr\u00f3xima etapa da <strong>F\u00f3rmula E<\/strong> est\u00e1 programada para acontecer entre os dias 12 e 14 de abril, com a rodada dupla de estreia do <strong>eP de Misano<\/strong>. O <strong>GRANDE PR\u00caMIO<\/strong> <a href=\"https:\/\/www.grandepremio.com\/br\/formula-e\/noticias\/onde-assistir-ep-de-misano-formula-e-2024\/\">transmite todas as atividades de pista<\/a> <strong>AO VIVO<\/strong> e <strong>COM IMAGENS<\/strong> no <strong>YouTube<\/strong>.<\/p>\n\n\n\n<p class=\"wp-block-paragraph\"><strong>&nbsp;Inscreva-se nos dois canais do GRANDE PR\u00caMIO no YouTube:&nbsp;<a href=\"https:\/\/www.youtube.com\/channel\/UC9OlHEgxoaY6QY6nWPoiqQg?sub_confirmation=1\" target=\"_blank\" rel=\"noreferrer noopener\">GP<\/a>&nbsp;|&nbsp;<a href=\"https:\/\/www.youtube.com\/channel\/UC9csiS6q_C3C0FYhyr1rnFA?sub_confirmation=1\" target=\"_blank\" rel=\"noreferrer noopener\">GP2<\/a><\/strong><\/p>\n\n\n\n<p class=\"wp-block-paragraph\"><strong>&nbsp;<a href=\"https:\/\/www.twitch.tv\/grandepremio\" target=\"_blank\" rel=\"noreferrer noopener\">Conhe\u00e7a o canal do GRANDE PR\u00caMIO na Twitch clicando aqui!<\/a><\/strong><\/p>\n\n\n\n<figure class=\"wp-block-embed is-type-video is-provider-youtube wp-block-embed-youtube wp-embed-aspect-16-9 wp-has-aspect-ratio\"><div class=\"wp-block-embed__wrapper\">\n<iframe loading=\"lazy\" title=\"F\u00d3RMULA E 2024 - eP de T\u00f3quio | 5\u00aa etapa | MELHORES MOMENTOS\" width=\"500\" height=\"281\" src=\"https:\/\/www.youtube.com\/embed\/inhoYwuAj4Y?feature=oembed\" frameborder=\"0\" allow=\"accelerometer; autoplay; clipboard-write; encrypted-media; gyroscope; picture-in-picture; web-share\" referrerpolicy=\"strict-origin-when-cross-origin\" allowfullscreen><\/iframe>\n<\/div><\/figure>\n","protected":false},"excerpt":{"rendered":"<p>Lucas Di Grassi destacou evolu\u00e7\u00e3o da equipe ap\u00f3s os pontos do su\u00ed\u00e7o Nico M\u00fcller e afirmou que, agora, pretende levar esse impulso para as pr\u00f3ximas corridas<\/p>\n","protected":false},"author":0,"featured_media":1000772957,"comment_status":"closed","ping_status":"closed","sticky":false,"template":"","format":"standard","meta":{"42wp_featured_image_caption":"","42wp_featured_image_credits":"","42wp_featured_video":"","42wp_featured_image_hidden":false,"42wp_authors_list":[],"footnotes":""},"categories":[19],"tags":[28679,6853,37329,840,35967,1491,28285,35442,966,1172,2349,36219,37653],"42wp_author":[47161],"class_list":["post-81743","post","type-post","status-publish","format-standard","has-post-thumbnail","hentry","category-formula-e","tag-calendario-formula-e","tag-classificacao-formula-e","tag-ep-de-misano","tag-formula-e","tag-formula-e-2024","tag-grande-premio","tag-grandepremio","tag-horarios-formula-e","tag-lucas-di-grassi","tag-mahindra","tag-nico-muller","tag-onde-assistir-formula-e","tag-temporada-2024-da-formula-e","42wp_author-kaio-esteves"],"_links":{"self":[{"href":"https:\/\/grandepremio.com\/br\/wp-json\/wp\/v2\/posts\/81743","targetHints":{"allow":["GET"]}}],"collection":[{"href":"https:\/\/grandepremio.com\/br\/wp-json\/wp\/v2\/posts"}],"about":[{"href":"https:\/\/grandepremio.com\/br\/wp-json\/wp\/v2\/types\/post"}],"replies":[{"embeddable":true,"href":"https:\/\/grandepremio.com\/br\/wp-json\/wp\/v2\/comments?post=81743"}],"version-history":[{"count":0,"href":"https:\/\/grandepremio.com\/br\/wp-json\/wp\/v2\/posts\/81743\/revisions"}],"wp:featuredmedia":[{"embeddable":true,"href":"https:\/\/grandepremio.com\/br\/wp-json\/wp\/v2\/media\/1000772957"}],"wp:attachment":[{"href":"https:\/\/grandepremio.com\/br\/wp-json\/wp\/v2\/media?parent=81743"}],"wp:term":[{"taxonomy":"category","embeddable":true,"href":"https:\/\/grandepremio.com\/br\/wp-json\/wp\/v2\/categories?post=81743"},{"taxonomy":"post_tag","embeddable":true,"href":"https:\/\/grandepremio.com\/br\/wp-json\/wp\/v2\/tags?post=81743"},{"taxonomy":"42wp_author","embeddable":true,"href":"https:\/\/grandepremio.com\/br\/wp-json\/wp\/v2\/42wp_author?post=81743"}],"curies":[{"name":"wp","href":"https:\/\/api.w.org\/{rel}","templated":true}]}}