{"id":81763,"date":"2024-04-11T12:16:55","date_gmt":"2024-04-11T15:16:55","guid":{"rendered":"https:\/\/grandepremio.com\/br\/noticias\/jerez-homenagem-anuncia-batismo-curva-7-nome-carmelo-ezpeleta\/"},"modified":"2024-04-11T12:21:16","modified_gmt":"2024-04-11T15:21:16","slug":"jerez-homenagem-anuncia-batismo-curva-7-nome-carmelo-ezpeleta","status":"publish","type":"post","link":"https:\/\/grandepremio.com\/br\/motogp\/jerez-homenagem-anuncia-batismo-curva-7-nome-carmelo-ezpeleta\/","title":{"rendered":"Jerez faz homenagem e anuncia batismo da curva 7 com nome de Carmelo Ezpeleta"},"content":{"rendered":"\n<p class=\"wp-block-paragraph\"><strong>Carmelo Ezpeleta<\/strong> vai virar nome de curva na <strong>Espanha<\/strong>. Diretor-executivo da <strong>Dorna<\/strong>, a promotora do <strong>Mundial de Motovelocidade<\/strong>, o espanhol vai batizar a curva 7 de <strong>Jerez de la Frontera<\/strong>.<\/p>\n\n\n\n<p class=\"wp-block-paragraph\">O an\u00fancio foi feito pela prefeita <strong>Mar\u00eda Jos\u00e9 Garc\u00eda-Pelayo<\/strong>, que tamb\u00e9m \u00e9 presidente da <strong>Cirjesa<\/strong>, a empresa gestora do circuito <strong>Jerez-\u00c1ngel Nieto<\/strong>. O evento que vai oficializar a homenagem acontece no fim de semana do GP da <strong>Espanha<\/strong>, que ser\u00e1 realizado entre os dias 26 e 28 de abril.<\/p>\n\n\n\n<p class=\"wp-block-paragraph\">Em nota divulgada \u00e0 imprensa, o governo de Jerez diz que a homenagem \u00e9 \u201creconhecimento pelo trabalho a favor do motociclismo e, especificamente, do circuito Jerez-\u00c1ngel Nieto durante todos esses anos para acolher o GP da Espanha de <strong>MotoGP <\/strong>e o <strong>Mundial de Superbike<\/strong>\u201d.<\/p>\n\n\n\n<p class=\"wp-block-paragraph\">A prefeita entende que o batismo da curva \u00e9 \u201cum ato de justi\u00e7a com o <strong>CEO <\/strong>da Dorna pelo incans\u00e1vel apoio ao circuito de Jerez\u201d.<\/p>\n\n\n\n<figure class=\"wp-block-image size-large\"><img decoding=\"async\" src=\"https:\/\/www.grandepremio.com\/br\/wp-content\/uploads\/2024\/04\/Arturo-Bernal-Maria-Jose-Garcia-Pelayo-Carmelo-Ezpeleta-1024x698.jpg\" alt=\"\" class=\"wp-image-799453\"\/><figcaption class=\"wp-element-caption\">Mar\u00eda Jos\u00e9 Garcia-Pelayo anunciou homenagem a Carmelo Ezpeleta (Foto: Jerez)<\/figcaption><\/figure>\n\n\n\n<p class=\"wp-block-paragraph\"><strong>\u25b6\ufe0f Inscreva-se nos dois canais do\u00a0GRANDE PR\u00caMIO\u00a0no YouTube:\u00a0<a href=\"https:\/\/www.youtube.com\/channel\/UC9OlHEgxoaY6QY6nWPoiqQg?sub_confirmation=1\">GP<\/a>\u00a0|\u00a0<a href=\"https:\/\/www.youtube.com\/channel\/UC9csiS6q_C3C0FYhyr1rnFA?sub_confirmation=1\">GP2<\/a><br>\u25b6\ufe0f\u00a0<a href=\"https:\/\/www.twitch.tv\/grandepremio\">Conhe\u00e7a o canal do\u00a0GRANDE PR\u00caMIO\u00a0na Twitch clicando aqui!<\/a><\/strong><\/p>\n\n\n\n<p class=\"wp-block-paragraph\">A 7 \u00e9 uma curva para a esquerda, que recentemente passou por uma reforma visando aumento de seguran\u00e7a, atendendo aos padr\u00f5es exigidos pela <strong>FIM <\/strong>(Federa\u00e7\u00e3o Internacional de Motociclismo). Com a mudan\u00e7a, a \u00e1rea de escape passou de 40 para 70 metros. Ainda, a curva fica entre a <strong>Dani Pedrosa <\/strong>e a <strong>Jorge Mart\u00ednez Aspar<\/strong>.<\/p>\n\n\n\n<p class=\"wp-block-paragraph\">Das 13 curvas de Jerez, sete s\u00e3o batizadas em homenagem a pilotos de moto: \u00c1ngel Nieto, [Antonio S\u00e1nchez Garrido ] <strong>Peluqui<\/strong>, <strong>Sito Pons<\/strong>, <strong>Aspar<\/strong>, [\u00c1lex] <strong>Crivill\u00e9<\/strong>, [Jorge] <strong>Lorenzo <\/strong>e Pedrosa.<\/p>\n\n\n\n<p class=\"wp-block-paragraph\">A&nbsp;<strong><a href=\"https:\/\/grandepremio.com\/motovelocidade\/\" target=\"_blank\" rel=\"noreferrer noopener\"><\/a><a href=\"https:\/\/grandepremio.com\/motogp\/\" target=\"_blank\" rel=\"noreferrer noopener\">MotoGP<\/a>&nbsp;<\/strong>volta \u00e0 pista entre os dias 12 e 14 de abril, para o&nbsp;<strong>GP das Am\u00e9ricas<\/strong>, em&nbsp;<strong>Austin<\/strong>, terceira etapa do campeonato de 2024. O&nbsp;<strong>GRANDE PR\u00caMIO&nbsp;<\/strong>faz a cobertura completa do evento, assim como das outras classes do&nbsp;<strong>Mundial de Motovelocidade<\/strong>&nbsp;durante todo o ano.<\/p>\n\n\n\n<figure class=\"wp-block-embed is-type-rich is-provider-incorporar-manipulador wp-block-embed-incorporar-manipulador wp-embed-aspect-16-9 wp-has-aspect-ratio\"><div class=\"wp-block-embed__wrapper\">\nhttps:\/\/youtube.com\/watch?v=DoC0tMEtETE%3Fversion%3D3%26rel%3D1%26showsearch%3D0%26showinfo%3D1%26iv_load_policy%3D1%26fs%3D1%26hl%3Dpt-BR%26autohide%3D2%26wmode%3Dtransparent\n<\/div><\/figure>\n","protected":false},"excerpt":{"rendered":"<p>Diretor-executivo da Dorna, Carmelo Ezpeleta ser\u00e1 homenageado no fim de semana do GP da Espanha e dar\u00e1 nome \u00e0 curva 7 do circuito andaluz<\/p>\n","protected":false},"author":0,"featured_media":1000554223,"comment_status":"closed","ping_status":"closed","sticky":false,"template":"","format":"standard","meta":{"42wp_featured_image_caption":"","42wp_featured_image_credits":"","42wp_featured_video":"","42wp_featured_image_hidden":false,"42wp_authors_list":[],"footnotes":""},"categories":[8],"tags":[1982,2365,5214,131,896,1983,2327,32229,28285,3504,130,1690,25530,132,79,78,34329,37693,37691,37692,25819,29345,28766,37694,26690,136,2610,172],"42wp_author":[47113],"class_list":["post-81763","post","type-post","status-publish","format-standard","has-post-thumbnail","hentry","category-motogp","tag-austin","tag-carmelo-ezpeleta","tag-classificacao-motogp","tag-ducati","tag-estados-unidos","tag-eua","tag-francesco-bagnaia","tag-gasgas","tag-grandepremio","tag-gresini","tag-honda","tag-jerez","tag-jerez-de-la-frontera","tag-ktm","tag-moto-gp","tag-motogp","tag-motogp-2024","tag-motogp-2024-calendario","tag-motogp-calendario-2024","tag-motogp-classificacao-2024","tag-motogp-hoje","tag-motogp-horario","tag-motogp-standings","tag-onde-assistir-motogp-2024","tag-pilotos-motogp","tag-pramac","tag-texas","tag-yamaha","42wp_author-juliana-tesser"],"_links":{"self":[{"href":"https:\/\/grandepremio.com\/br\/wp-json\/wp\/v2\/posts\/81763","targetHints":{"allow":["GET"]}}],"collection":[{"href":"https:\/\/grandepremio.com\/br\/wp-json\/wp\/v2\/posts"}],"about":[{"href":"https:\/\/grandepremio.com\/br\/wp-json\/wp\/v2\/types\/post"}],"replies":[{"embeddable":true,"href":"https:\/\/grandepremio.com\/br\/wp-json\/wp\/v2\/comments?post=81763"}],"version-history":[{"count":0,"href":"https:\/\/grandepremio.com\/br\/wp-json\/wp\/v2\/posts\/81763\/revisions"}],"wp:featuredmedia":[{"embeddable":true,"href":"https:\/\/grandepremio.com\/br\/wp-json\/wp\/v2\/media\/1000554223"}],"wp:attachment":[{"href":"https:\/\/grandepremio.com\/br\/wp-json\/wp\/v2\/media?parent=81763"}],"wp:term":[{"taxonomy":"category","embeddable":true,"href":"https:\/\/grandepremio.com\/br\/wp-json\/wp\/v2\/categories?post=81763"},{"taxonomy":"post_tag","embeddable":true,"href":"https:\/\/grandepremio.com\/br\/wp-json\/wp\/v2\/tags?post=81763"},{"taxonomy":"42wp_author","embeddable":true,"href":"https:\/\/grandepremio.com\/br\/wp-json\/wp\/v2\/42wp_author?post=81763"}],"curies":[{"name":"wp","href":"https:\/\/api.w.org\/{rel}","templated":true}]}}