{"id":81777,"date":"2024-04-11T11:00:00","date_gmt":"2024-04-11T14:00:00","guid":{"rendered":"https:\/\/grandepremio.com\/br\/noticias\/onde-assistir-as-corridas-do-fim-de-semana-na-tv-e-no-streaming-12-a-14-de-abril\/"},"modified":"2024-04-12T20:04:42","modified_gmt":"2024-04-12T23:04:42","slug":"onde-assistir-as-corridas-do-fim-de-semana-na-tv-e-no-streaming-12-a-14-de-abril","status":"publish","type":"post","link":"https:\/\/grandepremio.com\/br\/programacao-tv\/onde-assistir-as-corridas-do-fim-de-semana-na-tv-e-no-streaming-12-a-14-de-abril\/","title":{"rendered":"Onde assistir \u00e0s corridas do fim de semana na TV e no streaming: 12 a 14 de abril"},"content":{"rendered":"\n<h2 class=\"wp-block-heading\" id=\"h-sexta-feira-12-de-abril\"><strong>SEXTA-FEIRA, 12 DE ABRIL<\/strong><\/h2>\n\n\n\n<figure class=\"wp-block-table\"><table><tbody><tr><td>CATEGORIA<\/td><td>ETAPA<\/td><td>ATIVIDADE<\/td><td>HORA<\/td><td>EMISSORA<\/td><\/tr><tr><td><strong>F\u00f3rmula E<\/strong><\/td><td><strong>eP de Misano<\/strong><\/td><td><strong>Teste de novatos<\/strong><\/td><td><strong>09:15<\/strong><\/td><td><a href=\"https:\/\/www.youtube.com\/watch?v=jM96qp_vEnM\"><strong>GRANDE PR\u00caMIO<\/strong><\/a><\/td><\/tr><tr><td>Moto3<\/td><td>GP das Am\u00e9ricas<\/td><td>Treino livre<\/td><td>11:00<\/td><td>Star+ | ESPN 4<\/td><\/tr><tr><td><strong>F\u00f3rmula E<\/strong><\/td><td><strong>eP de Misano<\/strong><\/td><td><strong>Treino livre 1<\/strong><\/td><td><strong>11:45<\/strong><\/td><td><a href=\"https:\/\/www.youtube.com\/watch?v=TIByxsUWv00\"><strong>GRANDE PR\u00caMIO<\/strong><\/a><\/td><\/tr><tr><td>Moto2<\/td><td>GP das Am\u00e9ricas<\/td><td>Treino livre<\/td><td>11:50<\/td><td>Star+ | ESPN 4<\/td><\/tr><tr><td>MotoGP<\/td><td>GP das Am\u00e9ricas<\/td><td>Treino livre 1<\/td><td>12:45<\/td><td>Star+ | ESPN 4<\/td><\/tr><tr><td>Moto3<\/td><td>GP das Am\u00e9ricas<\/td><td>Treino 1<\/td><td>15:15<\/td><td>Star+ | ESPN 4<\/td><\/tr><tr><td>Moto2<\/td><td>GP das Am\u00e9ricas<\/td><td>Treino 1<\/td><td>16:05<\/td><td>Star+ | ESPN 4<\/td><\/tr><tr><td>MotoGP<\/td><td>GP das Am\u00e9ricas<\/td><td>Treino <\/td><td>17:00<\/td><td>Star+ | ESPN 4<\/td><\/tr><\/tbody><\/table><\/figure>\n\n\n\n<h2 class=\"wp-block-heading\" id=\"h-sabado-13-de-abril\"><strong>S\u00c1BADO, 13 DE ABRIL<\/strong><\/h2>\n\n\n\n<figure class=\"wp-block-table\"><table><tbody><tr><td>CATEGORIA<\/td><td>ETAPA<\/td><td>ATIVIDADE<\/td><td>HORA<\/td><td>EMISSORA<\/td><\/tr><tr><td><strong>F\u00f3rmula E<\/strong><\/td><td><strong>eP de Misano<\/strong><\/td><td><strong>Treino livre 2<\/strong><\/td><td><strong>02:45<\/strong><\/td><td><a href=\"https:\/\/www.youtube.com\/watch?v=y3tbCh_NYu4\"><strong>GRANDE PR\u00caMIO<\/strong><\/a><\/td><\/tr><tr><td><strong>F\u00f3rmula E<\/strong><\/td><td><strong>eP de Misano<\/strong><\/td><td><strong>Classifica\u00e7\u00e3o<\/strong><\/td><td><strong>04:50<\/strong><\/td><td><a href=\"https:\/\/www.youtube.com\/watch?v=bxEDtrVkO8Q\"><strong>GRANDE PR\u00caMIO<\/strong><\/a><\/td><\/tr><tr><td>F\u00f3rmula E<\/td><td>eP de Misano<\/td><td>Classifica\u00e7\u00e3o<\/td><td>05:00<\/td><td>BandSports<\/td><\/tr><tr><td><strong>F\u00f3rmula E<\/strong><\/td><td><strong>eP de Misano<\/strong><\/td><td><strong>Corrida 1<\/strong><\/td><td><strong>09:30<\/strong><\/td><td><a href=\"https:\/\/www.youtube.com\/watch?v=UNLyFKQyAME\"><strong>GRANDE PR\u00caMIO<\/strong><\/a><\/td><\/tr><tr><td>F\u00f3rmula E<\/td><td>eP de Misano<\/td><td>Corrida 1<\/td><td>09:45<\/td><td>Band | BandSports<\/td><\/tr><tr><td><strong>Turismo Nacional<\/strong><\/td><td><strong>Interlagos<\/strong><\/td><td><strong>Corrida 1-2<\/strong><\/td><td><strong>10:10<\/strong><\/td><td><strong><a href=\"https:\/\/www.youtube.com\/watch?v=R0bzhUK8AmQ\">GRANDE PR\u00caMIO<\/a><\/strong><\/td><\/tr><tr><td>Moto3<\/td><td>GP das Am\u00e9ricas<\/td><td>Treino 2<\/td><td>10:40<\/td><td>Star+ | ESPN 4<\/td><\/tr><tr><td>Moto2<\/td><td>GP das Am\u00e9ricas<\/td><td>Treino 2<\/td><td>11:25<\/td><td>Star+ | ESPN 4<\/td><\/tr><tr><td>MotoGP<\/td><td>GP das Am\u00e9ricas<\/td><td>Treino livre 2<\/td><td>12:10<\/td><td>Star+ | ESPN 4<\/td><\/tr><tr><td>MotoGP<\/td><td>GP das Am\u00e9ricas<\/td><td>Classifica\u00e7\u00e3o<\/td><td>12:50<\/td><td>Star+ | ESPN 4<\/td><\/tr><tr><td>Nascar Xfinity<\/td><td>Texas<\/td><td>Corrida<\/td><td>14:30<\/td><td>BandSports<\/td><\/tr><tr><td>Moto3<\/td><td>GP das Am\u00e9ricas<\/td><td>Classifica\u00e7\u00e3o<\/td><td>14:50<\/td><td>Star+ | ESPN 4<\/td><\/tr><tr><td><strong>TCR Sul-Americano<\/strong><\/td><td><strong>Interlagos<\/strong><\/td><td><strong>Classifica\u00e7\u00e3o<\/strong><\/td><td><strong>14:35<\/strong><\/td><td><strong><a href=\"https:\/\/www.youtube.com\/watch?v=YwqyUcT4Dq0\">GRANDE PR\u00caMIO<\/a><\/strong><\/td><\/tr><tr><td>Moto2<\/td><td>GP das Am\u00e9ricas<\/td><td>Classifica\u00e7\u00e3o<\/td><td>15:45<\/td><td>Star+ | ESPN 4<\/td><\/tr><tr><td><strong>Turismo Nacional<\/strong><\/td><td>Interlagos<\/td><td><strong>Corrida 3-4<\/strong><\/td><td><strong>16:25<\/strong><\/td><td><strong><a href=\"https:\/\/www.youtube.com\/watch?v=JgS2KFLiTBU\">GRANDE PR\u00caMIO<\/a><\/strong><\/td><\/tr><tr><td>MotoGP<\/td><td>GP das Am\u00e9ricas<\/td><td>Sprint<\/td><td>17:00<\/td><td>Star+ | ESPN 4<\/td><\/tr><\/tbody><\/table><\/figure>\n\n\n\n<p class=\"wp-block-paragraph\"><strong>\u25b6\ufe0f Inscreva-se nos dois canais do&nbsp;GRANDE PR\u00caMIO&nbsp;no YouTube:&nbsp;<a href=\"https:\/\/www.youtube.com\/channel\/UC9OlHEgxoaY6QY6nWPoiqQg?sub_confirmation=1\">GP<\/a>&nbsp;|&nbsp;<a href=\"https:\/\/www.youtube.com\/channel\/UC9csiS6q_C3C0FYhyr1rnFA?sub_confirmation=1\">GP2<\/a><br>\u25b6\ufe0f&nbsp;<a href=\"https:\/\/www.twitch.tv\/grandepremio\">Conhe\u00e7a o canal do&nbsp;GRANDE PR\u00caMIO&nbsp;na Twitch clicando aqui!<\/a><\/strong><\/p>\n\n\n\n<h2 class=\"wp-block-heading\" id=\"h-domingo-14-de-abril\"><strong>DOMINGO, 14 DE ABRIL<\/strong><\/h2>\n\n\n\n<figure class=\"wp-block-table\"><table><tbody><tr><td>CATEGORIA<\/td><td>ETAPA<\/td><td>ATIVIDADE<\/td><td>HORA<\/td><td>EMISSORA<\/td><\/tr><tr><td><strong>F\u00f3rmula E<\/strong><\/td><td><strong>eP de Misano<\/strong><\/td><td><strong>Treino livre 3<\/strong><\/td><td><strong>02:45<\/strong><\/td><td><a href=\"https:\/\/www.youtube.com\/watch?v=z_AIWGyuKpk\"><strong>GRANDE PR\u00caMIO<\/strong><\/a><\/td><\/tr><tr><td><strong>F\u00f3rmula E<\/strong><\/td><td><strong>eP de Misano<\/strong><\/td><td><strong>Classifica\u00e7\u00e3o<\/strong><\/td><td><strong>04:50<\/strong><\/td><td><strong><a href=\"https:\/\/www.youtube.com\/watch?v=k-YaTtigSxM\">GRANDE PR\u00caMIO<\/a><\/strong><\/td><\/tr><tr><td>F\u00f3rmula E<\/td><td>eP de Misano<\/td><td>Classifica\u00e7\u00e3o<\/td><td>05:00<\/td><td>BandSports<\/td><\/tr><tr><td><strong>Turismo Nacional<\/strong><\/td><td><strong>Interlagos<\/strong><\/td><td><strong>Corrida 5<\/strong><\/td><td><strong>09:10<\/strong><\/td><td><strong><a href=\"https:\/\/www.youtube.com\/watch?v=08cpXrJGZ8Q\">GRANDE PR\u00caMIO<\/a><\/strong><\/td><\/tr><tr><td><strong>F\u00f3rmula E<\/strong><\/td><td><strong>eP de Misano<\/strong><\/td><td><strong>Corrida 2<\/strong><\/td><td><strong>09:30<\/strong><\/td><td><strong><a href=\"https:\/\/www.youtube.com\/watch?v=i0gxQ-4pKAs\">GRANDE PR\u00caMIO<\/a><\/strong><\/td><\/tr><tr><td>F\u00f3rmula E<\/td><td>eP de Misano<\/td><td>Corrida 2<\/td><td>10:00<\/td><td>BandSports<\/td><\/tr><tr><td><strong>TCR Sul-Americano<\/strong><\/td><td><strong>Interlagos<\/strong><\/td><td><strong>Corrida<\/strong><\/td><td><strong>12:15<\/strong><\/td><td><strong><a href=\"https:\/\/www.youtube.com\/watch?v=4L9vvB1niEM\">GRANDE PR\u00caMIO<\/a><\/strong><\/td><\/tr><tr><td>TCR Sul-Americano<\/td><td>Interlagos<\/td><td>Corrida<\/td><td>12:15<\/td><td>BandSports<\/td><\/tr><tr><td>Copa Truck<\/td><td>Goi\u00e2nia<\/td><td>Corrida 1<\/td><td>12:30<\/td><td>Band <\/td><\/tr><tr><td>Moto3<\/td><td>GP das Am\u00e9ricas<\/td><td>Corrida<\/td><td>13:00<\/td><td>Star+ | ESPN 4<\/td><\/tr><tr><td>Copa Truck<\/td><td>Goi\u00e2nia<\/td><td>Corrida 2<\/td><td>13:03<\/td><td>Band<\/td><\/tr><tr><td>Moto2<\/td><td>GP das Am\u00e9ricas<\/td><td>Corrida<\/td><td>14:15<\/td><td>Star+ | ESPN 4<\/td><\/tr><tr><td><strong>Turismo Nacional<\/strong><\/td><td><strong>Interlagos<\/strong><\/td><td><strong>Corrida 6<\/strong><\/td><td><strong>15:40<\/strong><\/td><td><strong><a href=\"https:\/\/www.youtube.com\/watch?v=CVa1JrdrwFY\">GRANDE PR\u00caMIO<\/a><\/strong><\/td><\/tr><tr><td>MotoGP<\/td><td>GP das Am\u00e9ricas<\/td><td>Corrida<\/td><td>16:00<\/td><td>Star+ | ESPN 4<\/td><\/tr><tr><td>Nascar<\/td><td>Texas<\/td><td>Corrida<\/td><td>16:30<\/td><td>BandSports<\/td><\/tr><\/tbody><\/table><\/figure>\n","protected":false},"excerpt":{"rendered":"<p>Onde assistir a todas as corridas do fim de semana do esporte a motor? O GRANDE PR\u00caMIO lista tudo aqui: a F\u00f3rmula E vai \u00e0 Europa e disputa rodada dupla no circuito italiano de Misano. O GP, como sempre, exibe ao vivo todas as atividades. A agenda traz ainda a MotoGP nos EUA, com a etapa no Circuito das Am\u00e9ricas, enquanto a Nascar corre no oval do Texas. J\u00e1 no Brasil, a Copa Truck visita Goi\u00e2nia. E tamb\u00e9m no canal do GRANDE PR\u00caMIO, h\u00e1 a transmiss\u00e3o do TCR Sul-Americano e do Turismo Nacional, ambos em Interlagos. Confira a programa\u00e7\u00e3o de TV e do streaming<\/p>\n","protected":false},"author":0,"featured_media":1000766769,"comment_status":"closed","ping_status":"closed","sticky":false,"template":"","format":"standard","meta":{"42wp_featured_image_caption":"","42wp_featured_image_credits":"","42wp_featured_video":"","42wp_featured_image_hidden":false,"42wp_authors_list":[],"footnotes":""},"categories":[38],"tags":[1982,28679,6853,5214,1835,131,37329,896,1983,379,36881,840,35967,39009,2327,32229,1601,2130,1491,30103,28285,3504,130,124,132,39008,79,78,34329,37693,37691,37692,25819,29345,28766,411,36219,37694,26690,136,14976,24921,2610,1447,8714,172],"42wp_author":[47115],"class_list":["post-81777","post","type-post","status-publish","format-standard","has-post-thumbnail","hentry","category-programacao-tv","tag-austin","tag-calendario-formula-e","tag-classificacao-formula-e","tag-classificacao-motogp","tag-copa-truck","tag-ducati","tag-ep-de-misano","tag-estados-unidos","tag-eua","tag-fe","tag-fe-2024","tag-formula-e","tag-formula-e-2024","tag-formula-e-misano","tag-francesco-bagnaia","tag-gasgas","tag-gen3","tag-goiania","tag-grande-premio","tag-grande-premio-f1","tag-grandepremio","tag-gresini","tag-honda","tag-interlagos","tag-ktm","tag-misano-eprix","tag-moto-gp","tag-motogp","tag-motogp-2024","tag-motogp-2024-calendario","tag-motogp-calendario-2024","tag-motogp-classificacao-2024","tag-motogp-hoje","tag-motogp-horario","tag-motogp-standings","tag-nascar","tag-onde-assistir-formula-e","tag-onde-assistir-motogp-2024","tag-pilotos-motogp","tag-pramac","tag-rookie-test","tag-tcr-sul-americano","tag-texas","tag-truck-series","tag-xfinity","tag-yamaha","42wp_author-evelyn-guimaraes"],"_links":{"self":[{"href":"https:\/\/grandepremio.com\/br\/wp-json\/wp\/v2\/posts\/81777","targetHints":{"allow":["GET"]}}],"collection":[{"href":"https:\/\/grandepremio.com\/br\/wp-json\/wp\/v2\/posts"}],"about":[{"href":"https:\/\/grandepremio.com\/br\/wp-json\/wp\/v2\/types\/post"}],"replies":[{"embeddable":true,"href":"https:\/\/grandepremio.com\/br\/wp-json\/wp\/v2\/comments?post=81777"}],"version-history":[{"count":0,"href":"https:\/\/grandepremio.com\/br\/wp-json\/wp\/v2\/posts\/81777\/revisions"}],"wp:featuredmedia":[{"embeddable":true,"href":"https:\/\/grandepremio.com\/br\/wp-json\/wp\/v2\/media\/1000766769"}],"wp:attachment":[{"href":"https:\/\/grandepremio.com\/br\/wp-json\/wp\/v2\/media?parent=81777"}],"wp:term":[{"taxonomy":"category","embeddable":true,"href":"https:\/\/grandepremio.com\/br\/wp-json\/wp\/v2\/categories?post=81777"},{"taxonomy":"post_tag","embeddable":true,"href":"https:\/\/grandepremio.com\/br\/wp-json\/wp\/v2\/tags?post=81777"},{"taxonomy":"42wp_author","embeddable":true,"href":"https:\/\/grandepremio.com\/br\/wp-json\/wp\/v2\/42wp_author?post=81777"}],"curies":[{"name":"wp","href":"https:\/\/api.w.org\/{rel}","templated":true}]}}