{"id":81814,"date":"2024-04-11T05:15:00","date_gmt":"2024-04-11T08:15:00","guid":{"rendered":"https:\/\/grandepremio.com\/br\/noticias\/helio-castroneves-estreia-carro-durante-teste-indy-500-dia-adaptacao\/"},"modified":"2024-04-10T20:29:36","modified_gmt":"2024-04-10T23:29:36","slug":"helio-castroneves-estreia-carro-durante-teste-indy-500-dia-adaptacao","status":"publish","type":"post","link":"https:\/\/grandepremio.com\/br\/indy\/helio-castroneves-estreia-carro-durante-teste-indy-500-dia-adaptacao\/","title":{"rendered":"Castroneves estreia carro em teste para Indy 500 e celebra &#8220;dia de adapta\u00e7\u00e3o&#8221;"},"content":{"rendered":"\n<p class=\"wp-block-paragraph\">Apesar de  a chuva abreviar as atividades no primeiro dia de testes para as <strong>500 Milhas de Indian\u00e1polis<\/strong>, <strong>Helio Castroneves <\/strong>celebrou o primeiro contato com o novo carro da <strong>Meyer Shank<\/strong> nas primeiras duas horas de treino nesta quarta-feira (10). O brasileiro conquistou a 25\u00aa marca do dia, com 40s650, 1s317 atr\u00e1s de <strong>Josef Newgarden<\/strong>, <a href=\"https:\/\/www.grandepremio.com\/br\/indy\/noticias\/josef-newgarden-lidera-primeiro-dia-testes-indy-500-encerrado-pela-chuva\/\">o mais r\u00e1pido<\/a>.<\/p>\n\n\n\n<p class=\"wp-block-paragraph\">Em geral, as grandes equipes da <strong><a href=\"https:\/\/www.grandepremio.com\/br\/indy\/\">Indy<\/a><\/strong> trocam os chassis de seus pilotos a cada edi\u00e7\u00e3o da prova ou in\u00edcio de campeonato, entregando um equipamento que n\u00e3o sofreu com desgaste, que possa ter algum comprometimento de rigidez e causar uma m\u00ednima altera\u00e7\u00e3o para contornar as curvas.<\/p>\n\n\n\n<p class=\"wp-block-paragraph\">Curiosamente, ap\u00f3s Castroneves <a href=\"https:\/\/www.grandepremio.com\/br\/indy\/noticias\/helio-castroneves-bate-alex-palou-final-espetacular-vence-indy-500-quarta-vez\/\">vencer a edi\u00e7\u00e3o de 2021<\/a> da Indy 500 com um chassi j\u00e1 usado, alguns times de ponta ingressaram nos anos seguintes com monocoques utilizados em outras edi\u00e7\u00f5es. No entanto, <strong>Marcus Ericsson<\/strong> e Newgarden levaram a ic\u00f4nica prova em 2022 e 2023 com modelos novos. Dessa vez, o brasileiro deixou o chassi com o qual ganhou o tetra da prova.<\/p>\n\n\n\n<p class=\"wp-block-paragraph\">\u201cA gente come\u00e7ou o dia com um carro praticamente novo, zerinho, n\u00e3o tinha nenhuma milha\u201d, declarou Castroneves.<\/p>\n\n\n\n<figure class=\"wp-block-image size-large\"><img decoding=\"async\" src=\"https:\/\/www.grandepremio.com\/br\/wp-content\/uploads\/2023\/08\/Gallagher-Grand-Prix-Friday_-August-11_-2023_Ref-Image-Without-Watermark_m89569-1024x683.jpg\" alt=\"\" class=\"wp-image-716971\"\/><figcaption class=\"wp-element-caption\">Helio Castroneves vai em busca do in\u00e9dito penta na Indy 500 (Foto: IndyCar)<\/figcaption><\/figure>\n\n\n\n<p class=\"wp-block-paragraph\">\u201cTemos ainda de amaciar algumas coisas. O acerto \u00e9 o mesmo, n\u00e3o tem nenhuma diferen\u00e7a, mas tem detalhes que voc\u00ea tem de adaptar ao carro [novo] para que seja confort\u00e1vel. Foi isso que a gente fez\u201d, completou.<\/p>\n\n\n\n<p class=\"wp-block-paragraph\">A programa\u00e7\u00e3o original dos testes desta quarta era de uma dura\u00e7\u00e3o de 9h30min, sendo 2h para os pilotos que disputaram a temporada de 2023 e os que j\u00e1 participaram do <strong>Rookie Orientation Program<\/strong> [Programa de Orienta\u00e7\u00e3o aos Novatos, em tradu\u00e7\u00e3o literal], 3h aos novatos e competidores que est\u00e3o retornando para a corrida e outras 4h30min para todos os carros.<\/p>\n\n\n\n<p class=\"wp-block-paragraph\">Com isso, Castroneves teria 6h30min para se adaptar ao novo chassi. A \u00faltima corrida na Indy foi no <strong>GP de Laguna Seca<\/strong> de 2023, que <a href=\"https:\/\/www.grandepremio.com\/br\/indy\/noticias\/scott-dixon-cresce-insano-gp-laguna-seca-fecha-temporada-vitoria\/\">encerrou a temporada passada<\/a>, realizado no m\u00eas de setembro.<\/p>\n\n\n\n<p class=\"wp-block-paragraph\">Mesmo com somente duas horas de pista, referente \u00e0 primeira parte das atividades, o brasileiro destacou que uma base para as 500 Milhas de Indian\u00e1polis foi desenvolvida.<\/p>\n\n\n\n<figure class=\"wp-block-image size-large\"><img decoding=\"async\" src=\"https:\/\/www.grandepremio.com\/br\/wp-content\/uploads\/2023\/09\/Firestone-Grand-Prix-of-Monterey-Friday_-September-8_-2023_Ref-Image-Without-Watermark_m93111-1024x683.jpg\" alt=\"\" class=\"wp-image-727689\"\/><figcaption class=\"wp-element-caption\">Helio Castroneves em Laguna Seca 2023, sua \u00faltima corrida na Indy (Foto: IndyCar)<\/figcaption><\/figure>\n\n\n\n<p class=\"wp-block-paragraph\">\u201cTestamos algumas asas reservas e outras situa\u00e7\u00f5es para que ter certeza de tudo o que temos no equipamento, saber o que est\u00e1 acontecendo. Isso \u00e9 importante. Queremos ter todos os dados antes da semana da corrida\u201d, revelou.<\/p>\n\n\n\n<p class=\"wp-block-paragraph\">\u201cHoje \u00e9 tudo muito eletr\u00f4nico, precisa entender e analisar, comparar com outros pilotos, companheiros de equipe. Ter o maior detalhamento poss\u00edvel nos faz saber quais ferramentas usar quando for preciso\u201d, finalizou.<\/p>\n\n\n\n<p class=\"wp-block-paragraph\">A&nbsp;<a href=\"https:\/\/www.grandepremio.com\/formula-indy\/\" target=\"_blank\" rel=\"noreferrer noopener\">Indy<\/a>&nbsp;retorna \u00e0 Indian\u00e1polis nesta quinta-feira (11) para o segundo dia de testes abertos. A previs\u00e3o \u00e9 que a sess\u00e3o tenha seis horas, entre 11h e 17h [hor\u00e1rio de Bras\u00edlia, -3 GMT].<\/p>\n\n\n\n<p class=\"wp-block-paragraph\"><strong><img decoding=\"async\" src=\"https:\/\/a.slack-edge.com\/production-standard-emoji-assets\/14.0\/google-medium\/25b6-fe0f.png\" alt=\":seta_para_frente:\">&nbsp;Inscreva-se nos dois canais do GRANDE PR\u00caMIO no YouTube:&nbsp;<a href=\"https:\/\/www.youtube.com\/channel\/UC9OlHEgxoaY6QY6nWPoiqQg?sub_confirmation=1\" target=\"_blank\" rel=\"noreferrer noopener\">GP<\/a>&nbsp;|&nbsp;<a href=\"https:\/\/www.youtube.com\/channel\/UC9csiS6q_C3C0FYhyr1rnFA?sub_confirmation=1\" target=\"_blank\" rel=\"noreferrer noopener\">GP2<\/a><\/strong><br><strong><img decoding=\"async\" src=\"https:\/\/a.slack-edge.com\/production-standard-emoji-assets\/14.0\/google-medium\/25b6-fe0f.png\" alt=\":seta_para_frente:\"><a href=\"https:\/\/www.twitch.tv\/grandepremio\" target=\"_blank\" rel=\"noreferrer noopener\">&nbsp;Conhe\u00e7a o canal do GRANDE PR\u00caMIO na Twitch clicando aqui!<\/a><\/strong><\/p>\n\n\n\n<figure class=\"wp-block-embed is-type-video is-provider-youtube wp-block-embed-youtube wp-embed-aspect-16-9 wp-has-aspect-ratio\"><div class=\"wp-block-embed__wrapper\">\n<iframe loading=\"lazy\" title=\"Por que NEWGARDEN pode SAIR DA PENSKE em 2025? | GP \u00e0s 10\" width=\"500\" height=\"281\" src=\"https:\/\/www.youtube.com\/embed\/rrvCeLOKMjs?start=1&amp;feature=oembed\" frameborder=\"0\" allow=\"accelerometer; autoplay; clipboard-write; encrypted-media; gyroscope; picture-in-picture; web-share\" referrerpolicy=\"strict-origin-when-cross-origin\" allowfullscreen><\/iframe>\n<\/div><\/figure>\n","protected":false},"excerpt":{"rendered":"<p>Pela primeira vez desde que chegou \u00e0 Meyer Shank, H\u00e9lio Castroneves disputar\u00e1 as 500 Milhas de Indian\u00e1polis com novo chassi<\/p>\n","protected":false},"author":0,"featured_media":1000799325,"comment_status":"closed","ping_status":"closed","sticky":false,"template":"","format":"standard","meta":{"42wp_featured_image_caption":"","42wp_featured_image_credits":"","42wp_featured_video":"","42wp_featured_image_hidden":false,"42wp_authors_list":[],"footnotes":""},"categories":[3],"tags":[2980,28552,6133,147,111,180,2208,1491,28285,267,35361,93,31011,39054,232,1555,29784,36027,39073],"42wp_author":[47155],"class_list":["post-81814","post","type-post","status-publish","format-standard","has-post-thumbnail","hentry","category-indy","tag-500-milhas-indianapolis","tag-calendario-indy","tag-classificacao-indy","tag-f1","tag-f2","tag-formula-1","tag-formula-2","tag-grande-premio","tag-grandepremio","tag-helio-castroneves","tag-horarios-indy","tag-indy","tag-indy-2024","tag-indy-2025","tag-indy-500","tag-josef-newgarden","tag-onde-assistir-indy","tag-temporada-2024-da-indy","tag-testes-abertos","42wp_author-daniel-balsa"],"_links":{"self":[{"href":"https:\/\/grandepremio.com\/br\/wp-json\/wp\/v2\/posts\/81814","targetHints":{"allow":["GET"]}}],"collection":[{"href":"https:\/\/grandepremio.com\/br\/wp-json\/wp\/v2\/posts"}],"about":[{"href":"https:\/\/grandepremio.com\/br\/wp-json\/wp\/v2\/types\/post"}],"replies":[{"embeddable":true,"href":"https:\/\/grandepremio.com\/br\/wp-json\/wp\/v2\/comments?post=81814"}],"version-history":[{"count":0,"href":"https:\/\/grandepremio.com\/br\/wp-json\/wp\/v2\/posts\/81814\/revisions"}],"wp:featuredmedia":[{"embeddable":true,"href":"https:\/\/grandepremio.com\/br\/wp-json\/wp\/v2\/media\/1000799325"}],"wp:attachment":[{"href":"https:\/\/grandepremio.com\/br\/wp-json\/wp\/v2\/media?parent=81814"}],"wp:term":[{"taxonomy":"category","embeddable":true,"href":"https:\/\/grandepremio.com\/br\/wp-json\/wp\/v2\/categories?post=81814"},{"taxonomy":"post_tag","embeddable":true,"href":"https:\/\/grandepremio.com\/br\/wp-json\/wp\/v2\/tags?post=81814"},{"taxonomy":"42wp_author","embeddable":true,"href":"https:\/\/grandepremio.com\/br\/wp-json\/wp\/v2\/42wp_author?post=81814"}],"curies":[{"name":"wp","href":"https:\/\/api.w.org\/{rel}","templated":true}]}}