{"id":8185,"date":"2026-06-02T08:06:23","date_gmt":"2026-06-02T11:06:23","guid":{"rendered":"https:\/\/grandepremio.com\/br\/2026\/06\/02\/fia-tenta-ajuste-minimo-configuracao-motor-2027-ter-apoio-montadoras\/"},"modified":"2026-06-02T08:23:57","modified_gmt":"2026-06-02T11:23:57","slug":"fia-tenta-ajuste-minimo-configuracao-motor-2027-ter-apoio-montadoras","status":"publish","type":"post","link":"https:\/\/grandepremio.com\/br\/f1\/fia-tenta-ajuste-minimo-configuracao-motor-2027-ter-apoio-montadoras\/","title":{"rendered":"FIA tenta ajuste m\u00ednimo em configura\u00e7\u00e3o de motor de 2027 para ter apoio de montadoras"},"content":{"rendered":"\n<p class=\"wp-block-paragraph\">A novela dos motores para a<strong> temporada 2027 <\/strong>da <strong>F\u00f3rmula 1 <\/strong>ganhou mais um cap\u00edtulo nesta ter\u00e7a-feira (2). Em meio ao impasse aparentemente sem solu\u00e7\u00e3o diante da proposta para ampliar a participa\u00e7\u00e3o do motor a combust\u00e3o e reduzir a depend\u00eancia da bateria para 40%, a <strong>Federa\u00e7\u00e3o Internacional de Automobilismo<\/strong> (<strong>FIA<\/strong>) j\u00e1 trabalha com a possibilidade de um ajuste sutil nessa propor\u00e7\u00e3o para o ano que vem para que todas as equipes tenham tempo de trabalhar na mudan\u00e7a maior para 2028.<\/p>\n\n\n\n<p class=\"wp-block-paragraph\">A informa\u00e7\u00e3o \u00e9 do <em>Motorsport It\u00e1lia<\/em>, que explica que o <strong>ADUO <\/strong>(sigla para Oportunidades Adicionais de Desenvolvimento e Atualiza\u00e7\u00e3o, em tradu\u00e7\u00e3o livre) \u00e9 o que tem causado o racha entre as principais montadoras. No momento, apenas <strong>Mercedes <\/strong>e <strong>Red Bull<\/strong> concordam em alterar a atual configura\u00e7\u00e3o de 50\/50 entre motor a combust\u00e3o e parte el\u00e9trica j\u00e1 em 2027, enquanto a <strong>Ferrari <\/strong>tem se mantido irredut\u00edvel.<\/p>\n\n\n\n<figure class=\"wp-block-embed is-type-video is-provider-youtube wp-block-embed-youtube wp-embed-aspect-16-9 wp-has-aspect-ratio\"><div class=\"wp-block-embed__wrapper\">\n<iframe loading=\"lazy\" title=\"SURPRESAS EM M\u00d4NACO? POR QUE F1 PODE TER A MELHOR CORRIDA L\u00c1 | Paddock GP [grande premio]\" width=\"500\" height=\"281\" src=\"https:\/\/www.youtube.com\/embed\/WKJPRHKAmAg?start=387&amp;feature=oembed\" frameborder=\"0\" allow=\"accelerometer; autoplay; clipboard-write; encrypted-media; gyroscope; picture-in-picture; web-share\" referrerpolicy=\"strict-origin-when-cross-origin\" allowfullscreen><\/iframe>\n<\/div><\/figure>\n\n\n\n<p class=\"wp-block-paragraph\">A quest\u00e3o passa por v\u00e1rios pontos, conforme detalha a publica\u00e7\u00e3o. O primeiro \u00e9 que aumentar o motor a combust\u00e3o (e, consequentemente, o fluxo de combust\u00edvel) implica em reconstruir esse motor, al\u00e9m de redesenhar a transmiss\u00e3o e tamb\u00e9m o chassi, uma vez que os tanques atuais de combust\u00edvel n\u00e3o comportariam a quantidade necess\u00e1ria em uma divis\u00e3o 60\/40. Ou seja: um projeto totalmente novo que teria de sair do papel em cerca de seis meses.<\/p>\n\n\n\n<p class=\"wp-block-paragraph\">Entretanto, isso n\u00e3o seria problema para <strong>Mercedes <\/strong>e <strong>Red Bull<\/strong>, pois entende-se que as duas n\u00e3o ter\u00e3o direito \u00e0s concess\u00f5es para atualizar o motor, j\u00e1 que possuem as unidades de pot\u00eancia mais eficazes do grid. E sem terem de se preocupar com atualiza\u00e7\u00f5es, poderiam trabalhar na nova configura\u00e7\u00e3o a curto prazo.<\/p>\n\n\n\n<p class=\"wp-block-paragraph\">O mesmo n\u00e3o se aplica \u00e0 Ferrari, por exemplo, que planeja a nova vers\u00e3o do atual motor j\u00e1 para o<strong> GP da \u00c1ustria<\/strong>, oitavo da temporada, e espera introduzir uma segunda atualiza\u00e7\u00e3o ap\u00f3s as f\u00e9rias, no <strong>GP dos Pa\u00edses Baixos<\/strong>. O ranking do ADUO ser\u00e1 conhecido ap\u00f3s o <strong>GP de M\u00f4naco<\/strong>, neste final de semana.<\/p>\n\n\n\n<figure class=\"wp-block-image size-large\"><img decoding=\"async\" src=\"https:\/\/www.grandepremio.com\/br\/wp-content\/uploads\/2026\/05\/canada-corrida-f1-2026-ferrari-charles-leclerc-01-4-1200x800.jpeg\" alt=\"\" class=\"wp-image-1091171\"\/><figcaption class=\"wp-element-caption\">A Ferrari sem mant\u00e9m contra a mudan\u00e7a na configura\u00e7\u00e3o dos motores da F1 2027 (Foto: Ferrari)<\/figcaption><\/figure>\n\n\n\n<p class=\"wp-block-paragraph\">A Ferrari, na verdade, acredita que pode desafiar a Mercedes a partir da etapa em <strong>Zandvoort <\/strong>por conta do ADUO, mas se a FIA aprovar o aumento da pot\u00eancia do motor a combust\u00e3o para 2027, daria aos alem\u00e3es a chance de neutralizar qualquer inten\u00e7\u00e3o do time de Maranello de alcan\u00e7\u00e1-los a curto prazo. Na pr\u00e1tica, a Mercedes estaria um passo \u00e0 frente, j\u00e1 pensando no motor de 2027, enquanto a Ferrari ainda estaria presa no desenvolvimento do de 2026. <\/p>\n\n\n\n<p class=\"wp-block-paragraph\">Nesse imbr\u00f3glio, ainda encontram-se <strong>Audi<\/strong>, <strong>Honda <\/strong>e <strong>Cadillac<\/strong>. A marca das quatro argolas teme que uma mudan\u00e7a dr\u00e1stica na configura\u00e7\u00e3o da unidade de pot\u00eancia impacte o teto or\u00e7ament\u00e1rio, mas est\u00e1 aberta ao di\u00e1logo e mostrou-se mais favor\u00e1vel a uma modifica\u00e7\u00e3o menor, como o aumento de 5% atualmente em pauta. Cadillac, por sua vez, segue a posi\u00e7\u00e3o da Ferrari, enquanto Honda ainda se mant\u00e9m neutra.<\/p>\n\n\n\n<p class=\"wp-block-paragraph\" id=\"h-gp-experience-o-novo-produto-do-grande-premio-conecta-voce-aos-maiores-eventos-de-esporte-a-motor-do-mundo-va-para-indianapolis-com-a-gente-saiba-aqui-todos-os-detalhes\">A&nbsp;<strong>F\u00f3rmula 1<\/strong>&nbsp;volta neste fim de semana, de&nbsp;<strong>5 a 7 de junho<\/strong>, com o&nbsp;<strong>GP de M\u00f4naco<\/strong>, sexta etapa da temporada 2026. O&nbsp;<strong>GRANDE PR\u00caMIO<\/strong>&nbsp;acompanha todas as atividades<a href=\"https:\/\/www.grandepremio.com\/br\/ao-vivo\/f1\/\">&nbsp;<strong>AO VIVO E EM&nbsp;<\/strong><\/a><strong><a href=\"https:\/\/www.grandepremio.com\/br\/ao-vivo\/\" target=\"_blank\" rel=\"noreferrer noopener\">TEMPO REAL<\/a><\/strong>,&nbsp;<a href=\"https:\/\/www.youtube.com\/@GrandePremio1\/streams\">al\u00e9m de classifica\u00e7\u00e3o e corrida em&nbsp;<strong>SEGUNDA TELA&nbsp;<\/strong>no YouTube<\/a>, em parceria com a&nbsp;<strong>Voz do Esporte<\/strong>. O&nbsp;<strong>Briefing&nbsp;<\/strong>chega para analisar ap\u00f3s o fim de cada dia de atividades nas redes sociais e na&nbsp;<strong>GPTV<\/strong>.<\/p>\n\n\n\n<h2 class=\"wp-block-heading\" id=\"h-gp-de-monaco-de-f1-veja-os-horarios-em-brasil-cabo-verde-nbsp-portugal-angola-e-mocambique\"><strong>GP de M\u00f4naco de F1: veja os hor\u00e1rios em Brasil, Cabo Verde,&nbsp;<a href=\"https:\/\/grandepremio.pt\/\" target=\"_blank\" rel=\"noreferrer noopener\">Portugal<\/a>, Angola e Mo\u00e7ambique:<\/strong><\/h2>\n\n\n\n<figure class=\"wp-block-table\"><table class=\"has-fixed-layout\"><tbody><tr><td class=\"has-text-align-left\" data-align=\"left\"><strong>Sess\u00e3o<\/strong><\/td><td class=\"has-text-align-left\" data-align=\"left\"><strong>BRA*<\/strong><\/td><td class=\"has-text-align-left\" data-align=\"left\"><strong>CBV<\/strong><\/td><td class=\"has-text-align-left\" data-align=\"left\"><strong>POR<\/strong><br><strong>ANG<\/strong><\/td><td class=\"has-text-align-left\" data-align=\"left\"><strong>MOZ<\/strong><\/td><\/tr><tr><td class=\"has-text-align-left\" data-align=\"left\">Treino livre 1<\/td><td class=\"has-text-align-left\" data-align=\"left\">08:30<\/td><td class=\"has-text-align-left\" data-align=\"left\">10:30<\/td><td class=\"has-text-align-left\" data-align=\"left\">12:30<\/td><td class=\"has-text-align-left\" data-align=\"left\">13:30<\/td><\/tr><tr><td class=\"has-text-align-left\" data-align=\"left\">Treino livre 2<\/td><td class=\"has-text-align-left\" data-align=\"left\">12:00<\/td><td class=\"has-text-align-left\" data-align=\"left\">14:00<\/td><td class=\"has-text-align-left\" data-align=\"left\">16:00<\/td><td class=\"has-text-align-left\" data-align=\"left\">17:00<\/td><\/tr><tr><td class=\"has-text-align-left\" data-align=\"left\">Treino livre 3<\/td><td class=\"has-text-align-left\" data-align=\"left\">07:30<\/td><td class=\"has-text-align-left\" data-align=\"left\">09:30<\/td><td class=\"has-text-align-left\" data-align=\"left\">11:30<\/td><td class=\"has-text-align-left\" data-align=\"left\">12:30<\/td><\/tr><tr><td class=\"has-text-align-left\" data-align=\"left\">Classifica\u00e7\u00e3o<\/td><td class=\"has-text-align-left\" data-align=\"left\">11:00<\/td><td class=\"has-text-align-left\" data-align=\"left\">13:00<\/td><td class=\"has-text-align-left\" data-align=\"left\">15:00<\/td><td class=\"has-text-align-left\" data-align=\"left\">16:00<\/td><\/tr><tr><td class=\"has-text-align-left\" data-align=\"left\">Corrida<\/td><td class=\"has-text-align-left\" data-align=\"left\">10:00<\/td><td class=\"has-text-align-left\" data-align=\"left\">12:00<\/td><td class=\"has-text-align-left\" data-align=\"left\">14:00<\/td><td class=\"has-text-align-left\" data-align=\"left\">15:00<\/td><\/tr><\/tbody><\/table><\/figure>\n\n\n\n<p class=\"wp-block-paragraph\"><em>*Hor\u00e1rio de Bras\u00edlia<\/em><\/p>\n\n\n\n<p class=\"wp-block-paragraph\">\u25b6\ufe0f\u00a0<strong>F1:\u00a0<a href=\"https:\/\/www.grandepremio.com\/br\/f1\/calendario\/\">confira o calend\u00e1rio completo de 2026<\/a><\/strong><br>\u25b6\ufe0f\u00a0<strong>Inscreva-se nos dois canais do GRANDE PR\u00caMIO no YouTube:\u00a0<a href=\"https:\/\/www.youtube.com\/channel\/UC9OlHEgxoaY6QY6nWPoiqQg?sub_confirmation=1\">GP<\/a>\u00a0|\u00a0<a href=\"https:\/\/www.youtube.com\/channel\/UC9csiS6q_C3C0FYhyr1rnFA?sub_confirmation=1\">GPTV<\/a><\/strong><\/p>\n\n\n\n<h2 class=\"wp-block-heading\" id=\"h-f1-hoje-saiba-aqui-as-noticias-mais-importantes-do-dia-da-formula-1\"><strong>F1 hoje: saiba aqui as not\u00edcias mais importantes do dia da F\u00f3rmula 1<\/strong><\/h2>\n\n\n\n<p class=\"wp-block-paragraph\">A reda\u00e7\u00e3o do&nbsp;<strong>GRANDE PR\u00caMIO<\/strong>&nbsp;selecionou as not\u00edcias mais importantes das \u00faltimas horas para voc\u00ea ficar por dentro de tudo que acontece na F1.<\/p>\n\n\n\n<p class=\"wp-block-paragraph\">\u25b6\ufe0f<strong>\u00a0<a href=\"https:\/\/www.grandepremio.com\/br\/f1\/noticias\/chefe-mclaren-rechacar-saida-orgulho-impede-mudanca-ares\/\">Chefe da McLaren volta a recha\u00e7ar sa\u00edda e cita \u201corgulho\u201d que impede mudan\u00e7a de ares<\/a><br>\u25b6\ufe0f\u00a0<a href=\"https:\/\/www.grandepremio.com\/br\/f1\/noticias\/lance-stroll-revela-prazo-atualizacoes-aston-martin-avisa-nao-e-bastante-lutar\/\">Stroll revela prazo para atualiza\u00e7\u00f5es na Aston Martin, mas avisa: \u201cN\u00e3o \u00e9 bastante para lutar\u201d<\/a><br>\u25b6\ufe0f\u00a0<a href=\"https:\/\/www.grandepremio.com\/br\/f1\/noticias\/ferrari-fixa-data-estreia-motor-2-0-ja-planeja-2a-atualizacao-depois-ferias\/\">Ferrari fixa data para estreia de motor 2.0 e j\u00e1 planeja 2\u00aa atualiza\u00e7\u00e3o para depois das f\u00e9rias<\/a><br>\u25b6\ufe0f\u00a0<a href=\"https:\/\/www.grandepremio.com\/br\/f1\/noticias\/oliver-bearman-projeta-gp-de-monaco-sem-bobagem-lift-and-coast-demonstra-empolgacao\/\">Bearman projeta GP de M\u00f4naco \u201csem bobagem de lift and coast\u201d e demonstra empolga\u00e7\u00e3o<\/a><br>\u25b6\ufe0f\u00a0<a href=\"https:\/\/www.grandepremio.com\/br\/f1\/noticias\/por-que-acao-ex-funcionaria-expoe-escandalo-indica-williams-tem-dono-secreto\/\">Por que a\u00e7\u00e3o de ex-funcion\u00e1ria exp\u00f5e esc\u00e2ndalo e indica dono secreto na Williams<\/a><\/strong><\/p>\n\n\n\n<p class=\"wp-block-paragraph\"><\/p>\n\n\n\n<p class=\"wp-block-paragraph\"><\/p>\n","protected":false},"excerpt":{"rendered":"<p>De um lado, a Ferrari aposta que o ADUO vai coloc\u00e1-la em p\u00e9 de igualdade contra a Mercedes, mas se a FIA aprovar a configura\u00e7\u00e3o de 60\/40 nos motores de 2027 vai deixar a equipe de Brackley novamente um passo \u00e0 frente em desenvolvimento. Entenda<\/p>\n","protected":false},"author":0,"featured_media":1001091055,"comment_status":"closed","ping_status":"closed","sticky":false,"template":"","format":"standard","meta":{"42wp_featured_image_caption":"","42wp_featured_image_credits":"","42wp_featured_video":"","42wp_featured_image_hidden":false,"42wp_authors_list":[],"footnotes":""},"categories":[2],"tags":[970,729,26271,5273,147,29516,29148,207,103,180,31425,28995,30124,5100,39653,1491,28285,130,30840,82,2140,46103,4993,35129,204,31470],"42wp_author":[47147],"class_list":["post-8185","post","type-post","status-publish","format-standard","has-post-thumbnail","hentry","category-f1","tag-audi","tag-cadillac","tag-calendario-f1","tag-classificacao-f1","tag-f1","tag-f1-2026","tag-f1-hoje","tag-ferrari","tag-fia","tag-formula-1","tag-formula-1-2026","tag-formula-1-hoje","tag-gm","tag-gp-de-monaco","tag-gp-de-monaco-f1","tag-grande-premio","tag-grandepremio","tag-honda","tag-horarios-f1","tag-mercedes","tag-monaco","tag-monaco-2026","tag-monaco-f1","tag-onde-assistir-f1","tag-red-bull","tag-temporada-2026-f1","42wp_author-luana-marino"],"_links":{"self":[{"href":"https:\/\/grandepremio.com\/br\/wp-json\/wp\/v2\/posts\/8185","targetHints":{"allow":["GET"]}}],"collection":[{"href":"https:\/\/grandepremio.com\/br\/wp-json\/wp\/v2\/posts"}],"about":[{"href":"https:\/\/grandepremio.com\/br\/wp-json\/wp\/v2\/types\/post"}],"replies":[{"embeddable":true,"href":"https:\/\/grandepremio.com\/br\/wp-json\/wp\/v2\/comments?post=8185"}],"version-history":[{"count":1,"href":"https:\/\/grandepremio.com\/br\/wp-json\/wp\/v2\/posts\/8185\/revisions"}],"predecessor-version":[{"id":139112,"href":"https:\/\/grandepremio.com\/br\/wp-json\/wp\/v2\/posts\/8185\/revisions\/139112"}],"wp:featuredmedia":[{"embeddable":true,"href":"https:\/\/grandepremio.com\/br\/wp-json\/wp\/v2\/media\/1001091055"}],"wp:attachment":[{"href":"https:\/\/grandepremio.com\/br\/wp-json\/wp\/v2\/media?parent=8185"}],"wp:term":[{"taxonomy":"category","embeddable":true,"href":"https:\/\/grandepremio.com\/br\/wp-json\/wp\/v2\/categories?post=8185"},{"taxonomy":"post_tag","embeddable":true,"href":"https:\/\/grandepremio.com\/br\/wp-json\/wp\/v2\/tags?post=8185"},{"taxonomy":"42wp_author","embeddable":true,"href":"https:\/\/grandepremio.com\/br\/wp-json\/wp\/v2\/42wp_author?post=8185"}],"curies":[{"name":"wp","href":"https:\/\/api.w.org\/{rel}","templated":true}]}}