{"id":81989,"date":"2024-04-09T04:30:00","date_gmt":"2024-04-09T07:30:00","guid":{"rendered":"https:\/\/grandepremio.com\/br\/noticias\/maximilian-gunther-ainda-e-cedo-pensar-titulo-maserati-boa-posicao\/"},"modified":"2024-04-08T13:45:33","modified_gmt":"2024-04-08T16:45:33","slug":"maximilian-gunther-ainda-e-cedo-pensar-titulo-maserati-boa-posicao","status":"publish","type":"post","link":"https:\/\/grandepremio.com\/br\/formula-e\/maximilian-gunther-ainda-e-cedo-pensar-titulo-maserati-boa-posicao\/","title":{"rendered":"G\u00fcnther diz que &#8220;ainda \u00e9 cedo&#8221; para pensar em t\u00edtulo, mas v\u00ea Maserati &#8220;em boa posi\u00e7\u00e3o&#8221;"},"content":{"rendered":"\n<p class=\"wp-block-paragraph\">Vencedor do primeiro<a href=\"https:\/\/youtu.be\/FLMLjZyTeZ8\" target=\"_blank\" rel=\"noreferrer noopener\"> <strong>eP de T\u00f3quio<\/strong><\/a><strong> <\/strong>da hist\u00f3ria da <strong>F\u00f3rmula E<\/strong>, <strong>Maximilian G\u00fcnther <\/strong>evitou cravar a possibilidade de brigar pelo t\u00edtulo da temporada 2023\/24 mesmo ap\u00f3s um in\u00edcio forte. O alem\u00e3o, que pontuou em todas as corridas do campeonato at\u00e9 aqui, alcan\u00e7ou a quinta coloca\u00e7\u00e3o com o triunfo no <strong>Jap\u00e3o<\/strong> e se colocou a <strong>15<\/strong> <strong>pontos <\/strong>do l\u00edder <strong>Pascal<\/strong> <strong>Wehrlein<\/strong>, mas disse que &#8220;ainda \u00e9 cedo&#8221; para prever se a ta\u00e7a \u00e9 um objetivo palp\u00e1vel para este ano.<\/p>\n\n\n\n<p class=\"wp-block-paragraph\">&#8220;O in\u00edcio da temporada foi bom, fizemos um grande fim de semana em T\u00f3quio e mostramos um \u00f3timo ritmo em S\u00e3o Paulo&#8221;, disse G\u00fcnther em entrevista com presen\u00e7a do <strong>GRANDE PR\u00caMIO<\/strong>. &#8220;A equipe e o conjunto est\u00e3o se saindo muito bem. \u00c9 claro, quero ter uma grande temporada, acho que estamos em uma posi\u00e7\u00e3o muito boa, assim como outros seis pilotos tamb\u00e9m est\u00e3o. Ainda est\u00e1 cedo, mas queremos manter as coisas assim&#8221;, destacou.<\/p>\n\n\n\n<p class=\"wp-block-paragraph\">A pr\u00f3xima etapa, por\u00e9m, promete uma corrida bem diferente de T\u00f3quio. Ao contr\u00e1rio do apertado circuito urbano da capital japonesa, a estreia em <strong>Misano <\/strong>ter\u00e1 um aut\u00f3dromo permanente e uma prova marcada pela necessidade de gerenciar a energia, nos moldes de <strong>S\u00e3o<\/strong> <strong>Paulo<\/strong>. G\u00fcnther destacou a natureza diferente das corridas de pelot\u00e3o e ressaltou a import\u00e2ncia de buscar um bom resultado na \u00fanica corrida de casa da <strong>Maserati <\/strong>em 2024.<\/p>\n\n\n\n<p class=\"wp-block-paragraph\">&#8220;Realmente acho que temos uma boa sensa\u00e7\u00e3o em todas as pistas. Misano \u00e9 um desafio bem diferente do que vimos em T\u00f3quio. Estou me sentindo bem, a pista parece \u00f3tima, mas ser\u00e1 uma corrida com muito mais gest\u00e3o de energia. Ser\u00e1 mais din\u00e2mico, como vimos em S\u00e3o Paulo, por exemplo&#8221;, analisou.<\/p>\n\n\n\n<figure class=\"wp-block-image size-large\"><img decoding=\"async\" src=\"https:\/\/www.grandepremio.com\/br\/wp-content\/uploads\/2024\/03\/EPS1005_160229_AF21999-2048x2048-1-1024x683.jpg\" alt=\"\" class=\"wp-image-795335\"\/><figcaption class=\"wp-element-caption\">Apenas G\u00fcnther e Wehrlein pontuaram em todas as corridas da F\u00f3rmula E em 2024 (Foto: F\u00f3rmula E)<\/figcaption><\/figure>\n\n\n\n<p class=\"wp-block-paragraph\">&#8220;Muitas coisas podem acontecer nessas corridas&#8221;, afirmou. &#8220;Claro, levamos uma boa sensa\u00e7\u00e3o e um bom momento do fim de semana em T\u00f3quio, \u00e9 a corrida de casa da Maserati, ent\u00e3o, [estou] ansioso para correr l\u00e1&#8221;, finalizou.<\/p>\n\n\n\n<p class=\"wp-block-paragraph\">A rodada dupla de estreia do&nbsp;<strong>eP de&nbsp;<a href=\"https:\/\/www.grandepremio.com\/br\/circuito\/misano\/\" target=\"_blank\" rel=\"noreferrer noopener\">Misano<\/a><\/strong>&nbsp;est\u00e1 programada para acontecer entre os dias&nbsp;<strong>12 e 14 de abril<\/strong>. O&nbsp;<strong>GRANDE PR\u00caMIO<\/strong>&nbsp;transmite todas as atividades de pista&nbsp;<strong>AO VIVO<\/strong>&nbsp;e&nbsp;<strong>COM<\/strong>&nbsp;<strong>IMAGENS<\/strong>&nbsp;no&nbsp;<strong>YouTube<\/strong>.<\/p>\n\n\n\n<p class=\"wp-block-paragraph\"><strong><img decoding=\"async\" src=\"https:\/\/s.w.org\/images\/core\/emoji\/14.0.0\/svg\/25b6.svg\" alt=\"\u25b6\ufe0f\" style=\"width: 20px;\">\u00a0Inscreva-se nos dois canais do GRANDE PR\u00caMIO no YouTube:\u00a0<a href=\"https:\/\/www.youtube.com\/channel\/UC9OlHEgxoaY6QY6nWPoiqQg?sub_confirmation=1\" target=\"_blank\" rel=\"noreferrer noopener\">GP<\/a>\u00a0|\u00a0<a href=\"https:\/\/www.youtube.com\/channel\/UC9csiS6q_C3C0FYhyr1rnFA?sub_confirmation=1\" target=\"_blank\" rel=\"noreferrer noopener\">GP2<\/a><\/strong><br><strong><img decoding=\"async\" src=\"https:\/\/s.w.org\/images\/core\/emoji\/14.0.0\/svg\/25b6.svg\" alt=\"\u25b6\ufe0f\" style=\"width: 20px;\">\u00a0<a href=\"https:\/\/www.twitch.tv\/grandepremio\" target=\"_blank\" rel=\"noreferrer noopener\">Conhe\u00e7a o canal do GRANDE PR\u00caMIO na Twitch clicando aqui!<\/a><\/strong><\/p>\n\n\n\n<figure class=\"wp-block-embed is-type-video is-provider-youtube wp-block-embed-youtube wp-embed-aspect-16-9 wp-has-aspect-ratio\"><div class=\"wp-block-embed__wrapper\">\n<iframe loading=\"lazy\" title=\"F\u00d3RMULA E 2024 - eP DE T\u00d3QUIO | 5\u00aa etapa | Corrida\" width=\"500\" height=\"281\" src=\"https:\/\/www.youtube.com\/embed\/FLMLjZyTeZ8?feature=oembed\" frameborder=\"0\" allow=\"accelerometer; autoplay; clipboard-write; encrypted-media; gyroscope; picture-in-picture; web-share\" referrerpolicy=\"strict-origin-when-cross-origin\" allowfullscreen><\/iframe>\n<\/div><\/figure>\n","protected":false},"excerpt":{"rendered":"<p>Depois de alcan\u00e7ar a primeira vit\u00f3ria da temporada, Maximilian G\u00fcnther se colocou a 15 pontos da lideran\u00e7a na F\u00f3rmula E. No entanto, o alem\u00e3o evitou se colocar na batalha pelo t\u00edtulo e v\u00ea outros &#8220;seis pilotos&#8221; em condi\u00e7\u00f5es iguais de buscar o primeiro lugar<\/p>\n","protected":false},"author":0,"featured_media":1000795334,"comment_status":"closed","ping_status":"closed","sticky":false,"template":"","format":"standard","meta":{"42wp_featured_image_caption":"","42wp_featured_image_credits":"","42wp_featured_video":"","42wp_featured_image_hidden":false,"42wp_authors_list":[],"footnotes":""},"categories":[19],"tags":[28679,6853,37329,379,36881,840,35967,39009,1601,1491,30103,28285,8870,912,39008,36219,14976],"42wp_author":[47142],"class_list":["post-81989","post","type-post","status-publish","format-standard","has-post-thumbnail","hentry","category-formula-e","tag-calendario-formula-e","tag-classificacao-formula-e","tag-ep-de-misano","tag-fe","tag-fe-2024","tag-formula-e","tag-formula-e-2024","tag-formula-e-misano","tag-gen3","tag-grande-premio","tag-grande-premio-f1","tag-grandepremio","tag-maserati","tag-maximilian-gunther","tag-misano-eprix","tag-onde-assistir-formula-e","tag-rookie-test","42wp_author-jp-nascimento"],"_links":{"self":[{"href":"https:\/\/grandepremio.com\/br\/wp-json\/wp\/v2\/posts\/81989","targetHints":{"allow":["GET"]}}],"collection":[{"href":"https:\/\/grandepremio.com\/br\/wp-json\/wp\/v2\/posts"}],"about":[{"href":"https:\/\/grandepremio.com\/br\/wp-json\/wp\/v2\/types\/post"}],"replies":[{"embeddable":true,"href":"https:\/\/grandepremio.com\/br\/wp-json\/wp\/v2\/comments?post=81989"}],"version-history":[{"count":0,"href":"https:\/\/grandepremio.com\/br\/wp-json\/wp\/v2\/posts\/81989\/revisions"}],"wp:featuredmedia":[{"embeddable":true,"href":"https:\/\/grandepremio.com\/br\/wp-json\/wp\/v2\/media\/1000795334"}],"wp:attachment":[{"href":"https:\/\/grandepremio.com\/br\/wp-json\/wp\/v2\/media?parent=81989"}],"wp:term":[{"taxonomy":"category","embeddable":true,"href":"https:\/\/grandepremio.com\/br\/wp-json\/wp\/v2\/categories?post=81989"},{"taxonomy":"post_tag","embeddable":true,"href":"https:\/\/grandepremio.com\/br\/wp-json\/wp\/v2\/tags?post=81989"},{"taxonomy":"42wp_author","embeddable":true,"href":"https:\/\/grandepremio.com\/br\/wp-json\/wp\/v2\/42wp_author?post=81989"}],"curies":[{"name":"wp","href":"https:\/\/api.w.org\/{rel}","templated":true}]}}