{"id":81996,"date":"2024-04-09T04:00:45","date_gmt":"2024-04-09T07:00:45","guid":{"rendered":"https:\/\/grandepremio.com\/br\/noticias\/ferrari-bota-fe-charles-leclerc-classificacao-apesar-q1-comprometeu-japao\/"},"modified":"2024-04-09T06:57:34","modified_gmt":"2024-04-09T09:57:34","slug":"ferrari-bota-fe-charles-leclerc-classificacao-apesar-q1-comprometeu-japao","status":"publish","type":"post","link":"https:\/\/grandepremio.com\/br\/f1\/ferrari-bota-fe-charles-leclerc-classificacao-apesar-q1-comprometeu-japao\/","title":{"rendered":"Ferrari bota f\u00e9 em Leclerc em classifica\u00e7\u00e3o apesar de Q1 que &#8220;comprometeu&#8221; no Jap\u00e3o"},"content":{"rendered":"\n<p class=\"wp-block-paragraph\">Uma volta ruim no Q1 da classifica\u00e7\u00e3o foi o que, segundo a <strong>Ferrari<\/strong>, arruinou qualquer pretens\u00e3o de <strong>Charles Leclerc<\/strong> no <strong>GP do Jap\u00e3o<\/strong> de <strong><a href=\"https:\/\/www.grandepremio.com\/br\/f1\/\">F\u00f3rmula 1<\/a><\/strong>. Para <strong>Fr\u00e9d\u00e9ric Vasseur<\/strong>, chefe da equipe de <strong>Maranello<\/strong>, o #16 teve o final de semana comprometido por usar um segundo jogo de pneus para avan\u00e7ar no treino classificat\u00f3rio, o que ocasionou uma s\u00e9rie de epis\u00f3dios que condicionou o resultado do monegasco em Suzuka.<\/p>\n\n\n\n<p class=\"wp-block-paragraph\">A oitava posi\u00e7\u00e3o do grid de largada n\u00e3o mudou a opini\u00e3o do dirigente sobre Leclerc, que segue como um dos pilotos mais r\u00e1pidos em volta de classifica\u00e7\u00e3o da atualidade \u2014 s\u00e3o 23 pole-position no curr\u00edculo, mesmo contempor\u00e2neo das eras dominadoras da <strong>Mercedes<\/strong> e, posteriormente, <strong>Red Bull<\/strong>. O hist\u00f3rico de \u00e9 de superioridade ante seus companheiros de equipe, inclusive <strong>Carlos Sainz<\/strong> \u2014 47 x 28 no geral. Entretanto, est\u00e1 perdendo em 2024: 2&#215;1 para o espanhol.<\/p>\n\n\n\n<p class=\"wp-block-paragraph\">Sobre o Jap\u00e3o, Vasseur indicou que o acontecimento no Q1 foi o estopim para uma rea\u00e7\u00e3o em cadeia determinante para o resultado em Suzuka, onde <strong>Max Verstappen<\/strong> dominou as a\u00e7\u00f5es no <a href=\"https:\/\/www.grandepremio.com\/br\/f1\/noticias\/max-verstappen-exibe-poderio-red-bull-crava-pole-position-gp-japao-ferrari-sofre\/\">treino classificat\u00f3rio<\/a> e <a href=\"https:\/\/www.grandepremio.com\/br\/f1\/noticias\/max-verstappen-puxa-novo-1-2-red-bull-vence-duelo-tatico-pneus-gp-japao\/\">na corrida<\/a>. Com a utiliza\u00e7\u00e3o de um segundo conjunto de pneus ainda na fase inicial do treino, o monegasco chegou ao Q3 com apenas um jogo novo de compostos macios e que o fato pode ter obrigado Leclerc a uma abordagem mais cautelosa na parte decisiva da classifica\u00e7\u00e3o \u2014 algo que op\u00f4s as declara\u00e7\u00f5es do pr\u00f3prio piloto no s\u00e1bado (6), quando disse que <a href=\"https:\/\/www.grandepremio.com\/br\/f1\/noticias\/charles-leclerc-lamenta-falta-ritmo-ferrari-reclama-pneus-aderencia-nao-foi-boa\/\">\u201cacho que n\u00e3o teria feito melhor, dei tudo de mim em todas as curvas daquela volta no Q3\u201d<\/a>.<\/p>\n\n\n\n<p class=\"wp-block-paragraph\">\u201cN\u00e3o tiro conclus\u00e3o apenas com a classifica\u00e7\u00e3o. Perdemos um pouco do final de semana na primeira volta do Q1, quando Charles n\u00e3o conseguiu um grande tempo. Tivemos de usar um segundo jogo de pneus para n\u00e3o corrermos nenhum risco, o que nos deixou com apenas um conjunto de macios no Q3\u201d, revelou o chefe da Ferrari.<\/p>\n\n\n\n<figure class=\"wp-block-image size-large\"><img decoding=\"async\" src=\"https:\/\/www.grandepremio.com\/br\/wp-content\/uploads\/2024\/04\/japao-2024-f1-corrida-ferrari-charles-leclerc-afp-02-1024x682.jpg\" alt=\"\" class=\"wp-image-798081\"\/><figcaption class=\"wp-element-caption\">Charles Leclerc teve final de semana comprometido logo no Q1 (Foto: AFP)<\/figcaption><\/figure>\n\n\n\n<p class=\"wp-block-paragraph\">\u201cIsso faz com que voc\u00ea fique com o p\u00e9 atr\u00e1s, pois um erro pode acabar com tudo. N\u00e3o pudemos ter a abordagem correta. Estou convencido que Charles \u00e9 um dos melhores em volta r\u00e1pida. Logo estar\u00e1 de volta\u201d, completou.<\/p>\n\n\n\n<p class=\"wp-block-paragraph\">O chefe da Ferrari, entretanto, afirmou que o resultado de Leclerc n\u00e3o foi de todo modo ruim. Analisando somente a frieza dos n\u00fameros, Vasseur indicou que o desempenho no s\u00e1bado foi razo\u00e1vel \u2014 o #16 fez 1min28s786, sendo 0s589 mais lento que Max Verstappen, o pole-position, e 0s104 atr\u00e1s de Sainz, que largou em quarto.<\/p>\n\n\n\n<p class=\"wp-block-paragraph\">\u201cCharles foi l\u00facido ao admitir que n\u00e3o fez boa classifica\u00e7\u00e3o e que n\u00e3o estava feliz, afinal, seu companheiro de equipe foi quarto. Temos de analisar com olhar profundo, pois perdemos [um jogo de pneus] no Q1 e ficamos 0s1 atr\u00e1s do segundo grupo. N\u00e3o \u00e9 um desastre estar 0s5, 0s6 de dist\u00e2ncia [da pole]\u201d, disse.<\/p>\n\n\n\n<p class=\"wp-block-paragraph\">Vasseur aproveitou para analisar a estrat\u00e9gia desenvolvida pela Ferrari para Leclerc ganhar posi\u00e7\u00f5es no GP do Jap\u00e3o. Se tratando da pista de <strong>Suzuka<\/strong>, conhecida pela dificuldade em se fazer ultrapassagens, o time de Maranello optou por fazer somente um pit-stop para o monegasco, que ganhou quatro posi\u00e7\u00f5es e terminou no quarto lugar. O dirigente fez quest\u00e3o de ressaltar que o bom gerenciamento de pneus foi fundamental para o sucesso da iniciativa.<\/p>\n\n\n\n<figure class=\"wp-block-image size-large\"><img decoding=\"async\" src=\"https:\/\/www.grandepremio.com\/br\/wp-content\/uploads\/2024\/02\/leclerc-vasseur-1024x817.jpg\" alt=\"\" class=\"wp-image-778690\"\/><figcaption class=\"wp-element-caption\">Vasseur acredita que Leclerc logo voltar\u00e1 \u00e0s primeiras posi\u00e7\u00f5es no grid de largada (Foto: Reprodu\u00e7\u00e3o\/Formu1a.uno)<\/figcaption><\/figure>\n\n\n\n<p class=\"wp-block-paragraph\">\u201cSigo convencido de que estar com ar limpo era o melhor para fazer o pit, mas para Charles ganhar posi\u00e7\u00f5es o mais correto era fazer somente uma parada. A diferen\u00e7a n\u00e3o era grande, por\u00e9m, dependia da situa\u00e7\u00e3o e posicionamento em pista\u201d, explicou.<\/p>\n\n\n\n<p class=\"wp-block-paragraph\">\u201cS\u00f3 realizar uma parada \u00e9 mais dif\u00edcil, pois tudo precisa estar sob controle, al\u00e9m de que \u00e9 necess\u00e1rio segurar a tenta\u00e7\u00e3o de acelerar um pouco mais. Acho que ele fez isso muito bem\u201d, prosseguiu.<\/p>\n\n\n\n<p class=\"wp-block-paragraph\">Suzuka representou o fim de uma sequ\u00eancia de nove corridas que Leclerc largou entre os quatro primeiros no grid de largada. Desde o <strong>GP do Catar<\/strong> em 2023 at\u00e9 a <strong>Austr\u00e1lia<\/strong>, o monegasco partiu nas duas primeiras filas, com direto \u00e0s poles nos <strong>Estados Unidos<\/strong>, <strong>M\u00e9xico<\/strong> e <strong>Las Vegas<\/strong>.<\/p>\n\n\n\n<p class=\"wp-block-paragraph\">Baseado nesse hist\u00f3rico, Vasseur acredita que o piloto vai se recuperar j\u00e1 no <strong>GP da China<\/strong>, marcado entre os dias 19 e 21 de abril. Ali\u00e1s, ser\u00e3o duas chances no aut\u00f3dromo de <strong>Xangai<\/strong>, que receber\u00e1 a primeira corrida sprint da temporada.<\/p>\n\n\n\n<p class=\"wp-block-paragraph\">\u201cTeremos duas classifica\u00e7\u00f5es na China, duas oportunidades para fazermos um bom trabalho. Na minha mente est\u00e3o as vezes seguidas que ele largou no top-4\u201d, concluiu.<\/p>\n\n\n\n<p class=\"wp-block-paragraph\">A&nbsp;<a href=\"https:\/\/www.grandepremio.com\/br\/f1\/\" target=\"_blank\" rel=\"noreferrer noopener\"><\/a><a href=\"https:\/\/www.grandepremio.com\/br\/f1\/\" target=\"_blank\" rel=\"noreferrer noopener\">F\u00f3rmula 1<\/a>&nbsp;volta daqui a duas semanas, entre os dias&nbsp;<strong>19 e 21 de abril<\/strong>, para o&nbsp;<strong>GP da China<\/strong>, retorno da etapa ao calend\u00e1rio p\u00f3s-pandemia, com cobertura completa do&nbsp;<strong>GRANDE PR\u00caMIO<\/strong>.<\/p>\n\n\n\n<p class=\"wp-block-paragraph\"><strong><img decoding=\"async\" src=\"https:\/\/a.slack-edge.com\/production-standard-emoji-assets\/14.0\/google-medium\/25b6-fe0f.png\" alt=\":seta_para_frente:\">&nbsp;Inscreva-se nos dois canais do GRANDE PR\u00caMIO no YouTube:&nbsp;<a href=\"https:\/\/www.youtube.com\/channel\/UC9OlHEgxoaY6QY6nWPoiqQg?sub_confirmation=1\" target=\"_blank\" rel=\"noreferrer noopener\">GP<\/a>&nbsp;|&nbsp;<a href=\"https:\/\/www.youtube.com\/channel\/UC9csiS6q_C3C0FYhyr1rnFA?sub_confirmation=1\" target=\"_blank\" rel=\"noreferrer noopener\">GP2<\/a><\/strong><br><strong><img decoding=\"async\" src=\"https:\/\/a.slack-edge.com\/production-standard-emoji-assets\/14.0\/google-medium\/25b6-fe0f.png\" alt=\":seta_para_frente:\"><a href=\"https:\/\/www.twitch.tv\/grandepremio\" target=\"_blank\" rel=\"noreferrer noopener\">Conhe\u00e7a o canal do GRANDE PR\u00caMIO na Twitch clicando aqui!<\/a><\/strong><\/p>\n\n\n\n<figure class=\"wp-block-embed is-type-video is-provider-youtube wp-block-embed-youtube wp-embed-aspect-16-9 wp-has-aspect-ratio\"><div class=\"wp-block-embed__wrapper\">\n<iframe loading=\"lazy\" title=\"VERSTAPPEN VENCE, P\u00c9REZ 2\u00b0, SAINZ 3\u00b0: tudo sobre o GP do JAP\u00c3O da F1 2024 | Briefing\" width=\"500\" height=\"281\" src=\"https:\/\/www.youtube.com\/embed\/teu-xTZhgNM?feature=oembed\" frameborder=\"0\" allow=\"accelerometer; autoplay; clipboard-write; encrypted-media; gyroscope; picture-in-picture; web-share\" referrerpolicy=\"strict-origin-when-cross-origin\" allowfullscreen><\/iframe>\n<\/div><\/figure>\n","protected":false},"excerpt":{"rendered":"<p>Fr\u00e9d\u00e9ric Vasseur, chefe da Ferrari, disse que volta ruim do monegasco no Q1 causou rea\u00e7\u00e3o em cadeia que comprometeu final de semana em Suzuka<\/p>\n","protected":false},"author":0,"featured_media":1000797037,"comment_status":"closed","ping_status":"closed","sticky":false,"template":"","format":"standard","meta":{"42wp_featured_image_caption":"","42wp_featured_image_credits":"","42wp_featured_video":"","42wp_featured_image_hidden":false,"42wp_authors_list":[],"footnotes":""},"categories":[2],"tags":[26271,209,5273,147,3230,207,180,30909,1322,3023,1491,28285,30840,24855,38979,32659,35129,608,38980,32660,33301],"42wp_author":[47155],"class_list":["post-81996","post","type-post","status-publish","format-standard","has-post-thumbnail","hentry","category-f1","tag-calendario-f1","tag-charles-leclerc","tag-classificacao-f1","tag-f1","tag-f1-2024","tag-ferrari","tag-formula-1","tag-formula-1-2024","tag-frederic-vasseur","tag-gp-do-japao","tag-grande-premio","tag-grandepremio","tag-horarios-f1","tag-japao","tag-japao-2024","tag-japao-f1","tag-onde-assistir-f1","tag-suzuka","tag-suzuka-2024","tag-suzuka-f1","tag-temporada-2024-f1","42wp_author-daniel-balsa"],"_links":{"self":[{"href":"https:\/\/grandepremio.com\/br\/wp-json\/wp\/v2\/posts\/81996","targetHints":{"allow":["GET"]}}],"collection":[{"href":"https:\/\/grandepremio.com\/br\/wp-json\/wp\/v2\/posts"}],"about":[{"href":"https:\/\/grandepremio.com\/br\/wp-json\/wp\/v2\/types\/post"}],"replies":[{"embeddable":true,"href":"https:\/\/grandepremio.com\/br\/wp-json\/wp\/v2\/comments?post=81996"}],"version-history":[{"count":0,"href":"https:\/\/grandepremio.com\/br\/wp-json\/wp\/v2\/posts\/81996\/revisions"}],"wp:featuredmedia":[{"embeddable":true,"href":"https:\/\/grandepremio.com\/br\/wp-json\/wp\/v2\/media\/1000797037"}],"wp:attachment":[{"href":"https:\/\/grandepremio.com\/br\/wp-json\/wp\/v2\/media?parent=81996"}],"wp:term":[{"taxonomy":"category","embeddable":true,"href":"https:\/\/grandepremio.com\/br\/wp-json\/wp\/v2\/categories?post=81996"},{"taxonomy":"post_tag","embeddable":true,"href":"https:\/\/grandepremio.com\/br\/wp-json\/wp\/v2\/tags?post=81996"},{"taxonomy":"42wp_author","embeddable":true,"href":"https:\/\/grandepremio.com\/br\/wp-json\/wp\/v2\/42wp_author?post=81996"}],"curies":[{"name":"wp","href":"https:\/\/api.w.org\/{rel}","templated":true}]}}