{"id":82165,"date":"2024-04-07T05:30:00","date_gmt":"2024-04-07T08:30:00","guid":{"rendered":"https:\/\/grandepremio.com\/br\/noticias\/tem-formula-e-na-tv-hoje-saiba-quando-proxima-corrida\/"},"modified":"2024-04-03T12:17:54","modified_gmt":"2024-04-03T15:17:54","slug":"tem-formula-e-na-tv-hoje-saiba-quando-proxima-corrida","status":"publish","type":"post","link":"https:\/\/grandepremio.com\/br\/formula-e\/tem-formula-e-na-tv-hoje-saiba-quando-proxima-corrida\/","title":{"rendered":"Tem F\u00f3rmula E na TV hoje? Saiba quando \u00e9 a pr\u00f3xima corrida"},"content":{"rendered":"\n<p class=\"wp-block-paragraph\">Depois da segunda vit\u00f3ria da hist\u00f3ria da <strong>Maserati <\/strong>na <strong>F\u00f3rmula E<\/strong>, conquistada por <strong>Maximilian G\u00fcnther <\/strong>no <strong><a href=\"https:\/\/youtu.be\/FLMLjZyTeZ8\" target=\"_blank\" rel=\"noreferrer noopener\">eP de T\u00f3quio<\/a><\/strong>, a categoria retorna apenas entre os dias <strong>12 e 14 de abril<\/strong>, com a disputa do primeiro <strong>eP<\/strong> <strong>de Misano<\/strong>, que ter\u00e1 rodada dupla \u2014 com uma corrida no <strong>s\u00e1bado<\/strong> e outra no <strong>domingo<\/strong>. A It\u00e1lia recebe <strong>sexta <\/strong>e <strong>s\u00e9tima <\/strong>etapas da temporada, que teve <strong>cinco <\/strong>vencedores de <strong>cinco <\/strong>equipes distintas at\u00e9 aqui.<\/p>\n\n\n\n<p class=\"wp-block-paragraph\">O eP de Misano entrou no calend\u00e1rio da F\u00f3rmula E pela primeira vez em 2024 para substituir o <strong>eP de Roma<\/strong>, retirado por quest\u00f5es de seguran\u00e7a ap\u00f3s uma <a href=\"https:\/\/www.grandepremio.com\/br\/video\/formula-e\/sam-bird-causa-big-one-cinco-carros-paralisa-ep-de-roma-1-formula-e\/\" target=\"_blank\" rel=\"noreferrer noopener\">batida assustadora protagonizada<\/a> por <strong>Sam Bird <\/strong>no ano passado. Com <strong>3,3 km<\/strong> de extens\u00e3o, o tra\u00e7ado italiano tem <strong>14 curvas <\/strong>e <a href=\"https:\/\/www.grandepremio.com\/br\/formula-e\/noticias\/formula-e-nova-filosofia-divulga-tracado-edicao-inaugural-ep-de-misano\/\" target=\"_blank\" rel=\"noreferrer noopener\">j\u00e1 foi divulgado pela categoria<\/a>.<\/p>\n\n\n\n<p class=\"wp-block-paragraph\">A etapa italiana ainda vai promover um momento interessante da temporada, com a primeira atividade de 2024 dedicada exclusivamente a novatos. O <strong>treino livre 0<\/strong>, como \u00e9 chamado, vai contar com um carro de cada equipe, que vai escolher um piloto que n\u00e3o tenha experi\u00eancia em corridas da F\u00f3rmula E para participar. A <strong>Andretti <\/strong><a href=\"https:\/\/www.grandepremio.com\/br\/formula-e\/noticias\/andretti-confirma-zane-maloney-jak-crawford-testes-de-novatos-misano-berlim\/\" target=\"_blank\" rel=\"noreferrer noopener\">j\u00e1 confirmou que ter\u00e1 o barbadense<\/a> <strong>Zane Maloney<\/strong>, e a <strong>Abt Cupra <\/strong>vai com <strong>Tim Tramnitz<\/strong>.<\/p>\n\n\n\n<p class=\"wp-block-paragraph\">Depois de cinco etapas, cinco pilotos j\u00e1 venceram em 2024: <strong>Pascal Wehrlein <\/strong>[Porsche], <strong>Jake Dennis <\/strong>[Andretti], <strong>Nick Cassidy<\/strong> [Jaguar], <strong>Sam Bird <\/strong>[McLaren] e <strong>G\u00fcnther <\/strong>[Maserati]. O ex-F\u00f3rmula 1 lidera a competi\u00e7\u00e3o com <strong>62 pontos<\/strong>, <strong>dois <\/strong>a mais que o neozeland\u00eas. <strong>Oliver Rowland<\/strong>, Dennis e G\u00fcnther completam o top-5, que est\u00e1 separado por apenas <strong>15 tentos<\/strong>.<\/p>\n\n\n\n<p class=\"wp-block-paragraph\">O <strong>GRANDE PR\u00caMIO <\/strong>transmite todas as atividades de pista da temporada da F\u00f3rmula E <strong>AO<\/strong> <strong>VIVO <\/strong>e <strong>COM IMAGENS <\/strong><a href=\"https:\/\/www.youtube.com\/c\/GrandePremioTV\" target=\"_blank\" rel=\"noreferrer noopener\">na <strong>GPTV<\/strong><\/a>, canal do <strong>YouTube<\/strong>.<\/p>\n\n\n\n<p class=\"wp-block-paragraph\"><strong><img decoding=\"async\" style=\"width: 20px;\" src=\"https:\/\/s.w.org\/images\/core\/emoji\/14.0.0\/svg\/25b6.svg\" alt=\"\u25b6\ufe0f\">\u00a0Inscreva-se nos dois canais do GRANDE PR\u00caMIO no YouTube:\u00a0<a href=\"https:\/\/www.youtube.com\/channel\/UC9OlHEgxoaY6QY6nWPoiqQg?sub_confirmation=1\" target=\"_blank\" rel=\"noreferrer noopener\">GP<\/a>\u00a0|\u00a0<a href=\"https:\/\/www.youtube.com\/channel\/UC9csiS6q_C3C0FYhyr1rnFA?sub_confirmation=1\" target=\"_blank\" rel=\"noreferrer noopener\">GP2<\/a><\/strong><br><strong><img decoding=\"async\" style=\"width: 20px;\" src=\"https:\/\/s.w.org\/images\/core\/emoji\/14.0.0\/svg\/25b6.svg\" alt=\"\u25b6\ufe0f\">\u00a0<a href=\"https:\/\/www.twitch.tv\/grandepremio\" target=\"_blank\" rel=\"noreferrer noopener\">Conhe\u00e7a o canal do GRANDE PR\u00caMIO na Twitch clicando aqui!<\/a><\/strong><\/p>\n\n\n\n<figure class=\"wp-block-image size-large\"><img decoding=\"async\" src=\"https:\/\/www.grandepremio.com\/br\/wp-content\/uploads\/2024\/03\/EPS1005_160229_AF21999-2048x2048-1-1024x683.jpg\" alt=\"\" class=\"wp-image-795335\"\/><figcaption class=\"wp-element-caption\">Maximilian Gunther venceu a \u00faltima etapa disputada pela F\u00f3rmula E, em T\u00f3quio (Foto: F\u00f3rmula E)<\/figcaption><\/figure>\n\n\n\n<figure class=\"wp-block-embed is-type-video is-provider-youtube wp-block-embed-youtube wp-embed-aspect-16-9 wp-has-aspect-ratio\"><div class=\"wp-block-embed__wrapper\">\n<iframe loading=\"lazy\" title=\"F\u00d3RMULA E 2024 - eP DE T\u00d3QUIO | 5\u00aa etapa | Corrida\" width=\"500\" height=\"281\" src=\"https:\/\/www.youtube.com\/embed\/FLMLjZyTeZ8?feature=oembed\" frameborder=\"0\" allow=\"accelerometer; autoplay; clipboard-write; encrypted-media; gyroscope; picture-in-picture; web-share\" referrerpolicy=\"strict-origin-when-cross-origin\" allowfullscreen><\/iframe>\n<\/div><\/figure>\n","protected":false},"excerpt":{"rendered":"<p>Depois da primeira corrida da hist\u00f3ria da F\u00f3rmula E no Jap\u00e3o, saiba quando acontece a pr\u00f3xima corrida do calend\u00e1rio da categoria na temporada 2023\/24, o eP de Misano<\/p>\n","protected":false},"author":0,"featured_media":1000766769,"comment_status":"closed","ping_status":"closed","sticky":false,"template":"","format":"standard","meta":{"42wp_featured_image_caption":"","42wp_featured_image_credits":"","42wp_featured_video":"","42wp_featured_image_hidden":false,"42wp_authors_list":[],"footnotes":""},"categories":[19],"tags":[28679,6853,37329,32661,379,36881,840,35967,1601,1491,30103,28285,39008,36219],"42wp_author":[47142],"class_list":["post-82165","post","type-post","status-publish","format-standard","has-post-thumbnail","hentry","category-formula-e","tag-calendario-formula-e","tag-classificacao-formula-e","tag-ep-de-misano","tag-ep-de-toquio","tag-fe","tag-fe-2024","tag-formula-e","tag-formula-e-2024","tag-gen3","tag-grande-premio","tag-grande-premio-f1","tag-grandepremio","tag-misano-eprix","tag-onde-assistir-formula-e","42wp_author-jp-nascimento"],"_links":{"self":[{"href":"https:\/\/grandepremio.com\/br\/wp-json\/wp\/v2\/posts\/82165","targetHints":{"allow":["GET"]}}],"collection":[{"href":"https:\/\/grandepremio.com\/br\/wp-json\/wp\/v2\/posts"}],"about":[{"href":"https:\/\/grandepremio.com\/br\/wp-json\/wp\/v2\/types\/post"}],"replies":[{"embeddable":true,"href":"https:\/\/grandepremio.com\/br\/wp-json\/wp\/v2\/comments?post=82165"}],"version-history":[{"count":0,"href":"https:\/\/grandepremio.com\/br\/wp-json\/wp\/v2\/posts\/82165\/revisions"}],"wp:featuredmedia":[{"embeddable":true,"href":"https:\/\/grandepremio.com\/br\/wp-json\/wp\/v2\/media\/1000766769"}],"wp:attachment":[{"href":"https:\/\/grandepremio.com\/br\/wp-json\/wp\/v2\/media?parent=82165"}],"wp:term":[{"taxonomy":"category","embeddable":true,"href":"https:\/\/grandepremio.com\/br\/wp-json\/wp\/v2\/categories?post=82165"},{"taxonomy":"post_tag","embeddable":true,"href":"https:\/\/grandepremio.com\/br\/wp-json\/wp\/v2\/tags?post=82165"},{"taxonomy":"42wp_author","embeddable":true,"href":"https:\/\/grandepremio.com\/br\/wp-json\/wp\/v2\/42wp_author?post=82165"}],"curies":[{"name":"wp","href":"https:\/\/api.w.org\/{rel}","templated":true}]}}