{"id":82218,"date":"2024-04-07T00:45:00","date_gmt":"2024-04-07T03:45:00","guid":{"rendered":"https:\/\/grandepremio.com\/br\/noticias\/heikki-kovalainen-passa-bem-cirurgia-coracao-realizada-eua-prespectivas-sao-boas\/"},"modified":"2024-04-07T00:49:14","modified_gmt":"2024-04-07T03:49:14","slug":"heikki-kovalainen-passa-bem-cirurgia-coracao-realizada-eua-prespectivas-sao-boas","status":"publish","type":"post","link":"https:\/\/grandepremio.com\/br\/rally\/heikki-kovalainen-passa-bem-cirurgia-coracao-realizada-eua-prespectivas-sao-boas\/","title":{"rendered":"Kovalainen passa bem ap\u00f3s cirurgia no cora\u00e7\u00e3o realizada nos EUA: &#8220;Perspectivas s\u00e3o boas&#8221;"},"content":{"rendered":"\n<p class=\"wp-block-paragraph\"><strong>Heikki Kovalainen<\/strong> est\u00e1 se recuperando bem de uma cirurgia feita \u00e0s pressas no cora\u00e7\u00e3o. Neste s\u00e1bado (6), o finland\u00eas ex-<strong>F\u00f3rmula 1<\/strong> utilizou sua p\u00e1gina oficial no <strong>Instagram<\/strong> para atualizar seu estado de sa\u00fade.<\/p>\n\n\n\n<p class=\"wp-block-paragraph\">Com 42 anos de idade, <a href=\"https:\/\/www.grandepremio.com\/br\/rally\/noticias\/ex-f1-heikki-kovalainen-pausa-carreira-ralis-conta-cirurgia-coracao\/\">o piloto interrompeu a carreira no fim de 2023<\/a> na <strong>Extreme E<\/strong> e no <strong>Mundial de Rali <\/strong>ap\u00f3s ser diagnosticado com um aneurisma da aorta ascendente, ou seja, um peda\u00e7o de seu cora\u00e7\u00e3o estava com uma dilata\u00e7\u00e3o grande.<\/p>\n\n\n\n<p class=\"wp-block-paragraph\">\u201cFui operado na semana passada no Hospital Universit\u00e1rio de Tampa (EUA), na unidade card\u00edaca de l\u00e1. Havia uma equipe maravilhosa de m\u00e9dicos, enfermeiras e auxiliares que cuidaram de mim por l\u00e1. A cirurgia correu bem e conseguimos fazer exatamente o que planej\u00e1vamos&#8221;, disse Heikki.<\/p>\n\n\n\n<p class=\"wp-block-paragraph\">Por conta deste diagn\u00f3stico, o finland\u00eas vai precisar longe das pistas por um longo per\u00edodo. \u201cAs perspectivas s\u00e3o bastante boas. Existe uma chance de me recuperar completamente e voltar \u00e0 uma grande forma f\u00edsica, mas o tempo dir\u00e1 como tudo vai rolar. At\u00e9 agora, a estimativa \u00e9 boa, ent\u00e3o, estou satisfeito com isso&#8221;, falou.<\/p>\n\n\n\n<figure class=\"wp-block-image size-large\"><img decoding=\"async\" src=\"https:\/\/www.grandepremio.com\/br\/wp-content\/uploads\/2024\/03\/imagem_2024-03-05_145713329-1024x576.png\" alt=\"\" class=\"wp-image-784499\"\/><figcaption class=\"wp-element-caption\">Heikki Kovalainen em sua passagem pela McLaren em 2008 (Foto: Sky Sports)<\/figcaption><\/figure>\n\n\n\n<p class=\"wp-block-paragraph\">Kovalainen recebeu apoio de colegas e amigos pilotos. <strong>Lewis Hamilton<\/strong> deixou uma mensagem carinhosa. \u201cFique bom logo, Heikki, orando por voc\u00ea\u201d. <strong>Nick Cassidy<\/strong>, da <strong>F\u00f3rmula E<\/strong>, publicou seu apoio tamb\u00e9m. &#8220;Bom saber que tudo correu bem, amigo&#8221;. <strong>Mika Salo<\/strong>, ex-piloto da <strong>Tyrrell<\/strong>, manifestou-se em prol de sua boa recupera\u00e7\u00e3o. &#8220;For\u00e7a&#8221;.<\/p>\n\n\n\n<p class=\"wp-block-paragraph\">Kovalainen disputou 118 GP&#8217;s em sete temporadas, entre 2007 e 2013, com passagens pela <strong>Lotus<\/strong>, <strong>McLaren<\/strong>, <strong>Caterham<\/strong> e <strong>Renault<\/strong>. Conquistou uma \u00fanica vit\u00f3ria pela F1, no <strong>GP da Hungria<\/strong> em 2008. No mesmo ano, foi pole em <strong>Silverstone<\/strong>, ambos pela equipe de <strong>Ron Dennis<\/strong>. Foi ao p\u00f3dio outras tr\u00eas vezes: Jap\u00e3o (2007), Mal\u00e1sia e It\u00e1lia (2008).<\/p>\n\n\n\n<p class=\"wp-block-paragraph\"><strong><img decoding=\"async\" src=\"https:\/\/a.slack-edge.com\/production-standard-emoji-assets\/14.0\/google-medium\/25b6-fe0f.png\" alt=\":seta_para_frente:\">&nbsp;Inscreva-se nos dois canais do GRANDE PR\u00caMIO no YouTube:&nbsp;<a href=\"https:\/\/www.youtube.com\/channel\/UC9OlHEgxoaY6QY6nWPoiqQg?sub_confirmation=1\" target=\"_blank\" rel=\"noreferrer noopener\">GP<\/a>&nbsp;|&nbsp;<a href=\"https:\/\/www.youtube.com\/channel\/UC9csiS6q_C3C0FYhyr1rnFA?sub_confirmation=1\" target=\"_blank\" rel=\"noreferrer noopener\">GP2<\/a><\/strong><br><strong><img decoding=\"async\" src=\"https:\/\/a.slack-edge.com\/production-standard-emoji-assets\/14.0\/google-medium\/25b6-fe0f.png\" alt=\":seta_para_frente:\">&nbsp;<a href=\"https:\/\/www.twitch.tv\/grandepremio\" target=\"_blank\" rel=\"noreferrer noopener\">Conhe\u00e7a o canal do GRANDE PR\u00caMIO na Twitch clicando aqui!<\/a><\/strong><\/p>\n\n\n\n<figure class=\"wp-block-embed is-type-video is-provider-youtube wp-block-embed-youtube wp-embed-aspect-16-9 wp-has-aspect-ratio\"><div class=\"wp-block-embed__wrapper\">\n<iframe loading=\"lazy\" title=\"VERSTAPPEN VAI PASSEAR? F1 2024 no JAP\u00c3O: esquenta e pr\u00e9-corrida | Briefing\" width=\"500\" height=\"281\" src=\"https:\/\/www.youtube.com\/embed\/T8o6Um4keA4?feature=oembed\" frameborder=\"0\" allow=\"accelerometer; autoplay; clipboard-write; encrypted-media; gyroscope; picture-in-picture; web-share\" referrerpolicy=\"strict-origin-when-cross-origin\" allowfullscreen><\/iframe>\n<\/div><\/figure>\n","protected":false},"excerpt":{"rendered":"<p>Finland\u00eas precisou pausar sua carreira de maneira abrupta no fim de 2023 por conta de uma dilata\u00e7\u00e3o da aorta no cora\u00e7\u00e3o e atualizou estado de s\u00e1ude ap\u00f3s a opera\u00e7\u00e3o feita em Tampa (EUA)<\/p>\n","protected":false},"author":0,"featured_media":1000797973,"comment_status":"closed","ping_status":"closed","sticky":false,"template":"","format":"standard","meta":{"42wp_featured_image_caption":"","42wp_featured_image_credits":"","42wp_featured_video":"","42wp_featured_image_hidden":false,"42wp_authors_list":[],"footnotes":""},"categories":[5],"tags":[1118,147,180,840,677,87,680,90,288,2128,233,229,3064],"42wp_author":[47128],"class_list":["post-82218","post","type-post","status-publish","format-standard","has-post-thumbnail","hentry","category-rally","tag-caterham","tag-f1","tag-formula-1","tag-formula-e","tag-heikki-kovalainen","tag-lewis-hamilton","tag-lotus","tag-mclaren","tag-mundial-de-rali","tag-nick-cassidy","tag-rali","tag-renault","tag-tyrrell","42wp_author-guilherme-bloisi"],"_links":{"self":[{"href":"https:\/\/grandepremio.com\/br\/wp-json\/wp\/v2\/posts\/82218","targetHints":{"allow":["GET"]}}],"collection":[{"href":"https:\/\/grandepremio.com\/br\/wp-json\/wp\/v2\/posts"}],"about":[{"href":"https:\/\/grandepremio.com\/br\/wp-json\/wp\/v2\/types\/post"}],"replies":[{"embeddable":true,"href":"https:\/\/grandepremio.com\/br\/wp-json\/wp\/v2\/comments?post=82218"}],"version-history":[{"count":0,"href":"https:\/\/grandepremio.com\/br\/wp-json\/wp\/v2\/posts\/82218\/revisions"}],"wp:featuredmedia":[{"embeddable":true,"href":"https:\/\/grandepremio.com\/br\/wp-json\/wp\/v2\/media\/1000797973"}],"wp:attachment":[{"href":"https:\/\/grandepremio.com\/br\/wp-json\/wp\/v2\/media?parent=82218"}],"wp:term":[{"taxonomy":"category","embeddable":true,"href":"https:\/\/grandepremio.com\/br\/wp-json\/wp\/v2\/categories?post=82218"},{"taxonomy":"post_tag","embeddable":true,"href":"https:\/\/grandepremio.com\/br\/wp-json\/wp\/v2\/tags?post=82218"},{"taxonomy":"42wp_author","embeddable":true,"href":"https:\/\/grandepremio.com\/br\/wp-json\/wp\/v2\/42wp_author?post=82218"}],"curies":[{"name":"wp","href":"https:\/\/api.w.org\/{rel}","templated":true}]}}